{"id":276415,"date":"2025-12-07T19:34:10","date_gmt":"2025-12-07T19:34:10","guid":{"rendered":"https:\/\/www.europesays.com\/es\/276415\/"},"modified":"2025-12-07T19:34:10","modified_gmt":"2025-12-07T19:34:10","slug":"los-lideres-de-la-svm-frenan-en-seco-a-sus-aspirantes-y-comprimen-la-zona-media","status":"publish","type":"post","link":"https:\/\/www.europesays.com\/es\/276415\/","title":{"rendered":"Los l\u00edderes de la SVM frenan en seco a sus aspirantes y comprimen la zona media"},"content":{"rendered":"<p>                            <a id=\"CPContenido_hypImg\" rel=\"prettyPhoto[gallery-1] nofollow noopener\" href=\"http:\/\/www.rfevb.com\/Files\/Noticias\/ad-imgEs20251207082036.jpg\" target=\"_blank\"><img decoding=\"async\" id=\"CPContenido_imgNoticia\" title=\"Los l\u00edderes de la SVM frenan en seco a sus aspirantes y comprimen la zona media\" src=\"https:\/\/www.europesays.com\/es\/wp-content\/uploads\/2025\/12\/hanImgNot.ashx\"\/><\/a><br \/>\n                            <a id=\"CPContenido_hypDescargaImagen\" title=\"Descargar Imagen\" href=\"http:\/\/www.rfevb.com\/hanImgNot.ashx?src=ad-imgEs20251207082036.jpg&amp;fol=N&amp;post=1&amp;npost=1\" target=\"_blank\" rel=\"nofollow noopener\">&#13;<br \/>\n                                &#13;<br \/>\n                                    &#13;<br \/>\n                                &#13;<br \/>\n                            <\/a><\/p>\n<p class=\"wp-caption-text\">&#13;<br \/>\n                                Superliga Masculina &#8211; Jornada 8&#13;\n                            <\/p>\n<p>&#13;<br \/>\n\t<strong>La octava jornada de la Superliga Masculina 2025-2026 ha seguido la t\u00f3nica general de las anteriores, con una cima y una cola de la clasificaci\u00f3n inamovibles y un nudo intermedio cada vez m\u00e1s dif\u00edcil de desatar.<\/strong><\/p>\n<p>&#13;<br \/>\n\t<strong>Servigroup Playas de Benidorm<\/strong> aprovech\u00f3 su encuentro con <strong>Instercap Asisa Tarragona SPSP<\/strong> para reengancharse a la lucha por la Copa del Rey. Ese mismo objetivo tuvieron los protagonistas de dos encuentros muy igualados a priori.<strong> Cisneros La Laguna <\/strong>recibi\u00f3 a<strong> UC3M Voleibol Legan\u00e9s<\/strong> en Canarias con la idea de resolver su empate a puntos en la tabla. Los tinerfe\u00f1os lo lograron y mandaron a Legan\u00e9s a la d\u00e9cima plaza, su peor posici\u00f3n hasta ahora. Por su parte, <strong>Pamesa Teruel VB<\/strong> se sirvi\u00f3 del ruido de su afici\u00f3n para llevarse el encuentro contra<strong> Bus Leader San Roque<\/strong>. Los aragoneses se consolidan en la mitad superior de la clasificaci\u00f3n y los chicos del barrio se quedan justo por encima del temido corte. Mientras tanto, en la parte alta de la clasificaci\u00f3n el tr\u00edo de ases cumpli\u00f3, pero sus resultados sacudieron los pisos inferiores de la tabla. Las victorias de<strong> Grupo Herce Soria Voleibol<\/strong> y<strong> ConectaBalear CV Manacor <\/strong>sobre <strong>CV Melilla <\/strong>y <strong>Conqueridor Valencia<\/strong> respectivamente, hacen que estos dos \u00faltimos est\u00e9n ahora m\u00e1s cerca del pelot\u00f3n que de los l\u00edderes. Por su parte, la victoria de <strong>Guaguas <\/strong>sobre <strong>Unicaja Costa de Almer\u00eda <\/strong>mantiene a los verdes todav\u00eda en una decepcionante und\u00e9cima posici\u00f3n.\u00a0<\/p>\n<p>&#13;<br \/>\n\tLa jornada arranc\u00f3 el s\u00e1bado a las 17:00 en el Palau d\u2019Esports L\u2019Illa de Benidorm con el encuentro entre los dos colistas hasta el momento. Ambos colistas, cierto, pero en situaciones diferentes. Benidorm arranc\u00f3 la temporada con esperanzas y se ha ido desinflando con las semanas. Sin embargo, han demostrado que todav\u00eda no es tarde para darle la vuelta y con esta encadenan dos victorias consecutivas. La han logrado frente a un Tarragona que, pese a seguir a cero, consigue ganar su cuarto set de la temporada (3-1). De hecho, se llev\u00f3 el primero del partido gracias a la espl\u00e9ndida actuaci\u00f3n de Yusnier Morales y Marc Alomar. Del lado benidorm\u00ed, adem\u00e1s del saliente MVP Miguel \u00c1ngel Mart\u00ednez, sobresali\u00f3 un Xavier Fresquet extremadamente preciso.\u00a0<\/p>\n<p>&#13;<br \/>\n\tTambi\u00e9n a las 17:00, aunque eran las 18:00 en la Pen\u00ednsula, llegaron los de Legan\u00e9s al Juan R\u00edos Tejera para medirse contra Cisneros La Laguna. Empatados en la clasificaci\u00f3n en la zona de corte para la Copa del Rey, ambos equipos fueron a por los tres puntos en la cancha sin miramientos. De alguna manera, Cisneros fue marcando el ritmo del partido con m\u00e1s ataques exitosos y fallidos que su rival. Legan\u00e9s brill\u00f3 en la red, con Alejandro Vigil y Mois\u00e9s V\u00e1squez levantando un muro que hizo frente a los remates del tr\u00edo formado por Thomas Sleurink, Sergio Noda y V\u00edctor Andreu. Con todo, los madrile\u00f1os se dejaron tres sets por diferencia de dos (3-1) y se marchan de Tenerife con las manos vac\u00edas pese a lo igualado del encuentro. Cisneros, por su parte, coge ventaja y se establece en la zona media de la tabla.\u00a0<\/p>\n<p>&#13;<br \/>\n\tDespu\u00e9s fue el turno del partido entre ConectaBalear Manacor y Conqueridor Valencia, un encuentro en el que los baleares buscaban no darle m\u00e1s ventaja a la dupla Guaguas-Soria y en el que los valencianos vislumbraban el Top 3. Manacor apost\u00f3 por la defensa y la barrera de Carlos Nieves y, sobre todo, de un Alejandro Ribas imposible de rebasar se torn\u00f3 la pesadilla de los valencianos. El Conqueridor no rebaj\u00f3 la intensidad en ning\u00fan momento, pero s\u00ed que es cierto que terminaron yendo a la zaga de un Manacor que no cedi\u00f3 el control del partido. As\u00ed, Manacor se llev\u00f3 el partido 3 a 1, permaneciendo terceros, y los de Valencia empiezan a ser alcanzados por la marabunta intermedia.\u00a0<\/p>\n<p>&#13;<br \/>\n\tEn esa marabunta est\u00e1n los siguientes duelistas: Pamesa Teruel y Bus Leader San Roque. Los canarios viajaban a Arag\u00f3n despu\u00e9s de una temporada en la que est\u00e1n demostrando que tienen la capacidad para luchar por los puestos de Copa del Rey, dando m\u00e1s de un susto a equipos que parec\u00edan con un pie dentro. Por su parte, Teruel est\u00e1 empezando a darle la vuelta a una temporada discreta y este partido ha sido prueba de ello. Los chicos del barrio hicieron sudar a la afici\u00f3n de Los Planos durante los dos primeros sets, con un partido igualado al m\u00e1ximo, especialmente por la magia de dos opuestos estelares como Germ\u00e1n G\u00f3mez (Teruel) y Jon\u00e1s Ponzio (San Roque). Sin embargo, en el tercer set, fueron los turolenses los que llevaron la batuta y la presi\u00f3n ejercida por el pabell\u00f3n termin\u00f3 de desestabilizar a un San Roque que, pese a que volvi\u00f3 a la carga con todo en el cuarto set, no pudo rascar un punto de su visita (3-1). Teruel logra poner tierra de por medio y se establece en esa mitad alta, mientras que San Roque cae a una octava posici\u00f3n desde donde puede defender su pase a la Copa del Rey.\u00a0<\/p>\n<p>&#13;<br \/>\n\tEl \u00faltimo partido del s\u00e1bado se disput\u00f3 en un ajetreado Gran Canaria Arena, que ha visto numerosos encuentros este fin de semana. Guaguas recib\u00eda a Unicaja Costa de Almer\u00eda, que est\u00e1 en plena renovaci\u00f3n para darle un giro a un inicio de temporada dubitativo. Y es que los verdes parecen no encontrar el momento de entrar en este juego de la comba que es esta temporada de SVM. Pese a que jugadores como Pepe Villalba, Borja Ruiz o Bernardo Westermann han demostrado su brillantez en la pista, los esfuerzos almerienses no se materializan en puntos hasta el momento. Para muestra, el partido del s\u00e1bado, en el que un primer set agonizante que llev\u00f3 a ambos equipos al l\u00edmite (30-28), termin\u00f3 cayendo del lado canario gracias a un acertado Nico Bruno e hizo que los de Israel Rodr\u00edguez se desinflaran en los dos sets posteriores (3-0). Con esta victoria, Guaguas sigue l\u00edder y Unicaja permanece como pen\u00faltimo, todav\u00eda con margen de cambiar su suerte en esta primera vuelta.\u00a0<\/p>\n<p>&#13;<br \/>\n\tPara finalizar la jornada tuvimos que esperar al domingo por la tarde, cuando tuvo lugar el choque entre CV Melilla y Grupo Herce Soria en tierras norafricanas. La haza\u00f1a de la categor\u00eda femenina melillense no pudo repetirse en su contraparte masculina. Los gladiadores estuvieron inc\u00f3modos en el encuentro, pero consiguieron firmar parciales m\u00e1s que dignos ante un rival que jug\u00f3 a ganar desde el primer pitido. La realidad fue que, aunque Melilla no se achant\u00f3, siempre fue a la zaga de Soria, que era quien hac\u00eda las preguntas al rival. Especialmente brillante estuvo Omar Hoyos, ojo morado mediante, que supo equilibrar potencia y precisi\u00f3n en su actuaci\u00f3n. Del lado melillense, hay que destacar la labor de Dani Ruiz como l\u00edbero, que gestion\u00f3 notablemente los remates de Hoyos, Lindberg, Moreno y Mimoun. Con este resultado, Melilla se mantiene impert\u00e9rrita en la clasificaci\u00f3n, aunque Teruel empieza a acechar por detr\u00e1s, mientras que Soria sigue a un \u00fanico punto de Guaguas.\u00a0<\/p>\n","protected":false},"excerpt":{"rendered":"&#13; &#13; &#13; &#13; &#13; Superliga Masculina &#8211; Jornada 8&#13; &#13; La octava jornada de la Superliga Masculina&hellip;\n","protected":false},"author":2,"featured_media":276416,"comment_status":"","ping_status":"","sticky":false,"template":"","format":"standard","meta":{"footnotes":""},"categories":[5],"tags":[17,18,25,24,13,14,11,19,20,9,10,15,16,23,12,21,22],"class_list":{"0":"post-276415","1":"post","2":"type-post","3":"status-publish","4":"format-standard","5":"has-post-thumbnail","7":"category-titulares","8":"tag-breaking-news","9":"tag-breakingnews","10":"tag-es","11":"tag-espana","12":"tag-featured-news","13":"tag-featurednews","14":"tag-headlines","15":"tag-latest-news","16":"tag-latestnews","17":"tag-news","18":"tag-noticias","19":"tag-noticias-destacadas","20":"tag-noticiasdestacadas","21":"tag-spain","22":"tag-titulares","23":"tag-ultimas-noticias","24":"tag-ultimasnoticias"},"share_on_mastodon":{"url":"https:\/\/pubeurope.com\/@es\/115679964086138086","error":""},"_links":{"self":[{"href":"https:\/\/www.europesays.com\/es\/wp-json\/wp\/v2\/posts\/276415","targetHints":{"allow":["GET"]}}],"collection":[{"href":"https:\/\/www.europesays.com\/es\/wp-json\/wp\/v2\/posts"}],"about":[{"href":"https:\/\/www.europesays.com\/es\/wp-json\/wp\/v2\/types\/post"}],"author":[{"embeddable":true,"href":"https:\/\/www.europesays.com\/es\/wp-json\/wp\/v2\/users\/2"}],"replies":[{"embeddable":true,"href":"https:\/\/www.europesays.com\/es\/wp-json\/wp\/v2\/comments?post=276415"}],"version-history":[{"count":0,"href":"https:\/\/www.europesays.com\/es\/wp-json\/wp\/v2\/posts\/276415\/revisions"}],"wp:featuredmedia":[{"embeddable":true,"href":"https:\/\/www.europesays.com\/es\/wp-json\/wp\/v2\/media\/276416"}],"wp:attachment":[{"href":"https:\/\/www.europesays.com\/es\/wp-json\/wp\/v2\/media?parent=276415"}],"wp:term":[{"taxonomy":"category","embeddable":true,"href":"https:\/\/www.europesays.com\/es\/wp-json\/wp\/v2\/categories?post=276415"},{"taxonomy":"post_tag","embeddable":true,"href":"https:\/\/www.europesays.com\/es\/wp-json\/wp\/v2\/tags?post=276415"}],"curies":[{"name":"wp","href":"https:\/\/api.w.org\/{rel}","templated":true}]}}