{"id":276428,"date":"2025-12-07T19:48:14","date_gmt":"2025-12-07T19:48:14","guid":{"rendered":"https:\/\/www.europesays.com\/es\/276428\/"},"modified":"2025-12-07T19:48:14","modified_gmt":"2025-12-07T19:48:14","slug":"lyric-video-de-avenged-sevenfold-dirkschneider-and-the-old-gang-estrenan-video-reedicion-de-testament-caja-de-suffocation","status":"publish","type":"post","link":"https:\/\/www.europesays.com\/es\/276428\/","title":{"rendered":"Lyric v\u00eddeo de AVENGED SEVENFOLD. DIRKSCHNEIDER AND THE OLD GANG estrenan v\u00eddeo. Reedici\u00f3n de TESTAMENT. Caja de SUFFOCATION."},"content":{"rendered":"<p>\u00a0<\/p>\n<p style=\"text-align: center;\"><strong><a href=\"#AVENGED\">Lyric v\u00eddeo de AVENGED SEVENFOLD<\/a> \u2013 <a href=\"#DIRKSCHNEIDER\">DIRKSCHNEIDER AND THE OLD GANG estrenan v\u00eddeo<\/a> \u2013 <a href=\"#TESTAMENT\">Reedici\u00f3n de TESTAMENT<\/a> \u2013 <a href=\"#SUFFOCATION\">Caja de SUFFOCATION<\/a>.<\/strong><\/p>\n<p><a href=\"https:\/\/www.instagram.com\/avengedsevenfold\/\" target=\"_blank\" rel=\"noopener nofollow\"><strong>AVENGED SEVENFOLD<\/strong><\/a> han estrenado un nuevo lyric v\u00eddeo para el tema \u201cMagic\u201d.<\/p>\n<p>En este <a href=\"https:\/\/www.rafabasa.com\/2023\/06\/02\/avenged-sevenfold-devin-townsend-freedom-call\/#AVENGED_SEVENFOLD\" target=\"_blank\" rel=\"noopener nofollow\">bloque<\/a> pod\u00e9is escuchar \u00edntegro el \u00faltimo disco de <a href=\"https:\/\/www.instagram.com\/avengedsevenfold\/\" target=\"_blank\" rel=\"noopener nofollow\"><strong>AVENGED SEVENFOLD<\/strong><\/a> \u201cLife Is But A Dream\u2026\u201d aparecido el 2 de junio de 2023.<\/p>\n<p>Todos los detalles en esta <a href=\"https:\/\/www.rafabasa.com\/2023\/03\/14\/avenged-sevenfold-harem-scarem-the-dark-side-of-the-moon\/#AVENGED_SEVENFOLD\" target=\"_blank\" rel=\"noopener nofollow\">noticia<\/a> y sus \u00faltimos v\u00eddeos en <a href=\"https:\/\/www.rafabasa.com\/2023\/09\/21\/avenged-sevenfold-go-ahead-and-die-party-san-open-air\/#AVENGED_SEVENFOLD\" target=\"_blank\" rel=\"noopener nofollow\">esta<\/a>.<\/p>\n<p>Las \u00faltimas novedades del grupo en este <a href=\"https:\/\/www.rafabasa.com\/2020\/02\/07\/leo-jimenez-avenged-sevenfold-my-dying-bride-daeria-abisme\/#AVENGED_SEVENFOLD\" target=\"_blank\" rel=\"noopener nofollow\">bloque<\/a>.<\/p>\n<p><img fetchpriority=\"high\" decoding=\"async\" src=\"https:\/\/www.europesays.com\/es\/wp-content\/uploads\/2025\/12\/avenged_sevenfold2025_2.jpg\" alt=\"AVENGED SEVENFOLD\" width=\"400\" height=\"500\"\/><\/p>\n<p>\u00a0<\/p>\n<p>\u00a0<\/p>\n<p>A continuaci\u00f3n ten\u00e9is el nuevo v\u00eddeo de <a href=\"https:\/\/www.facebook.com\/dirkschneiderandtheoldgang\" target=\"_blank\" rel=\"noopener nofollow\"><strong>DIRKSCHNEIDER &amp; THE OLD GANG<\/strong><\/a> para el tema \u00abBabylon\u00bb.<\/p>\n<p>Su nuevo disco \u201cBabylon\u201d sali\u00f3 el 3 de octubre a trav\u00e9s de Reigning Phoenix Music.<\/p>\n<p>M\u00e1s detalles en esta <a href=\"https:\/\/www.rafabasa.com\/2025\/05\/06\/dirkschneider-and-the-old-gang-sebastian-bach-tesla\/#DIRKSCHNEIDER\" rel=\"nofollow noopener\" target=\"_blank\">noticia<\/a> y los v\u00eddeos anteriores en <a href=\"https:\/\/www.rafabasa.com\/2025\/11\/06\/mago-de-oz-dirkschneider-and-the-old-gang-graham-bonnet-master\/#DIRKSCHNEIDER\" rel=\"nofollow noopener\" target=\"_blank\">esta<\/a>.<\/p>\n<p>Dirkschneider nos <a href=\"https:\/\/www.rafabasa.com\/2025\/12\/01\/judas-priest-airbourne-dirkschneider-madness-live-anuncia-la-gira-de-tu-vida\/\" rel=\"nofollow noopener\" target=\"_blank\">visitar\u00e1 en verano<\/a> acompa\u00f1ando a JUDAS PRIEST con su banda DIRKSCHNEIDER.<\/p>\n<p>El vocalista ha <a href=\"https:\/\/www.rafabasa.com\/2025\/04\/30\/foreigner-udo-dirkschneider-mano-de-piedra\/#UDO\" rel=\"nofollow noopener\" target=\"_blank\">declarado<\/a> que no habr\u00e1 <a href=\"https:\/\/www.rafabasa.com\/2025\/03\/03\/u-d-o-nidhogg-enemy-inside\/#UDO\" rel=\"nofollow noopener\" target=\"_blank\">pr\u00f3ximo disco<\/a> de <a href=\"https:\/\/www.facebook.com\/udoonline\" target=\"_blank\" rel=\"noopener nofollow\"><strong>U.D.O.<\/strong><\/a> hasta finales de 2026 o principios de 2027.<\/p>\n<p><strong>Dirkschneider<\/strong> tambi\u00e9n <a href=\"https:\/\/www.rafabasa.com\/2025\/09\/19\/udo-dirkschneider-prepara-biografia-ep-de-envy-of-none-directo-de-jimi-jamison\/#Udo_Dirkschneider\" rel=\"nofollow noopener\" target=\"_blank\">prepara su autobiograf\u00eda<\/a>.<\/p>\n<p>El \u00faltimo \u00e1lbum de <a href=\"https:\/\/www.facebook.com\/udoonline\" target=\"_blank\" rel=\"noopener nofollow\"><strong>U.D.O.<\/strong><\/a>\u00a0\u00abTouchdown\u00bb apareci\u00f3 el 25 de agosto de 2023 a trav\u00e9s de Atomic Fire Records.<\/p>\n<p>M\u00e1s detalles en esta <a href=\"https:\/\/www.rafabasa.com\/2023\/08\/21\/u-d-o-a-z-asociacion-de-rock-titanium\/#UDO\" target=\"_blank\" rel=\"noopener nofollow\">noticia<\/a>.<\/p>\n<p><a href=\"https:\/\/www.facebook.com\/DIRKSCHNEIDEROfficial\" target=\"_blank\" rel=\"noopener nofollow\"><strong>DIRKSCHNEIDER<\/strong><\/a> editaron el 28 de febrero a trav\u00e9s de Reigning Phoenix Music una regrabaci\u00f3n del cl\u00e1sico disco de ACCEPT \u201cBalls To The Wall\u201d renombrada \u201cBalls To The Wall Reloaded\u201d.<\/p>\n<p>\u00a0<\/p>\n<p>\u00a0<\/p>\n<p>\u00a0<\/p>\n<p>El disco de <strong>TESTAMENT<\/strong> \u201cSouls Of Black\u201d ser\u00e1 reeditado el 6 de diciembre a trav\u00e9s de Nuclear Blast.<\/p>\n<p>El audio ser\u00e1 el del m\u00e1ster original y estar\u00e1 disponible en vinilo rojo con salpicado negro, CD, y casete rojo.<\/p>\n<p>El nuevo disco de <a href=\"https:\/\/www.testamentlegions.com\/\" target=\"_blank\" rel=\"noopener nofollow\"><strong>TESTAMENT<\/strong><\/a> \u201cPara Bellum\u201d sali\u00f3 el 10 de octubre a trav\u00e9s de Nuclear Blast.<\/p>\n<p>Todos los detalles en esta <a href=\"https:\/\/www.rafabasa.com\/2025\/08\/21\/testament-leprous-kansas-1914\/#TESTAMENT\" rel=\"nofollow noopener\" target=\"_blank\">noticia<\/a> y los singles aparecidos en <a href=\"https:\/\/www.rafabasa.com\/2025\/10\/10\/testament-john-5-the-pretty-reckless\/#TESTAMENT\" rel=\"nofollow noopener\" target=\"_blank\">esta<\/a>.<\/p>\n<p>Nuestra cr\u00edtica del disco en este <a href=\"https:\/\/www.rafabasa.com\/2025\/10\/16\/critica-del-cd-de-testament-para-bellum\/\" rel=\"nofollow noopener\" target=\"_blank\">enlace<\/a>.<\/p>\n<p>Tocar\u00e1n en ROCK IMPERIUM, Resurrection Fest y Barcelona Rock fest<\/p>\n<p><img loading=\"lazy\" decoding=\"async\" src=\"https:\/\/www.europesays.com\/es\/wp-content\/uploads\/2025\/12\/testament2025_7_500x267.jpg\" alt=\"TESTAMENT\" width=\"500\" height=\"267\"\/><\/p>\n<p>\u00a0<\/p>\n<p>\u00a0<\/p>\n<p>El 27 de febrero saldr\u00e1 a trav\u00e9s de Dissonance Productions una caja de <a href=\"https:\/\/www.suffocationofficial.com\/\" target=\"_blank\" rel=\"noopener nofollow\"><strong>SUFFOCATION<\/strong><\/a> titulada \u201cJesus Wept\u201d.<\/p>\n<p>Estos son los contenidos:<\/p>\n<p>Disco 1 \u2013 \u201cEffigy of the Forgotten\u201d<\/p>\n<ol>\n<li>Liege of Inveracity<\/li>\n<li>Effigy of the Forgotten<\/li>\n<li>Infecting the Crypts<\/li>\n<li>Seeds of the Suffering<\/li>\n<li>Habitual Infamy<\/li>\n<li>Reincremation<\/li>\n<li>Mass Obliteration<\/li>\n<li>Involuntary Slaughter<\/li>\n<li>Jesus Wept<\/li>\n<\/ol>\n<p>Disco 2 \u2013 \u201cBreeding the Spawn\u201d<\/p>\n<ol>\n<li>Beginning of Sorrow<\/li>\n<li>Breeding the Spawn<\/li>\n<li>Epitaph of the Credulous<\/li>\n<li>Marital Decimation<\/li>\n<li>Prelude to Repulsion<\/li>\n<li>Anomalistic Offerings<\/li>\n<li>Ornaments of Decrepancy<\/li>\n<li>Ignorant Deprivation<\/li>\n<\/ol>\n<p>Disco 3 \u2013 \u201cPierced From Within\u201d<\/p>\n<ol>\n<li>Pierced From Within<\/li>\n<li>Thrones of Blood<\/li>\n<li>Depths of Depravity<\/li>\n<li>Suspended in Tribulation<\/li>\n<li>Torn into Enthrallment<\/li>\n<li>The Invoking<\/li>\n<li>Synthetically Revived<\/li>\n<li>Brood of Hatred<\/li>\n<li>Breeding the Spawn<\/li>\n<\/ol>\n<p>Incluye tres CDs con los tres primeros discos del grupo editados por Roadrunner Records<\/p>\n<p>El libreto incluye notas del escritor David Gehlke, quien tambi\u00e9n ha realizado una nueva entrevista con el guitarrista original Doug Cerrito.<\/p>\n<p>La banda visitar\u00e1 Iberoam\u00e9rica en abril.<\/p>\n<p>El \u00faltimo disco de <a href=\"https:\/\/www.suffocationofficial.com\/\" target=\"_blank\" rel=\"noopener nofollow\"><strong>SUFFOCATION<\/strong><\/a> \u201cHymns From The Apocrypha\u201d sali\u00f3 el 3 de noviembre de 2023 a trav\u00e9s de Nuclear Blast.<\/p>\n<p>Todos los detalles en esta <a href=\"https:\/\/www.rafabasa.com\/2023\/09\/13\/suffocation-lordi-lillian-axe\/#SUFFOCATION\" target=\"_blank\" rel=\"noopener nofollow\">noticia<\/a> y los singles aparecidos en <a href=\"https:\/\/www.rafabasa.com\/2023\/11\/06\/skid-row-ya-piensan-en-su-proxima-obra-lyric-video-de-suffocation-voodoo-circle-estrenan-single-y-anuncian-recopilatorio\/#SUFFOCATION\" target=\"_blank\" rel=\"noopener nofollow\">esta<\/a>.<\/p>\n<p>\u00a0<\/p>\n<p align=\"center\"><strong>Sigue el\u00a0<a href=\"https:\/\/whatsapp.com\/channel\/0029VaCprxVBA1f555USvT2O\" target=\"_blank\" rel=\"nofollow noopener\">Canal de RAFABASA.COM en WhatsApp<\/a>, donde encontrar\u00e1s todas nuestras novedades al instante<\/strong><\/p>\n<p>\u00a0<\/p>\n<p>\u00a0<\/p>\n<p>\u00a0<\/p>\n<p>\u00a0<\/p>\n<p>        <script async src=\"\/\/www.instagram.com\/embed.js\"><\/script><\/p>\n","protected":false},"excerpt":{"rendered":"\u00a0 Lyric v\u00eddeo de AVENGED SEVENFOLD \u2013 DIRKSCHNEIDER AND THE OLD GANG estrenan v\u00eddeo \u2013 Reedici\u00f3n de TESTAMENT&hellip;\n","protected":false},"author":2,"featured_media":276429,"comment_status":"","ping_status":"","sticky":false,"template":"","format":"standard","meta":{"footnotes":""},"categories":[170],"tags":[54983,36354,146,147,25,24,184,185,23,67341,29934],"class_list":{"0":"post-276428","1":"post","2":"type-post","3":"status-publish","4":"format-standard","5":"has-post-thumbnail","7":"category-musica","8":"tag-avenged-sevenfold","9":"tag-dirkschneider-and-the-old-gang","10":"tag-entertainment","11":"tag-entretenimiento","12":"tag-es","13":"tag-espana","14":"tag-music","15":"tag-musica","16":"tag-spain","17":"tag-suffocation","18":"tag-testament"},"share_on_mastodon":{"url":"https:\/\/pubeurope.com\/@es\/115680019330833877","error":""},"_links":{"self":[{"href":"https:\/\/www.europesays.com\/es\/wp-json\/wp\/v2\/posts\/276428","targetHints":{"allow":["GET"]}}],"collection":[{"href":"https:\/\/www.europesays.com\/es\/wp-json\/wp\/v2\/posts"}],"about":[{"href":"https:\/\/www.europesays.com\/es\/wp-json\/wp\/v2\/types\/post"}],"author":[{"embeddable":true,"href":"https:\/\/www.europesays.com\/es\/wp-json\/wp\/v2\/users\/2"}],"replies":[{"embeddable":true,"href":"https:\/\/www.europesays.com\/es\/wp-json\/wp\/v2\/comments?post=276428"}],"version-history":[{"count":0,"href":"https:\/\/www.europesays.com\/es\/wp-json\/wp\/v2\/posts\/276428\/revisions"}],"wp:featuredmedia":[{"embeddable":true,"href":"https:\/\/www.europesays.com\/es\/wp-json\/wp\/v2\/media\/276429"}],"wp:attachment":[{"href":"https:\/\/www.europesays.com\/es\/wp-json\/wp\/v2\/media?parent=276428"}],"wp:term":[{"taxonomy":"category","embeddable":true,"href":"https:\/\/www.europesays.com\/es\/wp-json\/wp\/v2\/categories?post=276428"},{"taxonomy":"post_tag","embeddable":true,"href":"https:\/\/www.europesays.com\/es\/wp-json\/wp\/v2\/tags?post=276428"}],"curies":[{"name":"wp","href":"https:\/\/api.w.org\/{rel}","templated":true}]}}