{"id":276430,"date":"2025-12-07T19:49:25","date_gmt":"2025-12-07T19:49:25","guid":{"rendered":"https:\/\/www.europesays.com\/es\/276430\/"},"modified":"2025-12-07T19:49:25","modified_gmt":"2025-12-07T19:49:25","slug":"oscar-casas-protagoniza-un-spin-off-de-tres-metros-sobre-el-cielo-una-comedia-romantica-sin-sentido-que-encuentra-un-hueco-para-retratar-la-crisis-de-la-generacion","status":"publish","type":"post","link":"https:\/\/www.europesays.com\/es\/276430\/","title":{"rendered":"\u00d3scar Casas protagoniza un \u2018spin-off\u2019 de \u2018Tres metros sobre el cielo\u2019, una comedia rom\u00e1ntica sin sentido que encuentra un hueco para retratar la crisis de la generaci\u00f3n Z"},"content":{"rendered":"<p><img alt=\"'Me has robado el coraz\u00f3n'.\" class=\"global-image\" decoding=\"async\" fetchpriority=\"high\" height=\"3975\" loading=\"eager\" src=\"https:\/\/www.europesays.com\/es\/wp-content\/uploads\/2025\/12\/Y6HXLN5Q2BBTDCAIO5ULKHNCIM.jpg\" width=\"7067\"\/>&#8216;Me has robado el coraz\u00f3n&#8217;. (Sony Pictures Espa\u00f1a)<\/p>\n<p class=\"paragraph\">El cine rom\u00e1ntico adolescente no da tregua. Entre las mil y una <a href=\"https:\/\/www.infobae.com\/espana\/cultura\/2025\/09\/11\/ariana-godoy-la-escritora-superventas-de-sigue-mi-voz-antes-si-ibas-al-psicologo-te-decian-que-estabas-loca\/\" target=\"_blank\" rel=\"noreferrer nofollow noopener\" title=\"https:\/\/www.infobae.com\/espana\/cultura\/2025\/09\/11\/ariana-godoy-la-escritora-superventas-de-sigue-mi-voz-antes-si-ibas-al-psicologo-te-decian-que-estabas-loca\/\">adaptaciones de Wattpad<\/a>, donde chico malo conoce a chica buena, quedaba a\u00fan por encontrar una pincelada, un elemento real al que aferrarse para no creer que seguimos viendo otra historia con los clich\u00e9s m\u00e1s manidos del g\u00e9nero. <\/p>\n<p class=\"paragraph\">Algo as\u00ed intenta Me has robado el coraz\u00f3n, bajo la direcci\u00f3n de Chus Guti\u00e9rrez (Retorno a Hansal) y que ha llegado a los cines este viernes 5 de diciembre. Tras protagonizar <a href=\"https:\/\/www.infobae.com\/espana\/2023\/08\/22\/oscar-casas-mi-hermano-mario-me-ha-hecho-el-regalo-mas-bonito-con-esta-pelicula-me-ha-ensenado-la-profesion-desde-las-tripas\/\" target=\"_blank\" rel=\"noreferrer nofollow noopener\" title=\"https:\/\/www.infobae.com\/espana\/2023\/08\/22\/oscar-casas-mi-hermano-mario-me-ha-hecho-el-regalo-mas-bonito-con-esta-pelicula-me-ha-ensenado-la-profesion-desde-las-tripas\/\">Mi soledad tiene alas<\/a>, <b>\u00d3scar Casas <\/b>lidera esta comedia rom\u00e1ntica que podr\u00eda verse como <b>una versi\u00f3n alternativa<\/b>, un spin-off, de Tres metros sobre el cielo \u2014con gui\u00f1o incluido\u2014. Casas, como su hermano Mario en la cinta de 2010, donde dio vida a un machirulo t\u00f3xico, podr\u00eda haber ido al mismo gimnasio. Aqu\u00ed tiene buenas intenciones, aunque la moral sea bastante cuestionable. \u00c9l es Nacho, y <b>quiere robar un banco<\/b> porque, con 27 a\u00f1os, no consigue un ascenso como ingeniero en una big tech \u2014bien podr\u00edan ser las Big Four de Madrid\u2014 que hace que siga compartiendo piso con otros dos amigos, tambi\u00e9n del gremio. <\/p>\n<p><img alt=\"'Me has robado el coraz\u00f3n'.\" class=\"global-image\" decoding=\"async\" fetchpriority=\"low\" height=\"4484\" loading=\"lazy\" src=\"https:\/\/www.europesays.com\/es\/wp-content\/uploads\/2025\/12\/MERDKIMYL5DP3CVHRQ3EYFQCAE.jpg\" width=\"6722\"\/>&#8216;Me has robado el coraz\u00f3n&#8217;. (Sony Pictures Espa\u00f1a)<\/p>\n<p class=\"paragraph\">Entre citas de Tinder se topa con el personaje a quien da vida <b>Ana Jara <\/b>(Soy Luna, Camino a Arcadia), Vera, que lo acaba de dejar con su prometido, <b>Mario Marzo <\/b>(Los Protegidos). Una vez cometido el robo, la engan\u0303a para que sea su conductora en su huida hacia Galicia mientras la polic\u00eda, cuyo grupo lidera precisamente el t\u00edo de Nacho, <b>Luis Zahera<\/b> (As bestas), les persigue. <\/p>\n<p class=\"paragraph\">Si en Tres metros sobre el cielo se reutilizaba el t\u00f3pico de chica pija y adinerada que se enamoraba del chico (malo) de clase obrera, aqu\u00ed tampoco pod\u00eda ser de otra manera. Entre secretos, mentiras y un <b>road trip<\/b><b> en un Aston Martin<\/b> \u2014la protagonista es pija pija, con una familia que grita tener casa en Sotogrande\u2014 el pr\u00f3fugo y su no-c\u00f3mplice caen en un romance tan previsible como inevitable. <\/p>\n<p class=\"paragraph\">El reparto que les acompa\u00f1a refuerza precisamente ese <b>cruce entre comedia, cine de acci\u00f3n y <\/b><b>thriller<\/b>. Adem\u00e1s de Zahera, participan Antonio Pagudo (La que se avecina), Miguel de Lira (<a href=\"https:\/\/www.infobae.com\/espana\/2023\/06\/14\/los-creadores-de-rapa-desvelan-las-claves-de-la-segunda-temporada-de-la-exitosa-serie-de-movistar\/\" target=\"_blank\" rel=\"noreferrer nofollow noopener\" title=\"https:\/\/www.infobae.com\/espana\/2023\/06\/14\/los-creadores-de-rapa-desvelan-las-claves-de-la-segunda-temporada-de-la-exitosa-serie-de-movistar\/\">Rapa<\/a>), Ana Mil\u00e1n (F\u00edsica o qu\u00edmica) y Arturo Valls (Un funeral de locos), entre otros. Tambi\u00e9n el cantante y actor Pol Granch (\u00c9lite), que en 2021 fue tachado por la cantante Sara Socas de ser un \u201cmis\u00f3gino\u201d y de tratarle mal a ella y a otras mujeres.<\/p>\n<p class=\"paragraph\">Durante los 98 minutos que dura el largometraje, es dif\u00edcil no tensarse ante ciertos momentos que solo tolerar\u00eda un adolescente que est\u00e1 viendo una cinta de este tipo por primera vez. El <b>acento gallego impostado<\/b> de Casas es notable, y el sinsentido de algunas de las escenas hacen que se complete una trama bastante inveros\u00edmil en ciertos puntos de la historia, que, por cierto, est\u00e1 <b>inspirada en un hecho real <\/b>ocurrido en Estados Unidos. <\/p>\n<p><img alt=\"'Me has robado el coraz\u00f3n'.\" class=\"global-image\" decoding=\"async\" fetchpriority=\"low\" height=\"4600\" loading=\"lazy\" src=\"https:\/\/www.europesays.com\/es\/wp-content\/uploads\/2025\/12\/3OWBC5AZHVEJLOKHAIJSAYUEQM.jpg\" width=\"6897\"\/>&#8216;Me has robado el coraz\u00f3n&#8217;. (Sony Pictures Espa\u00f1a)<\/p>\n<p class=\"paragraph\">\u00bfC\u00f3mo es posible que, atracando un banco enfrente del domicilio del protagonista, ninguna c\u00e1mara capte que el ladr\u00f3n ha entrado al portal de enfrente, pero sea \u201cuno de los atracos m\u00e1s espectaculares de los \u00faltimos a\u00f1os\u201d? El final, del que no se har\u00e1 spoiler, tambi\u00e9n deja la misma duda.<\/p>\n<p class=\"paragraph\">Muy r\u00e1pido olvida los <b>matices m\u00e1s interesantes<\/b> por los que se plantea el atraco: la <a href=\"https:\/\/www.infobae.com\/espana\/2025\/09\/18\/el-precio-de-la-vivienda-frena-la-emancipacion-juvenil-en-espana-el-39-de-los-menores-de-35-anos-busca-vivienda-pero-solo-el-19-logra-comprar-o-alquilar\/\" target=\"_blank\" rel=\"noreferrer nofollow noopener\" title=\"https:\/\/www.infobae.com\/espana\/2025\/09\/18\/el-precio-de-la-vivienda-frena-la-emancipacion-juvenil-en-espana-el-39-de-los-menores-de-35-anos-busca-vivienda-pero-solo-el-19-logra-comprar-o-alquilar\/\">crisis de la vivienda<\/a>, la falta de oportunidades para los menores de 30 a\u00f1os o el peligro de las din\u00e1micas de las apps de citas. Si destaca algo es que, una vez pasada su primera media hora, la pel\u00edcula consigue estabilizarse gracias a la dulzura de Jara y a su qu\u00edmica con Casas. Tambi\u00e9n muy bien parada sale la banda sonora, con el uso de temas como El fin del mundo de La La Love You o Ya no te hago falta de Sen Senra, que encajan muy bien en la narrativa planteada.<\/p>\n<p class=\"paragraph\">Me has robado el coraz\u00f3n <a href=\"https:\/\/www.infobae.com\/espana\/cultura\/2025\/10\/08\/si-te-gusto-notting-hill-o-starstruck-esta-es-la-comedia-romantica-numero-1-en-netflix-que-no-te-puedes-perder-y-que-protagoniza-el-actor-de-lupin\/\" target=\"_blank\" rel=\"noreferrer nofollow noopener\" title=\"https:\/\/www.infobae.com\/espana\/cultura\/2025\/10\/08\/si-te-gusto-notting-hill-o-starstruck-esta-es-la-comedia-romantica-numero-1-en-netflix-que-no-te-puedes-perder-y-que-protagoniza-el-actor-de-lupin\/\">no reinventa el romance<\/a>, pero s\u00ed deja ver destellos de personalidad que se asoman entre sus contradicciones. Irregular y a ratos inveros\u00edmil, <b>busca algo de alma<\/b> en un g\u00e9nero cuyo p\u00fablico a\u00fan a\u00f1ora la \u00e9poca dorada de principios de siglo.<\/p>\n","protected":false},"excerpt":{"rendered":"&#8216;Me has robado el coraz\u00f3n&#8217;. (Sony Pictures Espa\u00f1a) El cine rom\u00e1ntico adolescente no da tregua. Entre las mil&hellip;\n","protected":false},"author":2,"featured_media":276431,"comment_status":"","ping_status":"","sticky":false,"template":"","format":"standard","meta":{"footnotes":""},"categories":[169],"tags":[67342,177,146,147,25,24,176,67343,67344,66430,175,22248,13086,7206,518,1032,23],"class_list":{"0":"post-276430","1":"post","2":"type-post","3":"status-publish","4":"format-standard","5":"has-post-thumbnail","7":"category-cine","8":"tag-ana-jara","9":"tag-cine","10":"tag-entertainment","11":"tag-entretenimiento","12":"tag-es","13":"tag-espana","14":"tag-film","15":"tag-foto-fija","16":"tag-la-diapo-ficcion-producciones","17":"tag-me-has-robado-el-corazon","18":"tag-movies","19":"tag-oscar-casas","20":"tag-prime-video","21":"tag-rodaje","22":"tag-rtve","23":"tag-sony","24":"tag-spain"},"share_on_mastodon":{"url":"https:\/\/pubeurope.com\/@es\/115680022731542371","error":""},"_links":{"self":[{"href":"https:\/\/www.europesays.com\/es\/wp-json\/wp\/v2\/posts\/276430","targetHints":{"allow":["GET"]}}],"collection":[{"href":"https:\/\/www.europesays.com\/es\/wp-json\/wp\/v2\/posts"}],"about":[{"href":"https:\/\/www.europesays.com\/es\/wp-json\/wp\/v2\/types\/post"}],"author":[{"embeddable":true,"href":"https:\/\/www.europesays.com\/es\/wp-json\/wp\/v2\/users\/2"}],"replies":[{"embeddable":true,"href":"https:\/\/www.europesays.com\/es\/wp-json\/wp\/v2\/comments?post=276430"}],"version-history":[{"count":0,"href":"https:\/\/www.europesays.com\/es\/wp-json\/wp\/v2\/posts\/276430\/revisions"}],"wp:featuredmedia":[{"embeddable":true,"href":"https:\/\/www.europesays.com\/es\/wp-json\/wp\/v2\/media\/276431"}],"wp:attachment":[{"href":"https:\/\/www.europesays.com\/es\/wp-json\/wp\/v2\/media?parent=276430"}],"wp:term":[{"taxonomy":"category","embeddable":true,"href":"https:\/\/www.europesays.com\/es\/wp-json\/wp\/v2\/categories?post=276430"},{"taxonomy":"post_tag","embeddable":true,"href":"https:\/\/www.europesays.com\/es\/wp-json\/wp\/v2\/tags?post=276430"}],"curies":[{"name":"wp","href":"https:\/\/api.w.org\/{rel}","templated":true}]}}