{"id":276462,"date":"2025-12-07T20:13:09","date_gmt":"2025-12-07T20:13:09","guid":{"rendered":"https:\/\/www.europesays.com\/es\/276462\/"},"modified":"2025-12-07T20:13:09","modified_gmt":"2025-12-07T20:13:09","slug":"1-0-el-espanyol-se-coloca-quinto-tras-superar-al-rayo-de-penalti","status":"publish","type":"post","link":"https:\/\/www.europesays.com\/es\/276462\/","title":{"rendered":"1-0. El Espanyol se coloca quinto tras superar al Rayo de penalti"},"content":{"rendered":"<p class=\"mb-4 text-lg md:leading-8 break-words\">Cornell\u00e0 de Llobregat (Barcelona), 7 dic (EFE).- El Espanyol derrot\u00f3 al Rayo Vallecano en el RCDE Stadium (1-0) con un gol de penalti de Roberto Fern\u00e1ndez en el minuto 39, una superioridad en el marcador apuntalada por la expulsi\u00f3n de Unai L\u00f3pez en el 64 por doble amarilla.<\/p>\n<p class=\"mb-4 text-lg md:leading-8 break-words\">El margen de error del Rayo era m\u00ednimo y su capacidad de reacci\u00f3n apenas existi\u00f3. El equipo madrile\u00f1o despert\u00f3n cuando Dolan vio la segunda tarjeta en el minuto 87, pero no lo suficiente para romper el dominio del equipo local, que sigue intratable en casa y se sit\u00faa quinto en la clasificaci\u00f3n.<\/p>\n<p class=\"mb-4 text-lg md:leading-8 break-words\">El Espanyol arranc\u00f3 fuerte, amenazando a Batalla con acercamientos de Pere Milla y Dolan y un remate de Calero desde el \u00e1rea peque\u00f1a que se fue desviado. Tras la ofensiva en los primeros compases, el Rayo reaccion\u00f3 a lo grande y un latigazo de Unai L\u00f3pez en el minuto 18 puso bajo los focos finalmente al portero Dmitrovic.<\/p>\n<p class=\"mb-4 text-lg md:leading-8 break-words\">El tono del duelo era distinto. El Rayo ten\u00eda el bal\u00f3n y los blanquiazules hab\u00edan perdido la p\u00f3lvora inicial. Los principales avisos eran del equipo visitante, aunque sin concretar la ventaja. El guion cambi\u00f3 en el minuto 37 tras una ca\u00edda de Dolan en el \u00e1rea en una acci\u00f3n con Pep Chavarr\u00eda.<\/p>\n<p class=\"mb-4 text-lg md:leading-8 break-words\">El \u00e1rbitro, asistido por el VAR, lo consider\u00f3 merecedor de pena m\u00e1xima, pese a las protestas del Rayo, y Roberto Fern\u00e1ndez marc\u00f3 el 1-0 con un derechazo que enga\u00f1\u00f3 a Batalla. Mendy, en el tramo final del primer tiempo, vio una tarjeta amarilla al cortar una carrera de Dolan, que se iba solo contra el portero.<\/p>\n<p class=\"mb-4 text-lg md:leading-8 break-words\">En la reanudaci\u00f3n, el Espanyol no sali\u00f3 a especular y empuj\u00f3 a su campo al Rayo Vallecano. Los periquitos buscaban rematar el duelo. Finalmente, el partido no se rompi\u00f3 por sus acercamientos, sino por la segunda amarilla que vio Unai L\u00f3pez en el minuto 64 tras una entrada sobre Urko.<\/p>\n<p class=\"mb-4 text-lg md:leading-8 break-words\">El Rayo Vallecano estaba con un menos. Las malas noticias pudieron seguir para el cuadro madrile\u00f1o por un posible penalti por mano de Mendy que finalmente qued\u00f3 en nada tras consultar con el VAR. Los pupilos de Manolo Gonz\u00e1lez, conscientes de su ventaja, manten\u00edan las revoluciones altas.<\/p>\n<p><img alt=\"\" loading=\"lazy\" width=\"960\" height=\"638\" decoding=\"async\" data-nimg=\"1\" class=\"rounded-lg\" style=\"color:transparent\" src=\"https:\/\/www.europesays.com\/es\/wp-content\/uploads\/2025\/12\/862c3103b6d29e6d90c932bef4ba2ce0.jpeg\"\/><\/p>\n<p class=\"mb-4 text-lg md:leading-8 break-words\">Batalla ataj\u00f3 un disparo de Dolan, uno de los m\u00e1s activos en ataque del Espanyol. El Rayo no aparec\u00eda en el \u00e1rea contraria y el equipo local no daba pasos atr\u00e1s, aunque con cabeza. Los blanquiazules lo ten\u00edan todo de cara y se demostr\u00f3 con un gol, anulado por fuera de juego, de Kike Garc\u00eda en el minuto 82.<\/p>\n<p class=\"mb-4 text-lg md:leading-8 break-words\">El dominio era del Espanyol por completo, aunque la segunda amarilla a Dolan, en el minuto 87, a\u00f1adi\u00f3 algo de incertidumbre para los siete de tiempo a\u00f1adido. El Rayo apret\u00f3 los dientes en el desenlace, pero el Espanyol no cedi\u00f3 los tres puntos y se coloca quinto en la clasificaci\u00f3n.<\/p>\n<p class=\"mb-4 text-lg md:leading-8 break-words\">&#8211; Ficha t\u00e9cnica:<\/p>\n<p class=\"mb-4 text-lg md:leading-8 break-words\">1 &#8211; Espanyol: Dimitrovic; El Hilali, Cabrera, Calero, Romero; Urko, Pol Lozano (Pickel, min.56), Exp\u00f3sito (Terrats, min.80); Pere Milla (Rub\u00e9n S\u00e1nchez, min.89), Dolan y Roberto Fern\u00e1ndez (Kike Garc\u00eda, min.80).<\/p>\n<p class=\"mb-4 text-lg md:leading-8 break-words\">0 &#8211; Rayo Vallecano: Batalla; Ratiu, Pep Chavarr\u00eda, Lejeune, Mendy (Nteka, min.86); Unai L\u00f3pez, Oscar Valent\u00edn, Gumbau (Camello, min.52); Isi, Fran P\u00e9rez (Balliu, min.70) y De Frutos (\u00c1lvaro, min.70).<\/p>\n<p class=\"mb-4 text-lg md:leading-8 break-words\">Gol: 1-0, min.39: Roberto Fern\u00e1ndez, de penalti.<\/p>\n<p class=\"mb-4 text-lg md:leading-8 break-words\">\u00c1rbitro: S\u00e1nchez Mart\u00ednez (comit\u00e9 murciano). Expuls\u00f3 por dodble amarilla a Unai L\u00f3pez (min.16 y min.64) y a Dolan (min.77 y min.87) Amonest\u00f3 a Pol Lozano (min.30), Mendy (min.42), Gumbau (min.50), \u00d3scar Valent\u00edn (min.63), Pep Chavarr\u00eda (min.74), Urko (min.76), Batalla (min.87) y Balliu (min.96).<\/p>\n<p class=\"mb-4 text-lg md:leading-8 break-words\">Incidencias: partido correspondiente a la decimoquinta jornada de LaLiga EA Sports disputado en el RCDE Stadium ante 28.110 espectadores.<\/p>\n<p class=\"mb-4 text-lg md:leading-8 break-words\">(c) Agencia EFE<\/p>\n","protected":false},"excerpt":{"rendered":"Cornell\u00e0 de Llobregat (Barcelona), 7 dic (EFE).- El Espanyol derrot\u00f3 al Rayo Vallecano en el RCDE Stadium (1-0)&hellip;\n","protected":false},"author":2,"featured_media":276463,"comment_status":"","ping_status":"","sticky":false,"template":"","format":"standard","meta":{"footnotes":""},"categories":[93],"tags":[39177,168,67349,25,24,16789,14382,27901,23,167,67348],"class_list":{"0":"post-276462","1":"post","2":"type-post","3":"status-publish","4":"format-standard","5":"has-post-thumbnail","7":"category-deportes","8":"tag-cornella-de-llobregat","9":"tag-deportes","10":"tag-dolan","11":"tag-es","12":"tag-espana","13":"tag-espanyol","14":"tag-rayo-vallecano","15":"tag-roberto-fernandez","16":"tag-spain","17":"tag-sports","18":"tag-unai-lopez"},"share_on_mastodon":{"url":"https:\/\/pubeurope.com\/@es\/115680117436598013","error":""},"_links":{"self":[{"href":"https:\/\/www.europesays.com\/es\/wp-json\/wp\/v2\/posts\/276462","targetHints":{"allow":["GET"]}}],"collection":[{"href":"https:\/\/www.europesays.com\/es\/wp-json\/wp\/v2\/posts"}],"about":[{"href":"https:\/\/www.europesays.com\/es\/wp-json\/wp\/v2\/types\/post"}],"author":[{"embeddable":true,"href":"https:\/\/www.europesays.com\/es\/wp-json\/wp\/v2\/users\/2"}],"replies":[{"embeddable":true,"href":"https:\/\/www.europesays.com\/es\/wp-json\/wp\/v2\/comments?post=276462"}],"version-history":[{"count":0,"href":"https:\/\/www.europesays.com\/es\/wp-json\/wp\/v2\/posts\/276462\/revisions"}],"wp:featuredmedia":[{"embeddable":true,"href":"https:\/\/www.europesays.com\/es\/wp-json\/wp\/v2\/media\/276463"}],"wp:attachment":[{"href":"https:\/\/www.europesays.com\/es\/wp-json\/wp\/v2\/media?parent=276462"}],"wp:term":[{"taxonomy":"category","embeddable":true,"href":"https:\/\/www.europesays.com\/es\/wp-json\/wp\/v2\/categories?post=276462"},{"taxonomy":"post_tag","embeddable":true,"href":"https:\/\/www.europesays.com\/es\/wp-json\/wp\/v2\/tags?post=276462"}],"curies":[{"name":"wp","href":"https:\/\/api.w.org\/{rel}","templated":true}]}}