{"id":276475,"date":"2025-12-07T20:20:09","date_gmt":"2025-12-07T20:20:09","guid":{"rendered":"https:\/\/www.europesays.com\/es\/276475\/"},"modified":"2025-12-07T20:20:09","modified_gmt":"2025-12-07T20:20:09","slug":"joel-parra-tope-puntos-y-valoracion","status":"publish","type":"post","link":"https:\/\/www.europesays.com\/es\/276475\/","title":{"rendered":"Joel Parra tope puntos y valoraci\u00f3n"},"content":{"rendered":"<p><strong>Joel Parra<\/strong> complet\u00f3 en la Jornada 9 de la Liga Endesa 2025-26 el mejor partido de su carrera en t\u00e9rminos estad\u00edsticos.<\/p>\n<p>El alero del Bar\u00e7a lider\u00f3 la ofensiva azulgrana con unos n\u00fameros de 24 puntos, 7\/7 en tiros de dos, 2\/2 en triples, y 4\/5 en tiros libres, 9 rebotes y 34 de valoraci\u00f3n. Su desempe\u00f1o adquiri\u00f3 todav\u00eda mayor brillo dado que el internacional con Espa\u00f1a estableci\u00f3 una nueva mejor marca personal acb de puntos (24) y valoraci\u00f3n (34).<\/p>\n<p>A Parra se le escap\u00f3 de las manos el partido perfecto en lanzamiento solo por un tiro libre errado. El resto de lanzamientos (9 tiros de campo) encontraron todos buen puerto.<\/p>\n<p>Hasta este domingo, las mejores marcas de Parra en Liga Endesa eran 23 puntos (temporada 2022-23, jugando en el Joventut Badalona) y 26 cr\u00e9ditos de valoraci\u00f3n (tambi\u00e9n en la campa\u00f1a 2022-23 con la Penya).<\/p>\n<p>Curiosamente, la mejor marca acb de Joel Parra en triples (seis, temporada 2023-24) y asistencias (cinco, 2024-25), tambi\u00e9n se produjeron con el MoraBanc Andorra como rival.<\/p>\n","protected":false},"excerpt":{"rendered":"Joel Parra complet\u00f3 en la Jornada 9 de la Liga Endesa 2025-26 el mejor partido de su carrera&hellip;\n","protected":false},"author":2,"featured_media":276476,"comment_status":"","ping_status":"","sticky":false,"template":"","format":"standard","meta":{"footnotes":""},"categories":[5],"tags":[17,18,25,24,13,14,11,19,20,9,10,15,16,23,12,21,22],"class_list":{"0":"post-276475","1":"post","2":"type-post","3":"status-publish","4":"format-standard","5":"has-post-thumbnail","7":"category-titulares","8":"tag-breaking-news","9":"tag-breakingnews","10":"tag-es","11":"tag-espana","12":"tag-featured-news","13":"tag-featurednews","14":"tag-headlines","15":"tag-latest-news","16":"tag-latestnews","17":"tag-news","18":"tag-noticias","19":"tag-noticias-destacadas","20":"tag-noticiasdestacadas","21":"tag-spain","22":"tag-titulares","23":"tag-ultimas-noticias","24":"tag-ultimasnoticias"},"share_on_mastodon":{"url":"https:\/\/pubeurope.com\/@es\/115680144436734851","error":""},"_links":{"self":[{"href":"https:\/\/www.europesays.com\/es\/wp-json\/wp\/v2\/posts\/276475","targetHints":{"allow":["GET"]}}],"collection":[{"href":"https:\/\/www.europesays.com\/es\/wp-json\/wp\/v2\/posts"}],"about":[{"href":"https:\/\/www.europesays.com\/es\/wp-json\/wp\/v2\/types\/post"}],"author":[{"embeddable":true,"href":"https:\/\/www.europesays.com\/es\/wp-json\/wp\/v2\/users\/2"}],"replies":[{"embeddable":true,"href":"https:\/\/www.europesays.com\/es\/wp-json\/wp\/v2\/comments?post=276475"}],"version-history":[{"count":0,"href":"https:\/\/www.europesays.com\/es\/wp-json\/wp\/v2\/posts\/276475\/revisions"}],"wp:featuredmedia":[{"embeddable":true,"href":"https:\/\/www.europesays.com\/es\/wp-json\/wp\/v2\/media\/276476"}],"wp:attachment":[{"href":"https:\/\/www.europesays.com\/es\/wp-json\/wp\/v2\/media?parent=276475"}],"wp:term":[{"taxonomy":"category","embeddable":true,"href":"https:\/\/www.europesays.com\/es\/wp-json\/wp\/v2\/categories?post=276475"},{"taxonomy":"post_tag","embeddable":true,"href":"https:\/\/www.europesays.com\/es\/wp-json\/wp\/v2\/tags?post=276475"}],"curies":[{"name":"wp","href":"https:\/\/api.w.org\/{rel}","templated":true}]}}