{"id":276511,"date":"2025-12-07T20:56:11","date_gmt":"2025-12-07T20:56:11","guid":{"rendered":"https:\/\/www.europesays.com\/es\/276511\/"},"modified":"2025-12-07T20:56:11","modified_gmt":"2025-12-07T20:56:11","slug":"es-el-peor-momento-de-su-vida-todo-el-dinero-que-ha-ganado-ya-no-existe","status":"publish","type":"post","link":"https:\/\/www.europesays.com\/es\/276511\/","title":{"rendered":"Es el peor momento de su vida, todo el dinero que ha ganado ya no existe"},"content":{"rendered":"<p data-gtm-element-container=\"modulo-texto-link\" class=\"paragraph\">&#8216;<strong>Fiesta<\/strong>&#8216; alarmaba a todos los espectadores con la noticia de la supuesta ruina de un personaje del coraz\u00f3n muy conocido: \u00ab<strong>La protagonista de esta noticia es una mujer,<\/strong> es muy famosa y conocida por todos. Puede que tenga una vida que no es la que nos muestra ni la que nos cuenta\u00bb.\u00a0<\/p>\n<p>                <img loading=\"lazy\" decoding=\"async\" data-full-src=\"https:\/\/www.mundodeportivo.com\/uploads\/2025\/11\/23\/69232fec79647.jpeg\" alt=\"Emma Garc\u00eda, en 'Fiesta'\" width=\"449\" height=\"253\" src=\"https:\/\/www.europesays.com\/es\/wp-content\/uploads\/2025\/12\/69232fec79647.jpeg\" class=\"lazy\"\/><\/p>\n<p class=\"caption-title \">Emma Garc\u00eda, en &#8216;Fiesta&#8217;<\/p>\n<p>                    Captura Telecinco<\/p>\n<p data-gtm-element-container=\"modulo-texto-link\" class=\"paragraph\">Se trata, seg\u00fan cuentan en el programa de Emma Garc\u00eda, de<strong> una mujer que pertenece a una de las sagas m\u00e1s famosas del pa\u00eds<\/strong> y que \u00abest\u00e1 atravesando el peor momento de su vida\u00bb. Como pista, el espacio de Telecinco revelaba que ha ocupado horas de televisi\u00f3n y \u00abha participado en los mejores programas\u00bb.\u00a0 \u00abTodo el dinero que ha ganado ya no existe, ha malgastado toda su fortuna\u00bb, explicaron. Sin m\u00e1s pistas, &#8216;Fiesta&#8217; no revel\u00f3 el nombre hasta m\u00e1s adelante.\u00a0<\/p>\n<p data-gtm-element-container=\"modulo-texto-link\" class=\"paragraph\">Minutos despu\u00e9s del primer anuncio, una redactora del programa dio el nombre de este famoso rostro de Telecinco: <strong>Laura Cuevas.<\/strong> La que un d\u00eda fue trabajadora de Cantora hab\u00eda participado en televisi\u00f3n en &#8216;realities&#8217; como &#8216;GH VIP&#8217; y, este mismo a\u00f1o, en &#8216;Supervivientes 2025&#8217;. Sin embargo, parece que los ingresos se han esfumado r\u00e1pidamente: <strong>\u00abTiene que pedir dinero porque todo el dinero que ha ganado en &#8216;Supervivientes&#8217; lo ha malgastado<\/strong>\u00ab, aseguraron.<\/p>\n<p>                <img loading=\"lazy\" decoding=\"async\" data-full-src=\"https:\/\/www.mundodeportivo.com\/uploads\/2025\/05\/09\/681e66e5bb60a.jpeg\" alt=\"Laura Cuevas, en '\u00a1De viernes!'\" width=\"449\" height=\"253\" src=\"https:\/\/www.europesays.com\/es\/wp-content\/uploads\/2025\/12\/681e66e5bb60a.jpeg\" class=\"lazy\"\/><\/p>\n<p class=\"caption-title \">Laura Cuevas, en &#8216;\u00a1De viernes!&#8217;<\/p>\n<p>                    Captura Telecinco<\/p>\n<p>    Lee tambi\u00e9n<\/p>\n<p data-gtm-element-container=\"modulo-texto-link\" class=\"paragraph\">Por su parte, Gloria Camila, que tambi\u00e9n estaba presente en plat\u00f3 cuando se dio a conocer la noticia, asegur\u00f3 que <strong>Laura Cuevas hab\u00eda adquirido este a\u00f1o una vivienda en Madrid y<\/strong> parec\u00eda que todo le iba bien. Su exmarido, con el que tambi\u00e9n tuvo conflictos en los plat\u00f3s, confirm\u00f3 que Laura est\u00e1 atravesando un mal momento econ\u00f3mico. Todo apunta a que acudir\u00e1 al plat\u00f3 para explicar su situaci\u00f3n.<\/p>\n","protected":false},"excerpt":{"rendered":"&#8216;Fiesta&#8216; alarmaba a todos los espectadores con la noticia de la supuesta ruina de un personaje del coraz\u00f3n&hellip;\n","protected":false},"author":2,"featured_media":276512,"comment_status":"","ping_status":"","sticky":false,"template":"","format":"standard","meta":{"footnotes":""},"categories":[171],"tags":[146,147,25,24,23,214],"class_list":{"0":"post-276511","1":"post","2":"type-post","3":"status-publish","4":"format-standard","5":"has-post-thumbnail","7":"category-tv","8":"tag-entertainment","9":"tag-entretenimiento","10":"tag-es","11":"tag-espana","12":"tag-spain","13":"tag-tv"},"share_on_mastodon":{"url":"https:\/\/pubeurope.com\/@es\/115680286364300509","error":""},"_links":{"self":[{"href":"https:\/\/www.europesays.com\/es\/wp-json\/wp\/v2\/posts\/276511","targetHints":{"allow":["GET"]}}],"collection":[{"href":"https:\/\/www.europesays.com\/es\/wp-json\/wp\/v2\/posts"}],"about":[{"href":"https:\/\/www.europesays.com\/es\/wp-json\/wp\/v2\/types\/post"}],"author":[{"embeddable":true,"href":"https:\/\/www.europesays.com\/es\/wp-json\/wp\/v2\/users\/2"}],"replies":[{"embeddable":true,"href":"https:\/\/www.europesays.com\/es\/wp-json\/wp\/v2\/comments?post=276511"}],"version-history":[{"count":0,"href":"https:\/\/www.europesays.com\/es\/wp-json\/wp\/v2\/posts\/276511\/revisions"}],"wp:featuredmedia":[{"embeddable":true,"href":"https:\/\/www.europesays.com\/es\/wp-json\/wp\/v2\/media\/276512"}],"wp:attachment":[{"href":"https:\/\/www.europesays.com\/es\/wp-json\/wp\/v2\/media?parent=276511"}],"wp:term":[{"taxonomy":"category","embeddable":true,"href":"https:\/\/www.europesays.com\/es\/wp-json\/wp\/v2\/categories?post=276511"},{"taxonomy":"post_tag","embeddable":true,"href":"https:\/\/www.europesays.com\/es\/wp-json\/wp\/v2\/tags?post=276511"}],"curies":[{"name":"wp","href":"https:\/\/api.w.org\/{rel}","templated":true}]}}