{"id":276577,"date":"2025-12-07T21:51:09","date_gmt":"2025-12-07T21:51:09","guid":{"rendered":"https:\/\/www.europesays.com\/es\/276577\/"},"modified":"2025-12-07T21:51:09","modified_gmt":"2025-12-07T21:51:09","slug":"guterres-pide-que-siria-sea-la-protagonista-de-su-propia-transicion-un-ano-despues-de-la-caida-de-al-assad","status":"publish","type":"post","link":"https:\/\/www.europesays.com\/es\/276577\/","title":{"rendered":"Guterres pide que Siria sea la protagonista de su propia transici\u00f3n un a\u00f1o despu\u00e9s de la ca\u00edda de Al Assad"},"content":{"rendered":"<p><img id=\"fotoPrincipalNoticia\" src=\"https:\/\/www.europesays.com\/es\/wp-content\/uploads\/2025\/12\/fotonoticia_20251207221920_690.jpg\" loading=\"eager\" decoding=\"async\" style=\"view-transition-name: fechor_20251207221920;\" border=\"0\" alt=\"La di\u00e1spora siria celebra en Alemania el aniversario de la ca\u00edda de Al Assad \" fetchpriority=\"high\" title=\"Guterres pide que Siria sea la protagonista de su propia transici\u00f3n un a\u00f1o despu\u00e9s de la ca\u00edda de Al Assad\" width=\"690\" height=\"460\" itemprop=\"image\"\/><\/p>\n<p>La di\u00e1spora siria celebra en Alemania el aniversario de la ca\u00edda de Al Assad  &#8211; Europa Press\/Contacto\/Michael Kuenne<\/p>\n<p>   MADRID, 7 Dic. (EUROPA PRESS) &#8211; <\/p>\n<p>   El secretario general de Naciones Unidas, Ant\u00f3nio Guterres, ha celebrado el aniversario de la ca\u00edda del r\u00e9gimen del expresidente sirio Bashar al Assad con un aplauso al pueblo sirio y un llamamiento a la comunidad internacional para que facilite el \u00abdif\u00edcil\u00bb proceso de transici\u00f3n.<\/p>\n<p>    \u00abRindo homenaje a la resiliencia y la valent\u00eda del pueblo sirio, que nunca dej\u00f3 de alimentar la esperanza a pesar de soportar dificultades inimaginables\u00bb, ha manifestado Guterres en un comunicado publicado este domingo, v\u00edspera de la salida de Al Assad del poder tras una ofensiva en varios frentes liderada por la ahora disuelta organizaci\u00f3n yihadista Hayat Tahrir al Sham (HTS).<\/p>\n<p>    Guterres estima que a Siria le espera \u00abmucho m\u00e1s que una transici\u00f3n pol\u00edtica\u00bb sino tambi\u00e9n \u00abla oportunidad de reconstruir comunidades destrozadas y sanar profundas divisiones\u00bb.<\/p>\n<p>    Despu\u00e9s de comprometer una vez m\u00e1s el respaldo pleno de la ONU para hacer de la transici\u00f3n un \u00e9xito ante \u00abdesaf\u00edos considerables, pero no insuperables\u00bb, tambi\u00e9n ha llamado a la comunidad internacional a facilitar esta labor al presidente de transici\u00f3n y antiguo l\u00edder de HTS, Ahmed al Shara.<\/p>\n<p>    \u00abEl a\u00f1o pasado demostr\u00f3 que es posible lograr un cambio significativo cuando se empodera y apoya a la poblaci\u00f3n siria para que lidere su propia transici\u00f3n\u00bb, ha indicado.<\/p>\n<p>    \u00abSi bien las necesidades humanitarias en todo el pa\u00eds siguen siendo inmensas, se han logrado avances en la restauraci\u00f3n de servicios esenciales, la ampliaci\u00f3n del acceso humanitario y la creaci\u00f3n de v\u00edas para el retorno de refugiados y desplazados\u00bb, ha a\u00f1adido Guterres.<\/p>\n<p>    \u00abLa comunidad internacional debe respaldar firmemente esta transici\u00f3n liderada y controlada por Siria. Esto incluye garantizar el respeto a la soberan\u00eda de Siria, eliminar los obst\u00e1culos a la reconstrucci\u00f3n, financiar los llamamientos humanitarios, promover el desarrollo econ\u00f3mico y asegurar que la transici\u00f3n aporte beneficios tangibles a los sirios sobre el terreno\u00bb, ha concluido. <\/p>\n","protected":false},"excerpt":{"rendered":"La di\u00e1spora siria celebra en Alemania el aniversario de la ca\u00edda de Al Assad &#8211; Europa Press\/Contacto\/Michael Kuenne&hellip;\n","protected":false},"author":2,"featured_media":276578,"comment_status":"","ping_status":"","sticky":false,"template":"","format":"standard","meta":{"footnotes":""},"categories":[42],"tags":[17,18,13,14,11,61,62,63,64,19,20,9,10,15,16,12,21,22,65,66,67],"class_list":{"0":"post-276577","1":"post","2":"type-post","3":"status-publish","4":"format-standard","5":"has-post-thumbnail","7":"category-internacional","8":"tag-breaking-news","9":"tag-breakingnews","10":"tag-featured-news","11":"tag-featurednews","12":"tag-headlines","13":"tag-internacional","14":"tag-international","15":"tag-international-news","16":"tag-internationalnews","17":"tag-latest-news","18":"tag-latestnews","19":"tag-news","20":"tag-noticias","21":"tag-noticias-destacadas","22":"tag-noticiasdestacadas","23":"tag-titulares","24":"tag-ultimas-noticias","25":"tag-ultimasnoticias","26":"tag-world","27":"tag-world-news","28":"tag-worldnews"},"share_on_mastodon":{"url":"","error":""},"_links":{"self":[{"href":"https:\/\/www.europesays.com\/es\/wp-json\/wp\/v2\/posts\/276577","targetHints":{"allow":["GET"]}}],"collection":[{"href":"https:\/\/www.europesays.com\/es\/wp-json\/wp\/v2\/posts"}],"about":[{"href":"https:\/\/www.europesays.com\/es\/wp-json\/wp\/v2\/types\/post"}],"author":[{"embeddable":true,"href":"https:\/\/www.europesays.com\/es\/wp-json\/wp\/v2\/users\/2"}],"replies":[{"embeddable":true,"href":"https:\/\/www.europesays.com\/es\/wp-json\/wp\/v2\/comments?post=276577"}],"version-history":[{"count":0,"href":"https:\/\/www.europesays.com\/es\/wp-json\/wp\/v2\/posts\/276577\/revisions"}],"wp:featuredmedia":[{"embeddable":true,"href":"https:\/\/www.europesays.com\/es\/wp-json\/wp\/v2\/media\/276578"}],"wp:attachment":[{"href":"https:\/\/www.europesays.com\/es\/wp-json\/wp\/v2\/media?parent=276577"}],"wp:term":[{"taxonomy":"category","embeddable":true,"href":"https:\/\/www.europesays.com\/es\/wp-json\/wp\/v2\/categories?post=276577"},{"taxonomy":"post_tag","embeddable":true,"href":"https:\/\/www.europesays.com\/es\/wp-json\/wp\/v2\/tags?post=276577"}],"curies":[{"name":"wp","href":"https:\/\/api.w.org\/{rel}","templated":true}]}}