{"id":276581,"date":"2025-12-07T21:53:17","date_gmt":"2025-12-07T21:53:17","guid":{"rendered":"https:\/\/www.europesays.com\/es\/276581\/"},"modified":"2025-12-07T21:53:17","modified_gmt":"2025-12-07T21:53:17","slug":"carlos-sainz-termina-su-primera-temporada-como-piloto-de-williams","status":"publish","type":"post","link":"https:\/\/www.europesays.com\/es\/276581\/","title":{"rendered":"Carlos Sainz termina su primera temporada como piloto de Williams"},"content":{"rendered":"<p>Domingo, 7 de diciembre de 2025:<br \/>&#13;<br \/>\n&#8211; Carrera: P13, 58 vueltas<\/p>\n<ul>&#13;<\/p>\n<li>Carlos Sainz ha terminado decimotercero en el GP de Abu Dabi, en el que ha habido disparidad de estrategias entre pilotos que iban a una o a dos paradas.<\/li>\n<p>&#13;<\/p>\n<li>El piloto de Williams, duod\u00e9cimo en parrilla, ha alargado su primera tanda con el neum\u00e1tico medio hasta la vuelta 18.<\/li>\n<p>&#13;<\/p>\n<li>El piloto espa\u00f1ol ha gestionado sus neum\u00e1ticos con delicadeza en la segunda tanda y los ha hecho llegar hasta el final. Era und\u00e9cimo a cinco vueltas de terminar, pero al final la degradaci\u00f3n ha facilitado el adelantamiento a coches con gomas m\u00e1s nuevas.<\/li>\n<p>&#13;<\/p>\n<li>Carlos termina su primera temporada como piloto oficial de Williams con dos podios, la novena plaza del Mundial de Pilotos y una contribuci\u00f3n vital a la quinta posici\u00f3n de su equipo en el Mundial de Constructores.<\/li>\n<p>&#13;\n<\/ul>\n<p><strong>DECLARACIONES:<\/strong><br \/>&#13;<br \/>\n\u00abNo hemos sido fuertes en todo el fin de semana y hoy ha sido una carrera normal en la que no han pasado muchas cosas. Hemos apostado por una parada y nos hemos quedado bloqueados en un tren de DRS, as\u00ed que hab\u00eda poco que hacer con el ritmo que ten\u00edamos\u00bb.<\/p>\n<p>\u00abM\u00e1s importante es que, si miramos la temporada en su conjunto, \u00a1podemos estar orgullosos! Me he mantenido fiel a mi forma de hacer las cosas, he mejorado progresivamente a lo largo del a\u00f1o junto al equipo y, en general, hemos terminado en buena forma. Ser quintos en el Mundial de Constructores era un objetivo ambicioso y lo hemos conseguido, as\u00ed que estoy realmente contento\u00bb.<\/p>\n<p>\u00abTenemos que seguir con hambre y continuar empujando todos juntos. Hemos construido unos cimientos s\u00f3lidos para el a\u00f1o que viene, pero siempre hay margen para mejorar. Agradezco a todo el equipo su esfuerzo y tambi\u00e9n a todos y cada uno de nuestros aficionados. \u00a1Su apoyo lo es todo para nosotros!\u00bb.<\/p>\n<p>\u00abPor \u00faltimo, pero no menos importante, \u00a1muchas felicidades a Lando por su primer Mundial! Es un piloto incre\u00edble y ha demostrado que es posible alcanzar tus mayores objetivos sin renunciar a ser t\u00fa mismo. Felicidades, amigo. \u00a1Muy merecido!\u00bb.<\/p>\n<p><strong>PR\u00d3XIMA ACTIVIDAD:<\/strong><br \/>&#13;<br \/>\nGP de Australia, Albert Park Circuit \u2013 14-16 de marzo de 2026<\/p>\n","protected":false},"excerpt":{"rendered":"Domingo, 7 de diciembre de 2025:&#13; &#8211; Carrera: P13, 58 vueltas &#13; Carlos Sainz ha terminado decimotercero en&hellip;\n","protected":false},"author":2,"featured_media":276582,"comment_status":"","ping_status":"","sticky":false,"template":"","format":"standard","meta":{"footnotes":""},"categories":[5],"tags":[17,18,307,25,24,306,13,14,271,4152,28169,11,19,20,9,10,15,16,23,12,21,22,308,67290],"class_list":{"0":"post-276581","1":"post","2":"type-post","3":"status-publish","4":"format-standard","5":"has-post-thumbnail","7":"category-titulares","8":"tag-breaking-news","9":"tag-breakingnews","10":"tag-carlos-sainz","11":"tag-es","12":"tag-espana","13":"tag-f1","14":"tag-featured-news","15":"tag-featurednews","16":"tag-formula-1","17":"tag-fw47","18":"tag-gp-abu-dabi","19":"tag-headlines","20":"tag-latest-news","21":"tag-latestnews","22":"tag-news","23":"tag-noticias","24":"tag-noticias-destacadas","25":"tag-noticiasdestacadas","26":"tag-spain","27":"tag-titulares","28":"tag-ultimas-noticias","29":"tag-ultimasnoticias","30":"tag-williams","31":"tag-yas-marina"},"share_on_mastodon":{"url":"https:\/\/pubeurope.com\/@es\/115680510202433121","error":""},"_links":{"self":[{"href":"https:\/\/www.europesays.com\/es\/wp-json\/wp\/v2\/posts\/276581","targetHints":{"allow":["GET"]}}],"collection":[{"href":"https:\/\/www.europesays.com\/es\/wp-json\/wp\/v2\/posts"}],"about":[{"href":"https:\/\/www.europesays.com\/es\/wp-json\/wp\/v2\/types\/post"}],"author":[{"embeddable":true,"href":"https:\/\/www.europesays.com\/es\/wp-json\/wp\/v2\/users\/2"}],"replies":[{"embeddable":true,"href":"https:\/\/www.europesays.com\/es\/wp-json\/wp\/v2\/comments?post=276581"}],"version-history":[{"count":0,"href":"https:\/\/www.europesays.com\/es\/wp-json\/wp\/v2\/posts\/276581\/revisions"}],"wp:featuredmedia":[{"embeddable":true,"href":"https:\/\/www.europesays.com\/es\/wp-json\/wp\/v2\/media\/276582"}],"wp:attachment":[{"href":"https:\/\/www.europesays.com\/es\/wp-json\/wp\/v2\/media?parent=276581"}],"wp:term":[{"taxonomy":"category","embeddable":true,"href":"https:\/\/www.europesays.com\/es\/wp-json\/wp\/v2\/categories?post=276581"},{"taxonomy":"post_tag","embeddable":true,"href":"https:\/\/www.europesays.com\/es\/wp-json\/wp\/v2\/tags?post=276581"}],"curies":[{"name":"wp","href":"https:\/\/api.w.org\/{rel}","templated":true}]}}