{"id":276603,"date":"2025-12-07T22:14:12","date_gmt":"2025-12-07T22:14:12","guid":{"rendered":"https:\/\/www.europesays.com\/es\/276603\/"},"modified":"2025-12-07T22:14:12","modified_gmt":"2025-12-07T22:14:12","slug":"vete-a-marte-le-responde-polonia-a-elon-musk-por-querer-abolir-la-union-europea","status":"publish","type":"post","link":"https:\/\/www.europesays.com\/es\/276603\/","title":{"rendered":"\u00abVete a Marte\u00bb, le responde Polonia a Elon Musk por querer abolir la Uni\u00f3n Europea"},"content":{"rendered":"<p>El multimillonario Elon Musk, due\u00f1o de X y Tesla, tiene entre su grandes objetivos la conquista del espacio. Le gustan m\u00e1s las estrellas que algunos  &#8230; lugares de la Tierra, como a la vieja Europa, a la que considera anticuada, hostil a sus postulados de extrema derecha y llena de burocracia y trabas fiscales. Una r\u00e9mora para sus negocios. De hecho, ha abogado por \u00ababolir la Uni\u00f3n Europea\u00bb. Le ha respondido el ministro de Exteriores de Polonia. \u00abVete a Marte\u00bb, le recomienda Radoslaw Sikorski.<\/p>\n<blockquote class=\"twitter-tweet\">\n<p lang=\"en\" dir=\"ltr\">Go to Mars.<br \/>There&#8217;s no censorship of Nazi salutes there.<\/p>\n<p>\u2014 Rados\u0142aw Sikorski \ud83c\uddf5\ud83c\uddf1\ud83c\uddea\ud83c\uddfa (@sikorskiradek) <a href=\"https:\/\/twitter.com\/sikorskiradek\/status\/1997323130784608494?ref_src=twsrc%5Etfw\" rel=\"nofollow noopener\" target=\"_blank\">December 6, 2025<\/a><\/p><\/blockquote>\n<p class=\"v-p\">El berrinche de Musk se desat\u00f3 tras la multa de 120 millones de euros impuesta a la red social X por la Comisi\u00f3n Europea debido al \u00abdise\u00f1o enga\u00f1oso\u00bb de su marca azul de verificaci\u00f3n de cuentas (es un supuesto sello de autenticidad para los usuarios pese a que su acceso es discrecional, lo que viola la ley europea). <\/p>\n<p class=\"v-p\">El empresario que fue la mano derecha de Donald Trump en el inicio de este mandato no soporta ning\u00fan tipo de control. Y en Europa le cierran puertas. \u00abV\u00e1yase a Marte. All\u00ed no hay censura ni saludos nazis\u00bb, replic\u00f3 Sikorski en su propia cuenta en X, en referencia al gesto que Musk hizo durante un acto de celebraci\u00f3n por la toma de posesi\u00f3n del republicano como nuevo presidente de Estados Unidos.<\/p>\n<p>\u00abAtaque a la libertad de expresi\u00f3n\u00bb<\/p>\n<p class=\"v-p\">Los antiguos aliados se distancian. Las cr\u00edticas de Musk a Europa llegan despu\u00e9s de que la Casa Blanca publicara su Estrategia de Seguridad Nacional. <a href=\"https:\/\/www.elcorreo.com\/internacional\/eeuu\/trump-advierte-europa-civilizacion-riesgo-desaparecer-20251205154848-ntrc.html\" data-voc-vtm-id=\"in-text-traffic\" title=\"En ese documento carga contra la UE\" rel=\"nofollow noopener\" target=\"_blank\">En ese documento carga contra la UE<\/a> y augura que en 20 o 30 a\u00f1os dejar\u00e1 de ser un socio fiable por culpa de la inmigraci\u00f3n y la p\u00e9rdida de sus valores. Llega a decir que la civilizaci\u00f3n europea \u00abdesaparecer\u00e1\u00bb.<\/p>\n<p><a href=\"http:\/\/www.elcorreo.com\/internacional\/eeuu\/trump-advierte-europa-civilizacion-riesgo-desaparecer-20251205154848-ntrc.html#vtm_modulosEngag=mod-rel:internacional:noticia:1:cmp:2-not\" class=\"v-a-link\" title=\"Trump advierte a Europa de que su civilizaci\u00f3n est\u00e1 en riesgo de \u00abdesaparecer\u00bb\" rel=\"nofollow noopener\" target=\"_blank\"><br \/>\n<img decoding=\"async\" loading=\"lazy\" class=\"v-a-img\" src=\"https:\/\/www.europesays.com\/es\/wp-content\/uploads\/2025\/12\/1503770525-kkWB--366x256@RC.jpg\" alt=\"Trump advierte a Europa de que su civilizaci\u00f3n est\u00e1 en riesgo de \u00abdesaparecer\u00bb\"\/><br \/>\n<\/a><\/p>\n<p><a href=\"http:\/\/www.elcorreo.com\/internacional\/eeuu\/sin-noticias-partido-elon-musk-eeuu-20250824165939-ntrc.html#vtm_modulosEngag=mod-rel:internacional:noticia:2:cmp:2-not\" class=\"v-a-link\" title=\"Sin noticias del partido de Elon Musk\" rel=\"nofollow noopener\" target=\"_blank\"><br \/>\n<img decoding=\"async\" loading=\"lazy\" class=\"v-a-img\" src=\"https:\/\/www.europesays.com\/es\/wp-content\/uploads\/2025\/12\/musk-kaOG--366x256@RC.jpg\" alt=\"Sin noticias del partido de Elon Musk\"\/><br \/>\n<\/a><\/p>\n<p class=\"v-p\">En paralelo a la difusi\u00f3n de ese informe, Musk denunci\u00f3 el s\u00e1bado que el sistema burocr\u00e1tico de la UE \u00abest\u00e1 asfixiando lentamente a Europa hasta la muerte\u00bb y calific\u00f3 la multa contra X como un \u00abataque\u00bb de Bruselas a la libertad de expresi\u00f3n y un mal ejemplo de soberan\u00eda supranacional contra los intereses de sus Estados miembros.<\/p>\n<p><script async src=\"https:\/\/platform.twitter.com\/widgets.js\" charset=\"utf-8\"><\/script><\/p>\n","protected":false},"excerpt":{"rendered":"El multimillonario Elon Musk, due\u00f1o de X y Tesla, tiene entre su grandes objetivos la conquista del espacio.&hellip;\n","protected":false},"author":2,"featured_media":276604,"comment_status":"","ping_status":"","sticky":false,"template":"","format":"standard","meta":{"footnotes":""},"categories":[42],"tags":[67355,17,18,14156,2080,13,14,11,61,62,63,64,19,20,17929,14157,9,10,15,16,7027,18170,1259,12,21,22,2079,62804,65,66,67],"class_list":{"0":"post-276603","1":"post","2":"type-post","3":"status-publish","4":"format-standard","5":"has-post-thumbnail","7":"category-internacional","8":"tag-abolir","9":"tag-breaking-news","10":"tag-breakingnews","11":"tag-elon","12":"tag-europea","13":"tag-featured-news","14":"tag-featurednews","15":"tag-headlines","16":"tag-internacional","17":"tag-international","18":"tag-international-news","19":"tag-internationalnews","20":"tag-latest-news","21":"tag-latestnews","22":"tag-marte","23":"tag-musk","24":"tag-news","25":"tag-noticias","26":"tag-noticias-destacadas","27":"tag-noticiasdestacadas","28":"tag-polonia","29":"tag-querer","30":"tag-responde","31":"tag-titulares","32":"tag-ultimas-noticias","33":"tag-ultimasnoticias","34":"tag-union","35":"tag-vete","36":"tag-world","37":"tag-world-news","38":"tag-worldnews"},"share_on_mastodon":{"url":"https:\/\/pubeurope.com\/@es\/115680593611570188","error":""},"_links":{"self":[{"href":"https:\/\/www.europesays.com\/es\/wp-json\/wp\/v2\/posts\/276603","targetHints":{"allow":["GET"]}}],"collection":[{"href":"https:\/\/www.europesays.com\/es\/wp-json\/wp\/v2\/posts"}],"about":[{"href":"https:\/\/www.europesays.com\/es\/wp-json\/wp\/v2\/types\/post"}],"author":[{"embeddable":true,"href":"https:\/\/www.europesays.com\/es\/wp-json\/wp\/v2\/users\/2"}],"replies":[{"embeddable":true,"href":"https:\/\/www.europesays.com\/es\/wp-json\/wp\/v2\/comments?post=276603"}],"version-history":[{"count":0,"href":"https:\/\/www.europesays.com\/es\/wp-json\/wp\/v2\/posts\/276603\/revisions"}],"wp:featuredmedia":[{"embeddable":true,"href":"https:\/\/www.europesays.com\/es\/wp-json\/wp\/v2\/media\/276604"}],"wp:attachment":[{"href":"https:\/\/www.europesays.com\/es\/wp-json\/wp\/v2\/media?parent=276603"}],"wp:term":[{"taxonomy":"category","embeddable":true,"href":"https:\/\/www.europesays.com\/es\/wp-json\/wp\/v2\/categories?post=276603"},{"taxonomy":"post_tag","embeddable":true,"href":"https:\/\/www.europesays.com\/es\/wp-json\/wp\/v2\/tags?post=276603"}],"curies":[{"name":"wp","href":"https:\/\/api.w.org\/{rel}","templated":true}]}}