{"id":276617,"date":"2025-12-07T22:29:09","date_gmt":"2025-12-07T22:29:09","guid":{"rendered":"https:\/\/www.europesays.com\/es\/276617\/"},"modified":"2025-12-07T22:29:09","modified_gmt":"2025-12-07T22:29:09","slug":"satin-greco-la-nueva-reina-drag-de-espana","status":"publish","type":"post","link":"https:\/\/www.europesays.com\/es\/276617\/","title":{"rendered":"Sat\u00edn Greco, la nueva &#8216;reina&#8217; drag de Espa\u00f1a"},"content":{"rendered":"<p class=\"c-paragraph\">La quinta y exitosa edici\u00f3n de <a href=\"https:\/\/www.20minutos.es\/tags\/temas\/drag-race-espana.html\" title=\"Drag Race Espa\u00f1a\" rel=\"nofollow noopener\" target=\"_blank\">Drag Race Espa\u00f1a<\/a> ha llegado a su final no sin antes coronar a <b>Sat\u00edn Greco <\/b>como la <b>flamante ganadora<\/b>. Laca Udilla, Margarita Kalifata, Nix y Sat\u00edn Greco eran las cuatro reinas finalistas que comet\u00edan por la corona para as\u00ed convertirse en la nueva superestrella drag espa\u00f1ola.<\/p>\n<p class=\"c-paragraph\">En el capitulo final, cuatro concursantes optaban a la victoria, pero solo una se se pod\u00eda llevar el cetro y los<b><b>\u00a050.000 euros de premio<\/b><\/b>, el mayor de toda la historia de\u00a0Drag Race Espa\u00f1a.\u00a0<\/p>\n<p class=\"c-paragraph\">En la entrega final, <b>capitaneada por Supremme de Luxe<\/b>, que cont\u00f3 con Ana Locking, Javier Calvo y Javier Ambrossi como jurado, no faltaron las sorpresas y la emoci\u00f3n. Las cuatro reinas finalistas se enfrentaron a un <b>\u00faltimo y complicado reto<\/b> que dejaba claro que ganar no iba a ser nada f\u00e1cil.<\/p>\n<p class=\"c-paragraph\">As\u00ed, mientras se preparaban para la batalla definitiva, Supremme de Luxe las entrevist\u00f3 en una<b> divertida fiesta de pijamas <\/b>en la que contaron su paso por el programa, sus inquietudes, sus metas y jugaron a alg\u00fan que otro juego. Adem\u00e1s, pudieron mostrar en la pasarela principal el videoclip de la canci\u00f3n original de la temporada, <b>BYPASS<\/b>, antes de enfrentarse a <b>una batalla de lipsyncs por la corona<\/b>, que fue para Sat\u00edn Greco.<\/p>\n<p class=\"c-paragraph\">Primero, tras ser final\u00edsima junto a su amiga Margarita Kalifata al eliminar a Laca Udilla y Nix, respectivamente. Despu\u00e9s, gracias ser la ganadora en el\u00a0<b>lipsync final contra la cordobesa al ritmo de D\u00e9jala correr<\/b>, de Roc\u00edo Jurado, donde ambas dieron todo de s\u00ed mimas, dejando asombradas al resto de reinas y al propio jurado, que por momentos no pudo contener las l\u00e1grimas.<\/p>\n<p>Un formato de \u00e9xito<\/p>\n<p class=\"c-paragraph\">Drag Race Espa\u00f1a puso as\u00ed el broche de otro a una gran edici\u00f3n en la que <b>el formato ha demostrado su fortaleza y \u00e9xito entre el p\u00fablico<\/b>. Esta quinta temporada es ya la mejor valorada de toda la franquicia en nuestro pa\u00eds y se ha convertido adem\u00e1s en un gran \u00e9xito cada domingo, tras vivir su mejor arranque hist\u00f3rico en Atresplayer.\u00a0<\/p>\n<p class=\"c-paragraph\">Pero Drag Race Espa\u00f1a no para y es que Atresplayer <b>ha<\/b>\u00a0<b>iniciado ya la producci\u00f3n de la que ser\u00e1 la sexta edici\u00f3n del programa<\/b>. El casting para encontrar a las nuevas reinas que competir\u00e1n en el taller m\u00e1s famoso de la televisi\u00f3n est\u00e1 ya abierto.\u00a0<\/p>\n<p class=\"c-paragraph\">Adem\u00e1s, atresplayer ha anunciado tambi\u00e9n que<b> prepara la segunda edici\u00f3n de Drag Race Espa\u00f1a: All Stars<\/b>, convirti\u00e9ndose as\u00ed en la primera franquicia fuera de EEUU en tener segunda temporada de esta versi\u00f3n All Stars.<\/p>\n","protected":false},"excerpt":{"rendered":"La quinta y exitosa edici\u00f3n de Drag Race Espa\u00f1a ha llegado a su final no sin antes coronar&hellip;\n","protected":false},"author":2,"featured_media":276618,"comment_status":"","ping_status":"","sticky":false,"template":"","format":"standard","meta":{"footnotes":""},"categories":[171],"tags":[2197,146,147,25,24,4355,31945,15384,49123,23,214],"class_list":{"0":"post-276617","1":"post","2":"type-post","3":"status-publish","4":"format-standard","5":"has-post-thumbnail","7":"category-tv","8":"tag-edicion","9":"tag-entertainment","10":"tag-entretenimiento","11":"tag-es","12":"tag-espana","13":"tag-gana","14":"tag-greco","15":"tag-quinta","16":"tag-satin","17":"tag-spain","18":"tag-tv"},"share_on_mastodon":{"url":"https:\/\/pubeurope.com\/@es\/115680651977432794","error":""},"_links":{"self":[{"href":"https:\/\/www.europesays.com\/es\/wp-json\/wp\/v2\/posts\/276617","targetHints":{"allow":["GET"]}}],"collection":[{"href":"https:\/\/www.europesays.com\/es\/wp-json\/wp\/v2\/posts"}],"about":[{"href":"https:\/\/www.europesays.com\/es\/wp-json\/wp\/v2\/types\/post"}],"author":[{"embeddable":true,"href":"https:\/\/www.europesays.com\/es\/wp-json\/wp\/v2\/users\/2"}],"replies":[{"embeddable":true,"href":"https:\/\/www.europesays.com\/es\/wp-json\/wp\/v2\/comments?post=276617"}],"version-history":[{"count":0,"href":"https:\/\/www.europesays.com\/es\/wp-json\/wp\/v2\/posts\/276617\/revisions"}],"wp:featuredmedia":[{"embeddable":true,"href":"https:\/\/www.europesays.com\/es\/wp-json\/wp\/v2\/media\/276618"}],"wp:attachment":[{"href":"https:\/\/www.europesays.com\/es\/wp-json\/wp\/v2\/media?parent=276617"}],"wp:term":[{"taxonomy":"category","embeddable":true,"href":"https:\/\/www.europesays.com\/es\/wp-json\/wp\/v2\/categories?post=276617"},{"taxonomy":"post_tag","embeddable":true,"href":"https:\/\/www.europesays.com\/es\/wp-json\/wp\/v2\/tags?post=276617"}],"curies":[{"name":"wp","href":"https:\/\/api.w.org\/{rel}","templated":true}]}}