{"id":276634,"date":"2025-12-07T22:38:09","date_gmt":"2025-12-07T22:38:09","guid":{"rendered":"https:\/\/www.europesays.com\/es\/276634\/"},"modified":"2025-12-07T22:38:09","modified_gmt":"2025-12-07T22:38:09","slug":"prision-sin-fianza-para-el-jefe-de-estupefacientes-de-la-policia-en-valladolid","status":"publish","type":"post","link":"https:\/\/www.europesays.com\/es\/276634\/","title":{"rendered":"Prisi\u00f3n sin fianza para el jefe de Estupefacientes de la Polic\u00eda en Valladolid"},"content":{"rendered":"<p style=\"\">Prisi\u00f3n provisional comunicada y sin fianza para el<strong> jefe del grupo de Estupefacientes de la Polic\u00eda Nacional de Valladolid<\/strong>, detenido el pasado jueves en una operaci\u00f3n desarrollada por <a href=\"https:\/\/www.abc.es\/espana\/castilla-leon\/asuntos-internos-pruebas-fehacientes-detener-jefe-estupefacientes-20251205124811-nt.html\" target=\"_self\" data-voc-vtm-id=\"in-text-traffic\" title=\"Asuntos Internos\" rel=\"nofollow noopener\">Asuntos Internos<\/a> y que tambi\u00e9n supuso el arresto de otras seis personas. As\u00ed lo  &#8230; ha acordado este domingo el Juzgado n\u00famero 3, al frente de la instrucci\u00f3n, que env\u00eda a la c\u00e1rcel al inspector jefe Luis J. Fern\u00e1ndez Rafael. <\/p>\n<p class=\"voc-p\" style=\"\"><strong>Tambi\u00e9n manda a la c\u00e1rcel a otros cinco de los seis detenidos<\/strong> por su presunta implicaci\u00f3n en unos hechos vinculados con el tr\u00e1fico de drogas. El auto del Juzgado llega despu\u00e9s de que a primera hora de este domingo, apurando el plazo de 72 horas tras su detenci\u00f3n, pasasen a disposici\u00f3n judicial tanto el jefe de uno de los dos grupos de Estupefacientes que tiene la Polic\u00eda Nacional en Valladolid \u2013el dedicado a las macrooperaciones, el otro se centra en el menudeo\u2013 como los otros arrestados.<\/p>\n<p class=\"voc-p\" style=\"\">Tras una larga ma\u00f1ana de declaraciones en los juzgados, a la que llegaban en veh\u00edculos de la Polic\u00eda Nacional desde los calabozos de la comisar\u00eda de Delicias, seis sal\u00edan en furg\u00f3n de la Guardia Civil hacia la prisi\u00f3n de Villanubla. El s\u00e9ptimo detenido inicialmente qued\u00f3 en libertad el mismo jueves tras prestar declaraci\u00f3n en Comisar\u00eda. <\/p>\n<p class=\"voc-p\" style=\"\">Entre los presuntos implicados en la trama hay cuatro dominicanos \u2013dos hombres y dos mujeres\u2013 que<strong> incriminaban al agente<\/strong>, y dos espa\u00f1oles, incluido el propio polic\u00eda. Tambi\u00e9n Iv\u00e1n V. S., el joven que el 1 de julio de 2022 supuestamente estuvo <strong>secuestrado por Pablo Antonio S.H., alias \u2018Chiqui\u2019,<\/strong> el hombre que se atrincher\u00f3 en su piso de Santovenia de Pisuerga (Valladolid) tras descerrajar un tiro mortal a un vecino y que tambi\u00e9n se llev\u00f3 por delante de un disparo al jefe de la Unidad Especial de Intervenci\u00f3n de la Guardia Civil, el teniente coronel Pedro Alfonso Casado, que se desplazaba desde Madrid para participara en un operativo que se prolong\u00f3 durante horas.<\/p>\n<p>\nDe una importante operaci\u00f3n\n<\/p>\n<p class=\"voc-p\" style=\"\">En el marco de la operaci\u00f3n que ha supuesto la detenci\u00f3n del jefe del grupo de Estupefacientes s<strong>e han incautado tambi\u00e9n 40 kilos de coca\u00edna en maletas<\/strong>. La sustancia estaba en uno de los domicilios registrados el jueves en Valladolid, Renedo de Esgueva y Arroyo de la Encomienda \u2013si bien no en el del jefe de Estupefacientes\u2013 y coincide con la incautaci\u00f3n registrada en la <a href=\"https:\/\/www.abc.es\/espana\/castilla-leon\/viajes-madrugada-galicia-coca-negocios-blanquear-operaba-20250524130410-nt.html\" target=\"_self\" data-voc-vtm-id=\"in-text-traffic\" title=\"operaci\u00f3n \u2018Churruca\u2019\" rel=\"nofollow noopener\">operaci\u00f3n \u2018Churruca\u2019<\/a> que llev\u00f3 a cabo la Polic\u00eda Nacional de Valladolid el pasado mes de mayo, informa Ep. <\/p>\n<p class=\"voc-p\" style=\"\">Entonces, el propio jefe de Estupefacientes <strong>particip\u00f3 en la rueda de prensa en la que se present\u00f3 la operaci\u00f3n<\/strong> que supuso la desarticulaci\u00f3n de lo que se calific\u00f3 como la \u00abmayor red\u00bb de narcotr\u00e1fico y blanqueo de capitales de la provincia de Valladolid, con 19 detenidos. Integrada por \u00abconocid\u00edsimos\u00bb traficantes, \u00abfundamentalmente mercheros\u00bb, se les incautaron en ese momento 59 kilos de coca\u00edna \u00abde gran pureza\u00bb que, conforme al \u2018modus operandi\u2019 que repet\u00edan, recog\u00edan en Galicia, con viajes de madrugada, procedente de Sudam\u00e9rica, para su posterior distribuci\u00f3n por Valladolid y Asturias.<\/p>\n<p class=\"voc-p\" style=\"\">La operaci\u00f3n explotada el jueves por Asuntos Internos <strong>estaba en marcha desde comienzos de a\u00f1o.<\/strong> Al parecer, el tren de vida del agente \u2013sobre todo con viajes de lujo a sitios exclusivos\u2013 es una de las pistas que hizo tirar el hilo a los agentes. Practicaron el arresto con <strong>\u00abpruebas fehacientes\u00bb y \u00ababundantes indicios\u00bb de la \u00abculpabilidad\u00bb<\/strong> del veterano inspector, seg\u00fan reconoc\u00eda el viernes el jefe superior de la Polic\u00eda en Castilla y Le\u00f3n, Juan Carlos Hern\u00e1ndez Mu\u00f1oz, quien apunt\u00f3 a la \u00abcadena de custodia\u00bb de lo intervenido. \u00abEsta unidad no act\u00faa por actuar\u00bb, asever\u00f3. La maleta en la que estaba la droga incautada ahora <strong>habr\u00eda sido entregada al inspector a finales de julio<\/strong> para que la llevase a un centro de tratamiento en Asturias, si bien este habr\u00eda dado el cambiazo en el proceso.<\/p>\n<p class=\"voc-p\" style=\"\">El que era jefe de uno de los dos grupos de estupefacientes \u2013el dedicado a las macrooperaciones, el otro se centra en el menudeo\u2013 se enfrenta a un expediente disciplinario que, de confirmarse los hechos y serle impuesta una condena,<strong> supondr\u00e1 tambi\u00e9n su expulsi\u00f3n del Cuerpo.<\/strong> Adem\u00e1s, seg\u00fan avanzaba el viernes el jefe superior de la Polic\u00eda Nacional en Castilla y Le\u00f3n, Juan Carlos Hern\u00e1ndez Mu\u00f1oz, es previsible que la pr\u00f3xima semana se firme su suspensi\u00f3n de empleo y sueldo. <\/p>\n<p class=\"voc-p\" style=\"\">\u00abSorprendidos\u00bb. As\u00ed est\u00e1n sus compa\u00f1eros y superiores al conocer la <a href=\"https:\/\/www.abc.es\/espana\/castilla-leon\/desarticulada-organizacion-dedicada-trafico-drogas-participaban-dos-20251124135839-nt.html\" target=\"_self\" data-voc-vtm-id=\"in-text-traffic\" title=\"detenci\u00f3n\" rel=\"nofollow noopener\">detenci\u00f3n<\/a> del inspector, a quien ten\u00edan por una persona \u00abtrabajadora\u00bb y sobre quien no hab\u00eda detectado conducta alguna que les hiciera sospechar de sus supuestos il\u00edcitos.<\/p>\n","protected":false},"excerpt":{"rendered":"Prisi\u00f3n provisional comunicada y sin fianza para el jefe del grupo de Estupefacientes de la Polic\u00eda Nacional de&hellip;\n","protected":false},"author":2,"featured_media":276635,"comment_status":"","ping_status":"","sticky":false,"template":"","format":"standard","meta":{"footnotes":""},"categories":[8],"tags":[17,18,25,24,13,14,11,19,20,9,10,15,16,16733,23,12,21,22],"class_list":{"0":"post-276634","1":"post","2":"type-post","3":"status-publish","4":"format-standard","5":"has-post-thumbnail","7":"category-espana","8":"tag-breaking-news","9":"tag-breakingnews","10":"tag-es","11":"tag-espana","12":"tag-featured-news","13":"tag-featurednews","14":"tag-headlines","15":"tag-latest-news","16":"tag-latestnews","17":"tag-news","18":"tag-noticias","19":"tag-noticias-destacadas","20":"tag-noticiasdestacadas","21":"tag-prision","22":"tag-spain","23":"tag-titulares","24":"tag-ultimas-noticias","25":"tag-ultimasnoticias"},"share_on_mastodon":{"url":"https:\/\/pubeurope.com\/@es\/115680687708597336","error":""},"_links":{"self":[{"href":"https:\/\/www.europesays.com\/es\/wp-json\/wp\/v2\/posts\/276634","targetHints":{"allow":["GET"]}}],"collection":[{"href":"https:\/\/www.europesays.com\/es\/wp-json\/wp\/v2\/posts"}],"about":[{"href":"https:\/\/www.europesays.com\/es\/wp-json\/wp\/v2\/types\/post"}],"author":[{"embeddable":true,"href":"https:\/\/www.europesays.com\/es\/wp-json\/wp\/v2\/users\/2"}],"replies":[{"embeddable":true,"href":"https:\/\/www.europesays.com\/es\/wp-json\/wp\/v2\/comments?post=276634"}],"version-history":[{"count":0,"href":"https:\/\/www.europesays.com\/es\/wp-json\/wp\/v2\/posts\/276634\/revisions"}],"wp:featuredmedia":[{"embeddable":true,"href":"https:\/\/www.europesays.com\/es\/wp-json\/wp\/v2\/media\/276635"}],"wp:attachment":[{"href":"https:\/\/www.europesays.com\/es\/wp-json\/wp\/v2\/media?parent=276634"}],"wp:term":[{"taxonomy":"category","embeddable":true,"href":"https:\/\/www.europesays.com\/es\/wp-json\/wp\/v2\/categories?post=276634"},{"taxonomy":"post_tag","embeddable":true,"href":"https:\/\/www.europesays.com\/es\/wp-json\/wp\/v2\/tags?post=276634"}],"curies":[{"name":"wp","href":"https:\/\/api.w.org\/{rel}","templated":true}]}}