{"id":276636,"date":"2025-12-07T22:39:13","date_gmt":"2025-12-07T22:39:13","guid":{"rendered":"https:\/\/www.europesays.com\/es\/276636\/"},"modified":"2025-12-07T22:39:13","modified_gmt":"2025-12-07T22:39:13","slug":"salah-critica-trato-del-liverpool-y-desliza-una-posible-salida","status":"publish","type":"post","link":"https:\/\/www.europesays.com\/es\/276636\/","title":{"rendered":"Salah critica trato del Liverpool y desliza una posible salida"},"content":{"rendered":"<p>Salah firm\u00f3 una extensi\u00f3n de contrato en abril tras una temporada individual espectacular que ayud\u00f3 al Liverpool a ganar la Premier.<\/p>\n<p><a data-player-guid=\"49438d5e-de32-9f1b-9aab-5f6ae53f14d0\" href=\"https:\/\/espndeportes.espn.com\/futbol\/jugador\/_\/id\/173896\/mohamed-salah\" rel=\"nofollow noopener\" target=\"_blank\">Mohamed Salah<\/a> ha insinuado que podr\u00eda dejar el <a data-clubhouse-guid=\"a47fbcec-c948-cf4c-9e41-3dfa37588c9c\" href=\"https:\/\/espndeportes.espn.com\/futbol\/equipo?id=364\" rel=\"nofollow noopener\" target=\"_blank\">Liverpool<\/a> en enero y ha sugerido que el club lo ha \u00ababandonado a su suerte\u00bb en medio de su racha de malos resultados.<\/p>\n<p>En una explosiva entrevista de siete minutos y medio el s\u00e1bado por la noche, el internacional egipcio admiti\u00f3 que su relaci\u00f3n con el entrenador Arne Slot se ha deteriorado y dijo que lo est\u00e1n utilizando como chivo expiatorio, consider\u00e1ndolo \u00abun problema\u00bb para los campeones de la <a data-league-guid=\"6949f3af-300c-35f1-beab-b95669eedd38\" href=\"https:\/\/espndeportes.espn.com\/futbol\/liga\/_\/nombre\/ENG.1\" rel=\"nofollow noopener\" target=\"_blank\">Premier League<\/a>.<\/p>\n<p><img class=\" lazyload lazyload\" data-image-container=\".inline-photo\" height=\"320\" width=\"570\"\/>Mohamed Salah firm\u00f3 una extensi\u00f3n de contrato en abril tras una temporada individual espectacular que ayud\u00f3 al Liverpool a ganar la Premier.\u00a0Alex Livesey\/Getty Images<\/p>\n<p>Salah fue suplente sin jugar en Elland Road, donde el Liverpool empat\u00f3 3-3 con el <a data-clubhouse-guid=\"231a0077-e0f5-f148-974b-82b9ec5f304e\" href=\"https:\/\/espndeportes.espn.com\/futbol\/equipo?id=357\" rel=\"nofollow noopener\" target=\"_blank\">Leeds United<\/a> el s\u00e1bado por la noche, despu\u00e9s de haber sido suplente tambi\u00e9n contra el <a data-clubhouse-guid=\"28c48827-3a74-9af3-21b2-f324cdb1fc01\" href=\"https:\/\/espndeportes.espn.com\/futbol\/equipo?id=371\" rel=\"nofollow noopener\" target=\"_blank\">West Ham United<\/a> y el <a data-clubhouse-guid=\"479e0b8f-fbeb-4a27-ce19-2c6ab31ac811\" href=\"https:\/\/espndeportes.espn.com\/futbol\/equipo?id=366\" rel=\"nofollow noopener\" target=\"_blank\">Sunderland<\/a>.<\/p>\n<p>Es la primera vez en su carrera en el Liverpool que Salah no ha sido titular en partidos consecutivos de la Premier League, ya que el delantero hab\u00eda sido titular en 53 partidos consecutivos en la m\u00e1xima categor\u00eda antes del partido del fin de semana pasado en el London Stadium.<\/p>\n<p>\u00abNo pod\u00eda creer que estuviera sentado en el banquillo durante 90 minutos\u00bb, asegur\u00f3 Salah. \u00abEs la tercera vez. Creo que es la primera vez en mi carrera. Estoy muy decepcionado, he hecho mucho por este club durante a\u00f1os, especialmente la temporada pasada. Parece que el club me ha abandonado a mi suerte. As\u00ed lo siento.<\/p>\n<p>\u00abAlguien quiere que yo cargue con toda la culpa. El club me prometi\u00f3 mucho en verano. Ahora estoy en el banquillo, as\u00ed que puedo decir que no han cumplido esas promesas. Sol\u00eda \u200b\u200btener una buena relaci\u00f3n (con Slot). Ahora no tenemos ninguna relaci\u00f3n y no s\u00e9 por qu\u00e9. Parece que alguien no me quiere en el club\u00bb.<\/p>\n<p>Selecciones Editoriales<\/p>\n<ul>\n<li><a name=\"&amp;lpos=story:editorspicks:inline:1\" href=\"https:\/\/espndeportes.espn.com\/futbol\/inglaterra\/nota\/_\/id\/16045228\/leeds-vs-liverpool-fecha-15-premier-league-equipo-fecha-hora-y-tv-en-vivo\" class=\"img-link\" rel=\"nofollow noopener\" target=\"_blank\"><img loading=\"lazy\" decoding=\"async\" src=\"https:\/\/www.europesays.com\/es\/wp-content\/uploads\/2025\/12\/r1585749_1296x1296_1-1.jpg&#038;w=130&#038;h=130&#038;scale=crop&#038;location=center.jpeg\" width=\"65\" height=\"65\"\/><\/a><\/li>\n<li><a name=\"&amp;lpos=story:editorspicks:inline:2\" href=\"https:\/\/espndeportes.espn.com\/futbol\/inglaterra\/nota\/_\/id\/16043072\/liverpool-van-dijk-suplencia-salah-nadie-tiene-credito-ilimitado\" class=\"img-link\" rel=\"nofollow noopener\" target=\"_blank\"><img loading=\"lazy\" decoding=\"async\" src=\"https:\/\/www.europesays.com\/es\/wp-content\/uploads\/2025\/12\/r1584736_641x641_1-1.jpg&#038;w=130&#038;h=130&#038;scale=crop&#038;location=center.jpeg\" width=\"65\" height=\"65\"\/><\/a><\/li>\n<\/ul>\n<p>1 Relacionado<\/p>\n<p>Salah viajar\u00e1 a la Copa Africana de Naciones para representar a Egipto despu\u00e9s del pr\u00f3ximo partido en casa del Liverpool contra el Brighton el pr\u00f3ximo s\u00e1bado.<\/p>\n<p>\u00abLlam\u00e9 a mis padres y les dije que vinieran al partido contra el Brighton\u00bb, a\u00f1adi\u00f3 Salah. \u00abNo importa si juego o no. Lo voy a disfrutar. Simplemente estar\u00e9 en Anfield y me despedir\u00e9 de los aficionados antes de la Copa Africana, porque no s\u00e9 qu\u00e9 pasar\u00e1 cuando est\u00e9 all\u00ed\u00bb.<\/p>\n<p>Salah, quien ha marcado 250 goles en 420 partidos con el Liverpool, firm\u00f3 una extensi\u00f3n de contrato de dos a\u00f1os en abril tras una temporada individual espectacular que ayud\u00f3 al Liverpool a ganar el t\u00edtulo de la Premier League. Solo ha marcado cinco goles en 18 partidos en todas las competiciones esta temporada; sin embargo, afirm\u00f3 que no est\u00e1 recibiendo el respeto que merece del club.<\/p>\n<p><img decoding=\"async\" data-lazyload=\"true\" src=\"https:\/\/www.europesays.com\/es\/wp-content\/uploads\/2025\/11\/r1522604_1296x729_16-9.jpg\" class=\"round lazyload\"\/><\/p>\n<p>Sigue la acci\u00f3n de <b><a href=\"https:\/\/espndeportes.espn.com\/watch\/catalog\/cf7b0c51-7c48-3e9a-8abb-0c01b1a973a0\/laliga#bucketId=45449&amp;sourceCollection=Browse_by_League_%28ESPN+%29\" target=\"_blank\" rel=\"nofollow noopener\">LaLiga 2025-26<\/a><\/b> con todos los partidos disponibles por ESPN+ y ESPN Deportes.<\/p>\n<p><b>Jornada 16 (destacados)<\/b><br \/>S\u00e1bado 6 de diciembre<br \/>\u2022 <a href=\"https:\/\/espndeportes.espn.com\/watch\/player\/_\/id\/a76091a4-56f0-4c3c-8f12-04a3ca4d554a#bucketId=2\" target=\"_blank\" rel=\"nofollow noopener\">Real Betis vs. Barcelona, 12:30 p.m. ET<\/a><br \/>\u2022 <a href=\"https:\/\/espndeportes.espn.com\/watch\/player\/_\/id\/48b3a9a2-30d3-4742-96a7-bb1cbca78edc#bucketId=2\" target=\"_blank\" rel=\"nofollow noopener\">Athletic vs. Atl\u00e9tico, 3 p.m. ET<\/a><\/p>\n<p>Domingo 7 de diciembree<br \/>\u2022 <a href=\"https:\/\/espndeportes.espn.com\/watch\/player\/_\/id\/8272bc31-8f87-493a-a618-4e39c881f47c#bucketId=2\" target=\"_blank\" rel=\"nofollow noopener\">Real Madrid vs. Celta Vigo, 1 p.m. ET<\/a><\/p>\n<p>\u00abPara ser sincero, no es aceptable para m\u00ed\u00bb, sostuvo. \u00abSi estuviera en otro lugar, cualquier club proteger\u00eda a sus jugadores. Ahora, es &#8216;Echemos la culpa a Mo porque es un problema en el equipo&#8217;. No creo ser un problema. No lucho por mi puesto todos los d\u00edas porque me lo he ganado. No soy m\u00e1s importante que el club. No soy m\u00e1s importante que nada. Pero me lo he ganado.<\/p>\n<p>\u00abEs lo que hay. En el f\u00fatbol nunca se sabe, pero no acepto esta situaci\u00f3n. He hecho mucho por este club. Lo siento, admiro a [Erling] Haaland porque me cae bien. Soy el m\u00e1ximo goleador actual de la Premier League. Ganemos la liga con estilo.<\/p>\n<p>\u00abClaro que me duele. Lo que he hecho, me duele. Conozco bien el club, llevo muchos a\u00f1os aqu\u00ed. Ma\u00f1ana, [el exjugador y ahora comentarista Jamie] Carragher me va a criticar, pero no pasa nada\u00bb.<\/p>\n<p>Salah ha sido relacionado anteriormente con un fichaje millonario a Arabia Saudita.<\/p>\n<p>Cuando se le pregunt\u00f3 si podr\u00eda fichar por la Liga Profesional Saud\u00ed en enero, Salah respondi\u00f3: \u00abNo quiero responder a esa pregunta porque el club me interpretar\u00e1 de otra manera.<\/p>\n<p>Todo ESPN. Todo en un solo lugar.<\/p>\n<p><a href=\"https:\/\/plus.espn.com\/es-us\/\" target=\"_blank\" rel=\"nofollow noopener\"><img decoding=\"async\" alt=\"\" class=\"imageLoaded\" src=\"https:\/\/www.europesays.com\/es\/wp-content\/uploads\/2025\/08\/r1531432_1296x729_16-9.jpg\" width=\"100%\"\/><\/a><\/p>\n<p>Mira tus eventos favoritos en la app de ESPN, ahora mejorada. Descubre qu\u00e9 plan es el ideal para ti. <b><a href=\"https:\/\/plus.espn.com\/es-us\/\" target=\"_blank\" rel=\"nofollow noopener\">Reg\u00edstrate ahora<\/a><\/b><\/p>\n<p>\u00abHe hecho mucho por este club. Quiero mucho a la afici\u00f3n y al club, no s\u00e9 qu\u00e9 pasar\u00e1 despu\u00e9s. He marcado m\u00e1s goles que nadie en esta generaci\u00f3n desde que llegu\u00e9 a la Premier League. No creo que nadie haya marcado m\u00e1s. \u00bfPuedo dar un ejemplo? Es rid\u00edculo, <a data-player-guid=\"66b16016-7a3a-434f-ae82-e767fc5fac88\" href=\"https:\/\/espndeportes.espn.com\/futbol\/jugador\/_\/id\/142200\/harry-kane\" rel=\"nofollow noopener\" target=\"_blank\">Harry Kane<\/a> no marc\u00f3 en 10 partidos, quiz\u00e1s marc\u00f3 uno o dos. Todos los medios dec\u00edan: &#8216;Harry marcar\u00e1 seguro&#8217;. Ahora dicen: &#8216;Mo tiene que estar en el banquillo'\u00bb.<\/p>\n<p>A\u00f1adi\u00f3: \u00abNo s\u00e9 si alguien quiere que me vaya. Por favor, no pongan palabras en mi boca. Es solo lo que siento. Pregunt\u00e9, pero no veo una explicaci\u00f3n. Sab\u00eda que no iba a jugar. Simplemente hay que aceptarlo y aguantar. Arne me lo dijo ayer. Tuve una reuni\u00f3n ayer. \u00c9l conoce mis sentimientos\u201d.<\/p>\n<p>Cuando le preguntaron si se arrepent\u00eda de haber firmado la extensi\u00f3n de contrato, Salah respondi\u00f3: \u00abQu\u00e9 dif\u00edcil es responder a eso. Incluso la pregunta me duele. Nunca me arrepentir\u00e9 de haber fichado por este club. Pens\u00e9 que firmar\u00eda y terminar\u00eda mi carrera aqu\u00ed. Ahora esto no est\u00e1 saliendo seg\u00fan lo planeado.<\/p>\n<p>\u00abEn mi cabeza, \u00bfpor qu\u00e9 deber\u00eda terminar as\u00ed? Hace cinco meses estaba ganando premios, \u00bfpor qu\u00e9 ahora vamos en esta direcci\u00f3n? No todos en el equipo est\u00e1n en su mejor momento, pero soy yo quien tiene que defenderse. No hay relaci\u00f3n [con Slot]. Antes ten\u00edamos una muy buena relaci\u00f3n. Ahora no hay ninguna. No me siento decepcionado por mis compa\u00f1eros. Ellos saben cu\u00e1nto los quiero y cu\u00e1nto los apoyo. Hay mucho cari\u00f1o entre nosotros\u00bb.<\/p>\n","protected":false},"excerpt":{"rendered":"Salah firm\u00f3 una extensi\u00f3n de contrato en abril tras una temporada individual espectacular que ayud\u00f3 al Liverpool a&hellip;\n","protected":false},"author":2,"featured_media":276637,"comment_status":"","ping_status":"","sticky":false,"template":"","format":"standard","meta":{"footnotes":""},"categories":[5],"tags":[17,18,25,24,13,14,11,19,20,9,10,15,16,23,12,21,22],"class_list":{"0":"post-276636","1":"post","2":"type-post","3":"status-publish","4":"format-standard","5":"has-post-thumbnail","7":"category-titulares","8":"tag-breaking-news","9":"tag-breakingnews","10":"tag-es","11":"tag-espana","12":"tag-featured-news","13":"tag-featurednews","14":"tag-headlines","15":"tag-latest-news","16":"tag-latestnews","17":"tag-news","18":"tag-noticias","19":"tag-noticias-destacadas","20":"tag-noticiasdestacadas","21":"tag-spain","22":"tag-titulares","23":"tag-ultimas-noticias","24":"tag-ultimasnoticias"},"share_on_mastodon":{"url":"https:\/\/pubeurope.com\/@es\/115680691518417219","error":""},"_links":{"self":[{"href":"https:\/\/www.europesays.com\/es\/wp-json\/wp\/v2\/posts\/276636","targetHints":{"allow":["GET"]}}],"collection":[{"href":"https:\/\/www.europesays.com\/es\/wp-json\/wp\/v2\/posts"}],"about":[{"href":"https:\/\/www.europesays.com\/es\/wp-json\/wp\/v2\/types\/post"}],"author":[{"embeddable":true,"href":"https:\/\/www.europesays.com\/es\/wp-json\/wp\/v2\/users\/2"}],"replies":[{"embeddable":true,"href":"https:\/\/www.europesays.com\/es\/wp-json\/wp\/v2\/comments?post=276636"}],"version-history":[{"count":0,"href":"https:\/\/www.europesays.com\/es\/wp-json\/wp\/v2\/posts\/276636\/revisions"}],"wp:featuredmedia":[{"embeddable":true,"href":"https:\/\/www.europesays.com\/es\/wp-json\/wp\/v2\/media\/276637"}],"wp:attachment":[{"href":"https:\/\/www.europesays.com\/es\/wp-json\/wp\/v2\/media?parent=276636"}],"wp:term":[{"taxonomy":"category","embeddable":true,"href":"https:\/\/www.europesays.com\/es\/wp-json\/wp\/v2\/categories?post=276636"},{"taxonomy":"post_tag","embeddable":true,"href":"https:\/\/www.europesays.com\/es\/wp-json\/wp\/v2\/tags?post=276636"}],"curies":[{"name":"wp","href":"https:\/\/api.w.org\/{rel}","templated":true}]}}