{"id":276645,"date":"2025-12-07T22:49:15","date_gmt":"2025-12-07T22:49:15","guid":{"rendered":"https:\/\/www.europesays.com\/es\/276645\/"},"modified":"2025-12-07T22:49:15","modified_gmt":"2025-12-07T22:49:15","slug":"la-divertida-tarde-de-belen-esteban-junto-a-luis-merlo-y-mariano-pena-en-un-bar-de-madrid","status":"publish","type":"post","link":"https:\/\/www.europesays.com\/es\/276645\/","title":{"rendered":"La divertida tarde de Bel\u00e9n Esteban junto a Luis Merlo y Mariano Pe\u00f1a en un\u00a0bar\u00a0de\u00a0Madrid"},"content":{"rendered":"<p data-pm-slice=\"1 1 []\"><a href=\"https:\/\/okdiario.com\/look\/actualidad\/belen-esteban-vuelve-reality-show-repasamos-sus-concursos-todas-sus-polemicas-2424918\" rel=\"nofollow noopener\" target=\"_blank\"><strong>Bel\u00e9n Esteban<\/strong> ha dado un giro de 180\u00ba a sus compromisos profesionales<\/a>. La exitosa colaboradora de televisi\u00f3n ha abandonado el programa No somos nadie, emitido en el canal Quickie y presentado por Mar\u00eda Pati\u00f1o y <a href=\"https:\/\/okdiario.com\/look\/actualidad\/lujosa-zona-madrid-donde-carlota-corredera-tiene-chale-200-metros-cuadrados-2440698\" rel=\"nofollow noopener\" target=\"_blank\">Carlota Corredera<\/a>, para abordar el proyecto de TVE Top chef: Dulces y famoso junto a <strong>Ivana Rodr\u00edguez<\/strong> \u2014la hermana de Georgina\u2014, la actriz <strong>Eva Isanta<\/strong> o <strong>Mariano Pe\u00f1a<\/strong>, entre otros. Ha sido precisamente con el \u00faltimo mencionado con el que ha quedado fuera de los plat\u00f3s para pasar una tarde divertida enmarcada en el puente de la Constituci\u00f3n y la Inmaculada Concepci\u00f3n \u2014que se celebra en Espa\u00f1a en los d\u00edas comprendidos entre el 6 y 8 de diciembre\u2014.<\/p>\n<p>Junto a \u00e9l ha disfrutado de una <strong>jornada cultural<\/strong> <a href=\"https:\/\/okdiario.com\/look\/actualidad\/luis-merlo-confiesa-que-planteado-ser-padre-he-planteado-adopcion-2361584\" rel=\"nofollow noopener\" target=\"_blank\">asistiendo a ver la obra de Luis Merlo<\/a> \u2014otro de los famosos que se enfrenta a los fogones\u2014Un Dios salvaje, que interpreta junto a otros compa\u00f1eros en el Teatro Alc\u00e1zar de Madrid, situado en el n\u00famero 20 de la c\u00e9ntrica calle Alcal\u00e1. Una pieza teatral que estar\u00e1 disponible desde hoy, 7 de diciembre, hasta el pr\u00f3ximo 1 de febrero. \u00abViendo a Luis Merlo con mi mitad, Mariano\u00bb, ha escrito la ex pareja de Jes\u00fas Janeiro en redes sociales.<\/p>\n<p>\n<img decoding=\"async\" loading=\"lazy\" class=\"wp-image-2444546 size-medium\" alt=\"Bel\u00e9n Esteban y Mariano Pe\u00f1a en el teatro. (Foto: Instagram)\" width=\"496\" height=\"620\"  src=\"https:\/\/www.europesays.com\/es\/wp-content\/uploads\/2025\/10\/placeholder.jpg\"  bad-src=\"https:\/\/www.europesays.com\/es\/wp-content\/uploads\/2025\/10\/placeholder.jpg\"\/><\/p>\n<p><img decoding=\"async\" loading=\"lazy\" class=\"wp-image-2444546 size-medium\" src=\"https:\/\/www.europesays.com\/es\/wp-content\/uploads\/2025\/12\/image-2025-12-07t195519.052-496x620.jpg\" alt=\"Bel\u00e9n Esteban y Mariano Pe\u00f1a en el teatro. (Foto: Instagram)\" width=\"496\" height=\"620\"  \/><\/p>\n<p> Bel\u00e9n Esteban y Mariano Pe\u00f1a en el teatro. (Foto: Instagram)\n<\/p>\n<p>De la misma manera y antes de admirar el buen hacer sobre las tablas de Merlo, tambi\u00e9n <strong>ha estado tomando algo<\/strong> junto al protagonista de la serie A\u00edda. \u00abQu\u00e9 feliz soy con mi Mariano\u00bb, ha apuntado la colaboradora en una fotograf\u00eda en la que aparece <strong>abrazada<\/strong> al actor en actitud cari\u00f1osa y <strong>muy sonriente<\/strong>. Una situaci\u00f3n que refleja el fuerte v\u00ednculo que han entre ellos, que ha resultado\u00a0 inesperado para los fans de La patrona y que se ha fraguado durante las grabaciones del programa Top chef: Dulces y famosos.<\/p>\n<p>El look de Bel\u00e9n Esteban<\/p>\n<p>Para esta quedada de amigos, Bel\u00e9n Esteban ha elegido un <strong>estilismo llamativo<\/strong> compuesto por traje de dos piezas de <strong>tart\u00e1n<\/strong> \u2014un estampado t\u00edpico de Escocia de cuadros de diferentes colores entre los que predomina el rojo\u2014 que constaba de camisa y pantal\u00f3n. Para enfrentar las bajas temperaturas de la capital, ha lucido encima del total look un <strong>plum\u00edfero<\/strong> <strong>negro acolchado<\/strong> y brillante con un cintur\u00f3n del mismo material que estilizaba su figura a pesar de las dimensiones de la prenda, firmada por Michael Kors. Adem\u00e1s, contaba con capucha y ten\u00eda alrededor de la misma una ristra de pelo de color natural que aportaba calidez al abrigo y lo hac\u00eda m\u00e1s elegante.<\/p>\n<p>\n<img decoding=\"async\" loading=\"lazy\" class=\"size-medium wp-image-2444550\" alt=\"Bel\u00e9n Esteban y Mariano Pe\u00f1a en un bar. (Foto: Instagram)\" width=\"496\" height=\"620\"  src=\"https:\/\/www.europesays.com\/es\/wp-content\/uploads\/2025\/10\/placeholder.jpg\"  bad-src=\"https:\/\/www.europesays.com\/es\/wp-content\/uploads\/2025\/10\/placeholder.jpg\"\/><\/p>\n<p><img decoding=\"async\" loading=\"lazy\" class=\"size-medium wp-image-2444550\" src=\"https:\/\/www.europesays.com\/es\/wp-content\/uploads\/2025\/12\/image-2025-12-07t195701.833-496x620.jpg\" alt=\"Bel\u00e9n Esteban y Mariano Pe\u00f1a en un bar. (Foto: Instagram)\" width=\"496\" height=\"620\"  \/><\/p>\n<p> Bel\u00e9n Esteban y Mariano Pe\u00f1a en un bar. (Foto: Instagram)\n<\/p>\n<p>Por su parte, Pe\u00f1a ha optado por los colores neutros con un outfit que versaba entre el camel, el crema y el marr\u00f3n chocolate. Hablamos de una elecci\u00f3n compuesta por un anorak, un chaleco y un pantal\u00f3n de pana. Como complementos, ha optado por lucir un <strong>pa\u00f1uelo de animal print<\/strong> de leopardo con grandes manchas sobre un fondo crudo y una ri\u00f1onera en la que guardar sus pertenencias.<\/p>\n<p>El mensaje de Luis Merlo a Bel\u00e9n y Mariano<\/p>\n<p>Visiblemente <strong>emocionado<\/strong>, Luis Merlo no ha dudado en posar con sus compa\u00f1eros y amigos al t\u00e9rmino de la obra. Junto a unas im\u00e1genes con ellos, ha colgado un mensaje de agradecimiento por el esfuerzo que han hecho para acudir a verle. \u00ab\u00a1<strong>Qu\u00e9 maravilla que hay\u00e1is venido<\/strong>!\u00bb, ha escrito el int\u00e9rprete. \u00abMuchas gracias, Bel\u00e9n, has sido todo un descubrimiento, con un <strong>coraz\u00f3n que no te cabe en el pecho y una luz que ilumina todo<\/strong>\u00bb, ha se\u00f1alado, alabando las cualidades de Bel\u00e9n, que siempre se ha caracterizado por ser una persona muy fiel con sus amistades.<\/p>\n<blockquote class=\"instagram-media\" style=\"background: #FFF; border: 0; border-radius: 3px; box-shadow: 0 0 1px 0 rgba(0,0,0,0.5),0 1px 10px 0 rgba(0,0,0,0.15); margin: 1px; max-width: 540px; min-width: 326px; padding: 0; width: calc(100% - 2px);\" data-instgrm-permalink=\"https:\/\/www.instagram.com\/p\/DR7vyoXAkne\/?utm_source=ig_embed&amp;utm_campaign=loading\" data-instgrm-version=\"14\">\n<\/blockquote>\n<p>Para Mariano tambi\u00e9n ha tenido palabras de afecto: \u00abQu\u00e9 decir del gran Mariano Pe\u00f1a, un <strong>pedazo de actor al que tengo un gran cari\u00f1o<\/strong>\u00bb, ha confesado. A continuaci\u00f3n ha dado las \u00abgracias a Top chef por haberle permitido coincidir y conocer m\u00e1s a estos dos soles\u00bb.<\/p>\n<p>\t\t\t\t\t\t\t<script async src=\"\/\/www.instagram.com\/embed.js\"><\/script><\/p>\n","protected":false},"excerpt":{"rendered":"Bel\u00e9n Esteban ha dado un giro de 180\u00ba a sus compromisos profesionales. La exitosa colaboradora de televisi\u00f3n ha&hellip;\n","protected":false},"author":2,"featured_media":276646,"comment_status":"","ping_status":"","sticky":false,"template":"","format":"standard","meta":{"footnotes":""},"categories":[174],"tags":[7904,255,146,147,25,24,256,23],"class_list":{"0":"post-276645","1":"post","2":"type-post","3":"status-publish","4":"format-standard","5":"has-post-thumbnail","7":"category-famosos","8":"tag-belen-esteban","9":"tag-celebrities","10":"tag-entertainment","11":"tag-entretenimiento","12":"tag-es","13":"tag-espana","14":"tag-famosos","15":"tag-spain"},"share_on_mastodon":{"url":"https:\/\/pubeurope.com\/@es\/115680731123638742","error":""},"_links":{"self":[{"href":"https:\/\/www.europesays.com\/es\/wp-json\/wp\/v2\/posts\/276645","targetHints":{"allow":["GET"]}}],"collection":[{"href":"https:\/\/www.europesays.com\/es\/wp-json\/wp\/v2\/posts"}],"about":[{"href":"https:\/\/www.europesays.com\/es\/wp-json\/wp\/v2\/types\/post"}],"author":[{"embeddable":true,"href":"https:\/\/www.europesays.com\/es\/wp-json\/wp\/v2\/users\/2"}],"replies":[{"embeddable":true,"href":"https:\/\/www.europesays.com\/es\/wp-json\/wp\/v2\/comments?post=276645"}],"version-history":[{"count":0,"href":"https:\/\/www.europesays.com\/es\/wp-json\/wp\/v2\/posts\/276645\/revisions"}],"wp:featuredmedia":[{"embeddable":true,"href":"https:\/\/www.europesays.com\/es\/wp-json\/wp\/v2\/media\/276646"}],"wp:attachment":[{"href":"https:\/\/www.europesays.com\/es\/wp-json\/wp\/v2\/media?parent=276645"}],"wp:term":[{"taxonomy":"category","embeddable":true,"href":"https:\/\/www.europesays.com\/es\/wp-json\/wp\/v2\/categories?post=276645"},{"taxonomy":"post_tag","embeddable":true,"href":"https:\/\/www.europesays.com\/es\/wp-json\/wp\/v2\/tags?post=276645"}],"curies":[{"name":"wp","href":"https:\/\/api.w.org\/{rel}","templated":true}]}}