{"id":276647,"date":"2025-12-07T22:52:14","date_gmt":"2025-12-07T22:52:14","guid":{"rendered":"https:\/\/www.europesays.com\/es\/276647\/"},"modified":"2025-12-07T22:52:14","modified_gmt":"2025-12-07T22:52:14","slug":"asi-va-en-audiencias-el-diario-de-jorge-un-pequeno-oasis-en-la-tarde-de-telecinco-que-se-aferra-a-su-renovacion-mas-amplia","status":"publish","type":"post","link":"https:\/\/www.europesays.com\/es\/276647\/","title":{"rendered":"As\u00ed va en audiencias &#8216;El diario de Jorge&#8217;, un peque\u00f1o oasis en la tarde de Telecinco que se aferra a su renovaci\u00f3n m\u00e1s amplia"},"content":{"rendered":"<p class=\"article-text\">\n        Mientras <strong>Gran Hermano 20<\/strong> se encamina hacia su <a href=\"https:\/\/www.eldiario.es\/vertele\/noticias\/drama-gh-20-3-expulsiones-noche-acelerar-edicion-corta-historia_1_12822652.html\" target=\"_blank\" data-mrf-recirculation=\"links-noticia\" class=\"link\" rel=\"nofollow noopener\">prematuro final<\/a>, el otro programa que presenta <strong>Jorge Javier V\u00e1zquez<\/strong> pasa por un momento mucho m\u00e1s tranquilo. Nos referimos, por supuesto, a <strong>El diario de Jorge<\/strong>, que hace unos d\u00edas fue <a href=\"https:\/\/www.eldiario.es\/vertele\/noticias\/telecinco-renueva-diario-jorge-julio-firma-mayor-ampliacion-estreno_1_12796340.html\" target=\"_blank\" data-mrf-recirculation=\"links-noticia\" class=\"link\" rel=\"nofollow noopener\">renovado por 147 entregas m\u00e1s<\/a> en <strong>Telecinco<\/strong>. Una ampliaci\u00f3n r\u00e9cord para el formato producido por <strong>Boomerang TV <\/strong>que garantiza su permanencia en parrilla, como m\u00ednimo, hasta el pr\u00f3ximo mes de julio. Lo justo para llegar a los dos a\u00f1os de vida en el primer canal de Mediaset.\n    <\/p>\n<p>    <a href=\"https:\/\/www.eldiario.es\/vertele\/noticias\/gh-20-acelera-final-telecinco-jorge-javier-vazquez-anuncia-edicion-terminara-navidad_1_12822776.html\" data-mrf-recirculation=\"saber-mas\" data-dl-event=\"saber-mas\" rel=\"nofollow noopener\" target=\"_blank\"><\/p>\n<p class=\"know-more__title\">&#8216;GH 20&#8217; acelera su final en Telecinco: Jorge Javier V\u00e1zquez anuncia que la edici\u00f3n terminar\u00e1 antes de Navidad<\/p>\n<p>            <img decoding=\"async\" class=\"lazy\" loading=\"lazy\" data-src=\"https:\/\/static.eldiario.es\/clip\/00d7020d-031c-4efb-8170-3b5281234971_16-9-aspect-ratio_default_0.jpg\" src=\"data:image\/svg+xml,%3Csvg xmlns=\" http:=\"\" viewbox=\"0 0 880 495\" alt=\"'GH 20' acelera su final en Telecinco: Jorge Javier V\u00e1zquez anuncia que la edici\u00f3n terminar\u00e1 antes de Navidad\"\/><\/p>\n<p>                        <\/a><\/p>\n<p class=\"article-text\">\n        El talk show vio la luz el 29 de julio de 2024, y al principio no lo tuvo nada f\u00e1cil para continuar en emisi\u00f3n ni para llegar a ser lo que es hoy: la \u00fanica oferta que arroja un poco de luz a las tardes de Telecinco. En sus inicios, el programa de testimonios pag\u00f3 cara la arriesgad\u00edsima estrategia de lanzamiento seguida por la cadena, que no solo lo estren\u00f3 a las puertas de agosto \u2014el mes con menor consumo televisivo del a\u00f1o\u2014 y con la competencia directa de los <strong>Juegos Ol\u00edmpicos de Par\u00eds<\/strong>, sino que adem\u00e1s lo hizo en plena sobremesa (de 15:45 a 17:30 horas) y no en el horario de su hist\u00f3rico referente, <strong>El diario de Patricia<\/strong>, que estaba m\u00e1s pr\u00f3ximo a la media tarde durante sus tiempos en Antena 3.\n    <\/p>\n<p class=\"article-text\">\n        Todo esto, junto a la desafecci\u00f3n que el p\u00fablico viene sintiendo de un tiempo a esta parte con Telecinco, hizo que los inicios de El diario de Jorge fueran <a href=\"https:\/\/www.eldiario.es\/vertele\/audiencias-tv\/el-diario-de-jorge-audiencias-primer-mes-tarde-telecinco-mediaset_1_11613764.html\" target=\"_blank\" data-mrf-recirculation=\"links-noticia\" class=\"link\" rel=\"nofollow noopener\">de todo menos esperanzadores<\/a>. \u201cDesde que empezamos hemos vivido siempre con la nube negra de la cancelaci\u00f3n\u201d, reconoci\u00f3 el presentador <a href=\"https:\/\/www.eldiario.es\/vertele\/entrevistas\/jorge-javier-vazquez-supervivientes-2025-telecinco-carpetazo-definitivo-salvame-no-gustaria-volver-vivir-etapa-mediaset_1_12104172.html\" target=\"_blank\" data-mrf-recirculation=\"links-noticia\" class=\"link\" rel=\"nofollow noopener\">hace unos meses<\/a> acerca de aquellos duros primeros pasos, en los que el programa lleg\u00f3 a firmar d\u00edas por debajo del 7% de cuota y un arranque de temporada de lo m\u00e1s complejo (7.2% de media en septiembre, a\u00fan hoy su peor mes hist\u00f3rico).\n    <\/p>\n<p>    Las audiencias de &#8216;El diario de Jorge&#8217;<\/p>\n<p class=\"article-text\">\n        Afortunadamente para sus intereses, Telecinco tir\u00f3 de paciencia y lo mantuvo en emisi\u00f3n hasta finales del pasado enero, que fue cuando decidi\u00f3 renovarlo por <a href=\"https:\/\/www.eldiario.es\/vertele\/noticias\/mediaset-confia-diaro-jorge-javier-vazquez-renueva-telecinco_1_12009085.html\" target=\"_blank\" data-mrf-recirculation=\"links-noticia\" class=\"link\" rel=\"nofollow noopener\">65 entregas m\u00e1s<\/a>. En mayo le siguieron <a href=\"https:\/\/www.eldiario.es\/vertele\/noticias\/mediaset-renueva-diario-jorge-espaldarazo-acecha-sonsoles-llega-familia_1_12273865.html\" target=\"_blank\" data-mrf-recirculation=\"links-noticia\" class=\"link\" rel=\"nofollow noopener\">otras 92 m\u00e1s,<\/a> y ahora 147. Y entre medias, un momento decisivo para el formato: su cambio de horario. Desde finales de febrero, El diario de Jorge se viene emitiendo entre las <strong>18:30 y las 20:00 horas<\/strong>. Un salto a la media tarde propiciado por la marcha de <strong>Ana Rosa Quintana<\/strong> de <strong>TardeAR<\/strong> y que, de manera casi inmediata, situ\u00f3 al talk show en otra dimensi\u00f3n. \u201cPara un programa como este, la hora es esta. Tradicionalmente siempre ha ido a esa hora, siempre (&#8230;) A las 16h era una cosa absolutamente imposible, muy complicada\u201d, dec\u00eda Jorge Javier en aquella misma entrevista.\n    <\/p>\n<p>            <img decoding=\"async\" class=\"lazy\" loading=\"lazy\" data-src=\"https:\/\/static.eldiario.es\/clip\/ed9c2036-ec01-461b-8ecd-d29e4807f4bf_16-9-discover-aspect-ratio_default_0.jpg\" src=\"data:image\/svg+xml,%3Csvg xmlns=\" http:=\"\" viewbox=\"0 0 1200 675\" alt=\"Jorge Javier V\u00e1zquez, en 'El diario de Jorge'\"\/><\/p>\n<p class=\"article-text\">\n        En cuesti\u00f3n de dos meses, su Diario pas\u00f3 de promediar un <strong>8.6% de share<\/strong> (febrero, el \u00faltimo mes con su antiguo horario) a un <strong>11%<\/strong> (abril, su mejor mes hasta la fecha). La mejora fue evidente y, gracias a ella, el programa empez\u00f3 a ganarse la amplia renovaci\u00f3n que ahora acaba de otorgarle Mediaset. Una extensi\u00f3n que el grupo ha justificado haciendo alusi\u00f3n a la \u201cnotable evoluci\u00f3n ascendente\u201d experimentada por el formato entre los tres primeros meses de la temporada 2024\/2025 (7.6% de media) y los tres primeros de la actual (9.6%), si bien este incremento est\u00e1 condicionado por el cambio de horario del programa.\n    <\/p>\n<p class=\"article-text\">\n        <strong>Evoluci\u00f3n interanual de &#8216;El diario de Jorge&#8217;: <\/strong>\n    <\/p>\n<ul>\n<li>Septiembre 2024 (7.2%) \/ Septiembre 2025 (9%)<\/li>\n<li>Octubre 2024 (8%) \/ Octubre 2025 (10.1%)<\/li>\n<li>Noviembre 2024 (7.6%) \/ Noviembre 2025 (9.7%)<\/li>\n<\/ul>\n<p class=\"article-text\">\n        En este sentido, resulta m\u00e1s real comparar los tres primeros mes del programa con su actual horario (marzo-mayo) con los tres \u00faltimos (septiembre-noviembre). Entre un periodo de tiempo y otro se aprecia un ligero descenso de cuota (10.1% vs 9.6%, medio punto menos), pero no en el estatus de El diario de Jorge dentro de las tardes de Telecinco. En primavera ya era el formato m\u00e1s competitivo de la cadena en el tramo central del d\u00eda y ahora, a las puertas de invierno, lo sigue siendo pese a haber visto c\u00f3mo su telonero (Tardear) y su relevo diario (Reacci\u00f3n en cadena) dec\u00edan adi\u00f3s en favor de los dos &#8216;escoltas&#8217; que tiene ahora: <strong>El tiempo justo<\/strong> y <strong>Ag\u00e1rrate al sill\u00f3n<\/strong>.\n    <\/p>\n<p>            <img decoding=\"async\" class=\"lazy\" loading=\"lazy\" data-src=\"https:\/\/static.eldiario.es\/clip\/01208017-3b8c-463f-a4c6-67c1f17e3250_16-9-discover-aspect-ratio_default_0.jpg\" src=\"data:image\/svg+xml,%3Csvg xmlns=\" http:=\"\" viewbox=\"0 0 1200 675\" alt=\"Im\u00e1genes de 'El diario de Jorge', 'El tiempo justo' y 'Ag\u00e1rrate al sill\u00f3n'\"\/><\/p>\n<p class=\"article-text\">\n        El magac\u00edn de <strong>Joaqu\u00edn Prat <\/strong>comenz\u00f3 su aventura el pasado 8 de septiembre, y desde entonces no ha terminado de despegar. Prueba de ello es que apenas ha promediado un <strong>8.9% de cuota<\/strong> en sus tres primeros meses de vida, por lo que no est\u00e1 suponiendo, de momento, una mejora para Telecinco respecto a Tardear. Tampoco Ag\u00e1rrate al sill\u00f3n en relaci\u00f3n a su predecesor, Reacci\u00f3n en cadena, pues el concurso de <strong>Eugeni Alemany<\/strong>, que debut\u00f3 en el tramo final de las tardes el pasado 14 de julio, ha saldado el primer trimestre del curso con apenas un<strong> 8% de share<\/strong> al redondeo. Por tanto, hoy por hoy es el formato que m\u00e1s peligro corre de los tres, y la reci\u00e9n anunciada vuelta de <strong>\u00a1All\u00e1 t\u00fa!<\/strong> \u2014ahora <a href=\"https:\/\/www.eldiario.es\/vertele\/noticias\/sorpresa-telecinco-ficha-juanra-bonet-alla-tu-jesus-vazquez_1_12822355.html\" target=\"_blank\" data-mrf-recirculation=\"links-noticia\" class=\"link\" rel=\"nofollow noopener\">con Juanra Bonet al frente<\/a>\u2014 no le ayuda en este aspecto, aunque de momento Telecinco no ha comunicado si &#8216;el concurso de las cajas&#8217; volver\u00e1 para emitirse semanalmente en el prime time o a diario en la parte final de la franja vespertina, como en sus or\u00edgenes hace 20 a\u00f1os.\n    <\/p>\n<p class=\"article-text\">\n        <strong>Audiencias mensuales de &#8216;El tiempo justo&#8217; esta temporada:<\/strong>\n    <\/p>\n<ul>\n<li>Septiembre: 8.8%<\/li>\n<li>Octubre: 9%<\/li>\n<li>Noviembre: 8.9%<\/li>\n<\/ul>\n<p class=\"article-text\">\n        <strong>Audiencias mensuales de &#8216;Ag\u00e1rrate al sill\u00f3n&#8217; esta temporada: <\/strong>\n    <\/p>\n<ul>\n<li>Septiembre: 7.9%<\/li>\n<li>Octubre: 8.1%<\/li>\n<li>Noviembre: 7.9%<\/li>\n<\/ul>\n<p class=\"article-text\">\n        <strong>Audiencia media mensual de las tardes de Telecinco esta temporada:<\/strong>\n    <\/p>\n<ul>\n<li>El tiempo justo: 8.9%<\/li>\n<li>El diario de Jorge: 9.6%<\/li>\n<li>Ag\u00e1rrate al sill\u00f3n: 8%<\/li>\n<\/ul>\n<p>    Los rivales de &#8216;El diario de Jorge&#8217; y el horizonte del talk show<\/p>\n<p class=\"article-text\">\n        Datos como estos son los que justifican la continuidad de El diario de Jorge, al menos, hasta el pr\u00f3ximo verano a pesar de que el programa ahora mismo est\u00e1 por debajo del doble d\u00edgito (9.6% en noviembre, 9.2% en la primera semana de diciembre). Eso s\u00ed, tan cierto es esto como que viene de firmar las dos <strong>entregas m\u00e1s vistas de su historia<\/strong> (886.000 espectadores los d\u00edas 25 de noviembre y 2 de diciembre), por lo que se aprecia en \u00e9l un inter\u00e9s por parte del p\u00fablico superior al que tienen sus compa\u00f1eros en la tarde de Telecinco.\n    <\/p>\n<p>            <img decoding=\"async\" class=\"lazy\" loading=\"lazy\" data-src=\"https:\/\/static.eldiario.es\/clip\/c0e24c61-9b9e-4253-b062-4a7ec2319e12_16-9-discover-aspect-ratio_default_0.jpg\" src=\"data:image\/svg+xml,%3Csvg xmlns=\" http:=\"\" viewbox=\"0 0 1200 675\" alt=\"Jorge Javier V\u00e1zquez, en 'El diario de Jorge' de Telecinco\"\/><\/p>\n<p class=\"article-text\">\n        Esto \u00faltimo resta importancia al hecho de que, fuera de los m\u00e1rgenes de su cadena, la vida para El diario de Jorge no sea tan sencilla. El talk show compite de lunes a viernes con <strong>La Promesa<\/strong> (13.1% de cuota entre septiembre y noviembre) y parcialmente con <strong>Malas lenguas<\/strong> (11%) y <strong>Y ahora Sonsoles<\/strong> (10.6%), tres rivales con mejores n\u00fameros y que, por consiguiente, le impiden liderar su franja de emisi\u00f3n. Aun as\u00ed, habla bien del programa de testimonios que se haya mantenido m\u00e1s o menos estable aun teniendo una competencia m\u00e1s feroz que en primavera, cuando no ten\u00eda enfrente al programa de<strong> Jes\u00fas Cintora<\/strong>, sino a <strong>El Cazador <\/strong>y, poco despu\u00e9s, a <strong>La familia de la tele<\/strong>, dos ofertas de escaso impacto (6-7% de media en las tardes de La 1) que nunca llegaron a ser una amenaza real.\n    <\/p>\n<p>    <a href=\"https:\/\/www.eldiario.es\/vertele\/entrevistas\/wyoming-el-intermedio-lasexta-lucha-desinformacion-confundir-error-mentira_1_12822482.html\" data-mrf-recirculation=\"saber-mas-abajo\" data-dl-event=\"saber-mas-abajo\" rel=\"nofollow noopener\" target=\"_blank\"><\/p>\n<p class=\"know-more__title\">Wyoming lucha desde &#8216;El Intermedio&#8217; contra la desinformaci\u00f3n: \u00abSe intenta confundir entre un error y una mentira\u00bb<\/p>\n<p>            <img decoding=\"async\" class=\"lazy\" loading=\"lazy\" data-src=\"https:\/\/static.eldiario.es\/clip\/d8866925-acb5-4a48-aa8b-87eb42e1d315_16-9-aspect-ratio_default_0.jpg\" src=\"data:image\/svg+xml,%3Csvg xmlns=\" http:=\"\" viewbox=\"0 0 880 495\" alt=\"Wyoming lucha desde 'El Intermedio' contra la desinformaci\u00f3n: &quot;Se intenta confundir entre un error y una mentira&quot;\"\/><\/p>\n<p>                        <\/a><\/p>\n<p class=\"article-text\">\n        Ahora, la amenaza de El diario de Jorge est\u00e1 en que pueda perder altura de aqu\u00ed a julio y poner en peligro su siguiente renovaci\u00f3n, que en caso de producirse ser\u00eda <strong>la cuarta oficial<\/strong> que le concede Mediaset. Para ello, a\u00fan m\u00e1s de medio a\u00f1o por delante. Unos ocho meses que pueden ser muy cortos o muy largos para el formato, pero que afronta con la tranquilidad de saber que, de momento, est\u00e1 <strong>rindiendo por encima de la media<\/strong> de Telecinco (9.2% en el primer trimestre del curso) y tiene garantizada su continuidad hasta el final de la pr\u00f3xima temporada. Llegado ese momento, el canal tendr\u00e1 deber\u00e1 decidir si se conforma con las cifras del programa y lo renueva de nuevo o si, por el contrario, apuesta por revolucionar de arriba a abajo sus tardes de lunes a viernes, cuyo bajo rendimiento general \u2014entre otros muchos factores\u2014 le est\u00e1 impidiendo salir de la profunda crisis de audiencia en la que lleva instalado desde hace ya demasiado tiempo.\n    <\/p>\n","protected":false},"excerpt":{"rendered":"Mientras Gran Hermano 20 se encamina hacia su prematuro final, el otro programa que presenta Jorge Javier V\u00e1zquez&hellip;\n","protected":false},"author":2,"featured_media":276648,"comment_status":"","ping_status":"","sticky":false,"template":"","format":"standard","meta":{"footnotes":""},"categories":[171],"tags":[7530,19363,8722,2509,67363,146,147,25,24,1179,3528,2050,1135,23,11054,692,214,379],"class_list":{"0":"post-276647","1":"post","2":"type-post","3":"status-publish","4":"format-standard","5":"has-post-thumbnail","7":"category-tv","8":"tag-aferra","9":"tag-amplia","10":"tag-asi","11":"tag-audiencias","12":"tag-el-diario-de-jorge","13":"tag-entertainment","14":"tag-entretenimiento","15":"tag-es","16":"tag-espana","17":"tag-mas","18":"tag-oasis","19":"tag-pequeno","20":"tag-renovacion","21":"tag-spain","22":"tag-tarde","23":"tag-telecinco","24":"tag-tv","25":"tag-va"},"share_on_mastodon":{"url":"https:\/\/pubeurope.com\/@es\/115680742371691290","error":""},"_links":{"self":[{"href":"https:\/\/www.europesays.com\/es\/wp-json\/wp\/v2\/posts\/276647","targetHints":{"allow":["GET"]}}],"collection":[{"href":"https:\/\/www.europesays.com\/es\/wp-json\/wp\/v2\/posts"}],"about":[{"href":"https:\/\/www.europesays.com\/es\/wp-json\/wp\/v2\/types\/post"}],"author":[{"embeddable":true,"href":"https:\/\/www.europesays.com\/es\/wp-json\/wp\/v2\/users\/2"}],"replies":[{"embeddable":true,"href":"https:\/\/www.europesays.com\/es\/wp-json\/wp\/v2\/comments?post=276647"}],"version-history":[{"count":0,"href":"https:\/\/www.europesays.com\/es\/wp-json\/wp\/v2\/posts\/276647\/revisions"}],"wp:featuredmedia":[{"embeddable":true,"href":"https:\/\/www.europesays.com\/es\/wp-json\/wp\/v2\/media\/276648"}],"wp:attachment":[{"href":"https:\/\/www.europesays.com\/es\/wp-json\/wp\/v2\/media?parent=276647"}],"wp:term":[{"taxonomy":"category","embeddable":true,"href":"https:\/\/www.europesays.com\/es\/wp-json\/wp\/v2\/categories?post=276647"},{"taxonomy":"post_tag","embeddable":true,"href":"https:\/\/www.europesays.com\/es\/wp-json\/wp\/v2\/tags?post=276647"}],"curies":[{"name":"wp","href":"https:\/\/api.w.org\/{rel}","templated":true}]}}