{"id":276655,"date":"2025-12-07T22:56:10","date_gmt":"2025-12-07T22:56:10","guid":{"rendered":"https:\/\/www.europesays.com\/es\/276655\/"},"modified":"2025-12-07T22:56:10","modified_gmt":"2025-12-07T22:56:10","slug":"motivos-del-alza-de-la-gripe-en-alava","status":"publish","type":"post","link":"https:\/\/www.europesays.com\/es\/276655\/","title":{"rendered":"Motivos del alza de la gripe en \u00c1lava"},"content":{"rendered":"<p>\n        La <a href=\"https:\/\/www.noticiasdealava.eus\/sociedad\/2025\/12\/03\/euskadi-alcanza-ingresos-gripe-10429839.html\" title=\"gripe\" target=\"_blank\" class=\"link copy\" rel=\"nofollow noopener\">gripe<\/a> es, por motivos obvios, la <strong>enfermedad cl\u00e1sica de esta \u00e9poca del a\u00f1o,<\/strong> pero la prontitud con la que este 2025 ha empezado a hacer sus<strong> habituales estragos <\/strong>y la gran cantidad de contagios que est\u00e1 provocando han generado<strong> muchas preguntas entre la poblaci\u00f3n.<\/strong> Por qu\u00e9 el virus ha llegado antes o por qu\u00e9 est\u00e1 circulando<strong> con tanta intensidad son solo dos de ellas.<\/strong>\n<\/p>\n<p>        \u201cA d\u00eda de hoy, no hay evidencias de que la variante k sea m\u00e1s virulenta que la gripe que ha circulado en Euskadi a\u00f1os anteriores, aunqueal tratarse de una variante nueva se propaga con mayor facilidad\u201d<\/p>\n<p class=\"article-quote__author\">Marta Logro\u00f1o &#8211; Marga Logro\u00f1o, subdirectora para la coordinaci\u00f3n de la atenci\u00f3n hospitalaria de Osakidetza.<\/p>\n<p class=\"article-body__text \">\n        La respuesta a ambas cuestiones se encuentra en que la epidemia actual ha sido causada por la<strong> variante <\/strong><strong>k <\/strong><strong>del virus de la gripe A (H3N2), <\/strong>que presenta <strong>varias mutaciones en la prote\u00edna hemaglutinina<\/strong> que hacen que el sistema inmunitario<strong> \u201creconozca peor\u201d <\/strong>al pat\u00f3geno, seg\u00fan explica <strong>Marta\u00a0Logro\u00f1o, <\/strong>subdirectora para la coordinaci\u00f3n de la atenci\u00f3n hospitalaria de Osakidetza.\u00a0\n<\/p>\n<p class=\"article-body__text \">\n        \u201cA d\u00eda de hoy, no hay evidencias de que la variante k sea m\u00e1s virulenta que la gripe que ha circulado en Euskadi a\u00f1os anteriores, aunque es cierto que al tratarse de una variante nueva se propaga con mayor facilidad\u201d, expone la profesional.\n<\/p>\n<p class=\"article-body__text \">\n        Logro\u00f1o recuerda en este punto que<strong> la vacuna disponible es \u201ceficaz\u201d y, adem\u00e1s, \u201cla \u00fanica medida preventiva<\/strong> que ha demostrado ofrecer protecci\u00f3n frente a la gripe\u201d.\u00a0\n<\/p>\n<p>  Toda la poblaci\u00f3n<\/p>\n<p class=\"article-body__text \">\n        El Departamento vasco de Salud y Osakidetza siguen recomendando vacunarse <strong>\u201ca toda la poblaci\u00f3n general\u201d <\/strong>y, en especial, a los colectivos de riesgo.\n<\/p>\n<p class=\"article-body__text \">\n        El uso de <a href=\"https:\/\/www.noticiasdealava.eus\/sociedad\/2025\/12\/03\/teletrabajo-mascarillas-refuerzo-urgencias-gripe-10427735.html\" title=\"mascarilla\" target=\"_blank\" class=\"link copy\" rel=\"nofollow noopener\">mascarilla<\/a> en caso de presentar s\u00edntomas, la<strong> ventilaci\u00f3n de los espacios cerrados<\/strong> y la higiene de manos son tres sencillas medidas que tambi\u00e9n<strong> ayudan a reducir la propagaci\u00f3n<\/strong> del virus.\n<\/p>\n<p class=\"article-photo__footer\">\n            Acceso al centro de salud de Zabalgana.            Pilar Barco        <\/p>\n<p class=\"article-body__text \">\n        <a href=\"https:\/\/www.osakidetza.euskadi.eus\/vacunacion-antigripal\/\" title=\"Osakidetza\" rel=\"nofollow noopener\" target=\"_blank\" class=\"link copy\">Osakidetza<\/a> ha administrado <strong>557.546 vacunas<\/strong> frente a la gripe hasta el pasado lunes 1, lo que supone un incremento del 12% respecto al mismo periodo del a\u00f1o anterior. <strong>De ellas, 78.978 en \u00c1lava.\u00a0<\/strong>\n<\/p>\n<p class=\"article-body__text \">\n        Adem\u00e1s, los profesionales del ente p\u00fablico vasco han puesto hasta la fecha<strong> 292.160 dosis m\u00e1s<\/strong> frente al covid-19 dentro de su estrategia de inmunizaci\u00f3n conjunta contra las infecciones respiratorias.\n<\/p>\n<p>  Cifras elevadas <\/p>\n<p class=\"article-body__text \">\n        La vacunaci\u00f3n ha alcanzado cifras muy elevadas en las residencias de mayores: <strong>84% frente a la gripe y 72% frente al covid, <\/strong>con 17.244 y 14.794 dosis administradas respectivamente.\n<\/p>\n<p class=\"article-body__text \">\n        Adem\u00e1s, la cobertura entre las mujeres embarazadas es del 52,3%, lo que<strong> ha supuesto superar ya las cifras totales de 2024.<\/strong>\u00a0\n<\/p>\n<p class=\"article-photo__footer\">\n            Un ni\u00f1o recibe la vacuna intranasal contra la gripe.            Pilar Barco        <\/p>\n<p class=\"article-body__text \">\n        Por otra parte, el Servicio Vasco de Salud ha administrado 25.527 dosis entre la poblaci\u00f3n infantil <strong>de seis a 59 meses, lo que representa un 38,9% de cobertura. <\/strong>Los datos de vacunaci\u00f3n de Osakidetza indican que en estos primeros d\u00edas de diciembre ya se ha alcanzado la cobertura vacunal a la que se lleg\u00f3 <strong>en todo 2024.\u00a0<\/strong>\n<\/p>\n<p class=\"article-body__text \">\n        Entre los profesionales sanitarios, otro de los principales grupos diana, Osakidetza ha administrado ya un total de <strong>13.743 dosis de vacuna antigripal,<\/strong> lo que supone un 20% m\u00e1s que el a\u00f1o pasado.\u00a0<\/p>\n","protected":false},"excerpt":{"rendered":"La gripe es, por motivos obvios, la enfermedad cl\u00e1sica de esta \u00e9poca del a\u00f1o, pero la prontitud con&hellip;\n","protected":false},"author":2,"featured_media":276656,"comment_status":"","ping_status":"","sticky":false,"template":"","format":"standard","meta":{"footnotes":""},"categories":[92],"tags":[3935,67365,67364,25,24,7749,165,5136,1179,166,23,2275],"class_list":["post-276655","post","type-post","status-publish","format-standard","has-post-thumbnail","category-salud","tag-alava","tag-alza-de-la-gripe-en-alava","tag-circulando","tag-es","tag-espana","tag-gripe","tag-health","tag-llegado","tag-mas","tag-salud","tag-spain","tag-virus"],"share_on_mastodon":{"url":"https:\/\/pubeurope.com\/@es\/115680758090585785","error":""},"_links":{"self":[{"href":"https:\/\/www.europesays.com\/es\/wp-json\/wp\/v2\/posts\/276655","targetHints":{"allow":["GET"]}}],"collection":[{"href":"https:\/\/www.europesays.com\/es\/wp-json\/wp\/v2\/posts"}],"about":[{"href":"https:\/\/www.europesays.com\/es\/wp-json\/wp\/v2\/types\/post"}],"author":[{"embeddable":true,"href":"https:\/\/www.europesays.com\/es\/wp-json\/wp\/v2\/users\/2"}],"replies":[{"embeddable":true,"href":"https:\/\/www.europesays.com\/es\/wp-json\/wp\/v2\/comments?post=276655"}],"version-history":[{"count":0,"href":"https:\/\/www.europesays.com\/es\/wp-json\/wp\/v2\/posts\/276655\/revisions"}],"wp:featuredmedia":[{"embeddable":true,"href":"https:\/\/www.europesays.com\/es\/wp-json\/wp\/v2\/media\/276656"}],"wp:attachment":[{"href":"https:\/\/www.europesays.com\/es\/wp-json\/wp\/v2\/media?parent=276655"}],"wp:term":[{"taxonomy":"category","embeddable":true,"href":"https:\/\/www.europesays.com\/es\/wp-json\/wp\/v2\/categories?post=276655"},{"taxonomy":"post_tag","embeddable":true,"href":"https:\/\/www.europesays.com\/es\/wp-json\/wp\/v2\/tags?post=276655"}],"curies":[{"name":"wp","href":"https:\/\/api.w.org\/{rel}","templated":true}]}}