{"id":276663,"date":"2025-12-07T23:00:13","date_gmt":"2025-12-07T23:00:13","guid":{"rendered":"https:\/\/www.europesays.com\/es\/276663\/"},"modified":"2025-12-07T23:00:13","modified_gmt":"2025-12-07T23:00:13","slug":"obras-y-documentos-antiguos-del-louvre-danados-por-una-fuga-de-agua","status":"publish","type":"post","link":"https:\/\/www.europesays.com\/es\/276663\/","title":{"rendered":"Obras y documentos antiguos del Louvre da\u00f1ados por una fuga de agua"},"content":{"rendered":"<p>Varias obras y documentos antiguos resultaron da\u00f1ados el pasado 27 de noviembre en el <strong>Museo del Louvre<\/strong> por una inundaci\u00f3n en la biblioteca de antig\u00fcedades egipcias por la aver\u00eda de unas tuber\u00edas.<\/p>\n<p>La informaci\u00f3n ha sido revelada este domingo por La Tribune de l&#8217;Art, una publicaci\u00f3n especializada, y confirmada por el canal BFMTV, que ha podido consultar varias fotograf\u00edas del siniestro y un correo electr\u00f3nico interno del Comit\u00e9 de Higiene, de Seguridad y de Condiciones de Trabajo (CHSCT) en el que se daba cuenta de lo ocurrido.<\/p>\n<p>En ese mensaje enviado un d\u00eda despu\u00e9s, el autor explicaba que \u00abuna v\u00e1lvula que alimentaba las <strong>tuber\u00edas encima de la documentaci\u00f3n, que se sab\u00eda que estaban defectuosas<\/strong>, provoc\u00f3 una importante inundaci\u00f3n de agua sucia que da\u00f1\u00f3 gravemente obras y documentos y deterior\u00f3 considerablemente los espacios de trabajo de nuestros compa\u00f1eros\u00bb.<\/p>\n<p>Los empleados que trabajaban esa noche pudieron <strong>cortar la fuga sin que llegara a afectar una caja el\u00e9ctrica<\/strong> en una planta inferior, lo que hubiera corrido el riesgo de provocar un accidente \u00abgrave\u00bb, seg\u00fan el CHSCT.<\/p>\n<p>El responsable de La Tribune de l&#8217;Art, Didier Rykner, ha cifrado en <strong>\u00abunas 400\u00bb las obras da\u00f1adas<\/strong>, algunas de ellas en un estado \u00abirrecuperable\u00bb. Rykner ha denunciado que este incidente no es una sorpresa porque \u00abdesde hace a\u00f1os\u00bb el personal del departamento lleva pidiendo fondos para proteger los libros de una potencial ruptura de las canalizaciones \u00abcuyo estado vetusto es bien conocido\u00bb.<\/p>\n<p>Pabell\u00f3n Mollien, Museo del Louvre.\u00a0Getty Images<\/p>\n<p>La biblioteca de antig\u00fcedades egipcias, ubicada en el pabell\u00f3n Mollien, forma parte de un <strong>servicio de estudios y documentaci\u00f3n<\/strong> a la que pueden acceder \u00fanicamente conservadores, historiadores, universitarios y personal del Museo del Louvre.<\/p>\n<p>Las joyas robadas en octubre no han podido ser recuperadas<\/p>\n<p>Rykner ha contrastado el estado supuestamente deplorable de esas instalaciones con los 276.000 euros gastados para comprar <strong>mobiliario de dise\u00f1o para las oficinas de la presidenta directora del Louvre<\/strong>, Laurence des Cars, de su administrador general y de algunos otros empleados que tienen su despacho en ese \u00e1rea.<\/p>\n<p>Todo esto sucede en un momento en que el Louvre est\u00e1 envuelto en la pol\u00e9mica por el <a href=\"https:\/\/www.rtve.es\/noticias\/20251019\/robo-joyas-louvre-ultimo-larga-lista-atracos-pelicula-museos\/16777286.shtml\" target=\"_blank\" rel=\"nofollow noopener\">espectacular robo del que fue v\u00edctima el 19 de octubre<\/a>, en el que un grupo de ladrones que accedieron con un montacargas a la galer\u00eda de Apolo en pleno d\u00eda <a href=\"https:\/\/www.rtve.es\/noticias\/20251021\/fiscal-paris-louvre-88-millones-euros-joyas-robadas\/16780615.shtml\" target=\"_blank\" rel=\"nofollow noopener\">se llevaron joyas de la corona de Francia<\/a>.<\/p>\n<p><a href=\"https:\/\/www.rtve.es\/noticias\/20251030\/detienen-cinco-nuevos-sospechosos-robo-joyas-museo-louvre\/16793072.shtml\" target=\"_blank\" rel=\"nofollow noopener\">Todos los miembros del comando han sido detenidos<\/a>, pero las <strong>joyas no han podido ser recuperadas<\/strong>. El pr\u00f3ximo mi\u00e9rcoles en el Senado se presentar\u00e1n las conclusiones de la investigaci\u00f3n administrativa que se puso en marcha para aclarar lo ocurrido y los posibles fallos en la seguridad.<\/p>\n","protected":false},"excerpt":{"rendered":"Varias obras y documentos antiguos resultaron da\u00f1ados el pasado 27 de noviembre en el Museo del Louvre por&hellip;\n","protected":false},"author":2,"featured_media":276664,"comment_status":"","ping_status":"","sticky":false,"template":"","format":"standard","meta":{"footnotes":""},"categories":[42],"tags":[17,18,13,14,11,61,62,63,64,19,20,9,10,15,16,12,21,22,65,66,67],"class_list":{"0":"post-276663","1":"post","2":"type-post","3":"status-publish","4":"format-standard","5":"has-post-thumbnail","7":"category-internacional","8":"tag-breaking-news","9":"tag-breakingnews","10":"tag-featured-news","11":"tag-featurednews","12":"tag-headlines","13":"tag-internacional","14":"tag-international","15":"tag-international-news","16":"tag-internationalnews","17":"tag-latest-news","18":"tag-latestnews","19":"tag-news","20":"tag-noticias","21":"tag-noticias-destacadas","22":"tag-noticiasdestacadas","23":"tag-titulares","24":"tag-ultimas-noticias","25":"tag-ultimasnoticias","26":"tag-world","27":"tag-world-news","28":"tag-worldnews"},"share_on_mastodon":{"url":"https:\/\/pubeurope.com\/@es\/115680773698559979","error":""},"_links":{"self":[{"href":"https:\/\/www.europesays.com\/es\/wp-json\/wp\/v2\/posts\/276663","targetHints":{"allow":["GET"]}}],"collection":[{"href":"https:\/\/www.europesays.com\/es\/wp-json\/wp\/v2\/posts"}],"about":[{"href":"https:\/\/www.europesays.com\/es\/wp-json\/wp\/v2\/types\/post"}],"author":[{"embeddable":true,"href":"https:\/\/www.europesays.com\/es\/wp-json\/wp\/v2\/users\/2"}],"replies":[{"embeddable":true,"href":"https:\/\/www.europesays.com\/es\/wp-json\/wp\/v2\/comments?post=276663"}],"version-history":[{"count":0,"href":"https:\/\/www.europesays.com\/es\/wp-json\/wp\/v2\/posts\/276663\/revisions"}],"wp:featuredmedia":[{"embeddable":true,"href":"https:\/\/www.europesays.com\/es\/wp-json\/wp\/v2\/media\/276664"}],"wp:attachment":[{"href":"https:\/\/www.europesays.com\/es\/wp-json\/wp\/v2\/media?parent=276663"}],"wp:term":[{"taxonomy":"category","embeddable":true,"href":"https:\/\/www.europesays.com\/es\/wp-json\/wp\/v2\/categories?post=276663"},{"taxonomy":"post_tag","embeddable":true,"href":"https:\/\/www.europesays.com\/es\/wp-json\/wp\/v2\/tags?post=276663"}],"curies":[{"name":"wp","href":"https:\/\/api.w.org\/{rel}","templated":true}]}}