{"id":276675,"date":"2025-12-07T23:12:13","date_gmt":"2025-12-07T23:12:13","guid":{"rendered":"https:\/\/www.europesays.com\/es\/276675\/"},"modified":"2025-12-07T23:12:13","modified_gmt":"2025-12-07T23:12:13","slug":"ha-sido-uno-de-los-mejores-anos-de-mi-vida","status":"publish","type":"post","link":"https:\/\/www.europesays.com\/es\/276675\/","title":{"rendered":"Ha sido uno de los mejores a\u00f1os de mi vida"},"content":{"rendered":"<p id=\"eY99kFrVHR\" data-wc=\"68\">Nieves \u00c1lvarez despide un a\u00f1o redondo. <a class=\"hm-link ho-link\" href=\"https:\/\/www.hola.com\/moda\/20251114867622\/nieves-alvarez-traje-terciopelo-burdeos-look-fiesta-juan-avellaneda\/\" data-mrf-recirculation=\"article-body-link\" rel=\"nofollow noopener\" target=\"_blank\">La modelo, empresaria de belleza y presentadora cierra 2025 a lo grande, celebrando sus \u00e9xitos en el terreno laboral \u2014hace unos d\u00edas recibi\u00f3 la Antena de Oro \u00abpor su profesionalidad al frente de\u00a0Flash moda,\u00a0<\/a>acercando al espectador al mundo de la moda\u00bb\u2014 y tambi\u00e9n en el personal, <strong>tras su compromiso con Bill Saad, al que dar\u00e1 el \u00abs\u00ed, quiero\u00bb en 2026.\u00a0<\/strong><\/p>\n<p>  <img src=\"https:\/\/www.europesays.com\/es\/wp-content\/uploads\/2025\/12\/5a4fccd34d5b-9f4a5504c7d6-16ffb0920bf5899aa9036b829f3c4b55nievesbeautyredondo86060.jpg\"   width=\"1080\" height=\"1080\" loading=\"lazy\" decoding=\"async\" alt=\"Nieves \u00c1lvarez con cabello recogido, aretes grandes, y vestido plateado, posando con fondo rojo\" fetchpriority=\"auto\" class=\"image ho-image\"\/>\u00a9 \u00c1lvaro Gracia\u00bbLa Antena de Oro es uno de los reconocimientos que he vivido con m\u00e1s ilusi\u00f3n. Estar rodeada de grandes maestros de la comunicaci\u00f3n y que mi trabajo a trav\u00e9s de Flash moda fuese reconocido tras 14 a\u00f1os es una fuente de energ\u00eda para seguir trabajando\u00bb, comenta Nieves, que despide a lo grande el que tambi\u00e9n ha sido el a\u00f1o de su compromiso con Bill Saad<\/p>\n<p id=\"eb6KOyBEiJ\" data-wc=\"59\">Asimismo,<strong>\u00a0Nieves dice adi\u00f3s al a\u00f1o con Redondo, Jorge, junto al que firma una colaboraci\u00f3n muy especial.<\/strong> \u00abNos hemos unido dos personas amantes de la moda, la belleza, la decoraci\u00f3n\u2026 De esa pasi\u00f3n hemos creado nuestra\u00a0Christmas box y ha sido un proceso maravilloso\u00bb, nos comenta la modelo. \u00abPensamos en productos que se puedan utilizar a cualquier edad \u2014a\u00f1ade\u2014.\u00a0<\/p>\n<p id=\"e-t99dNXwd\" data-wc=\"77\">Los <strong>tratamientos labiales de Nieves Beauty\u00a0son nuestros\u00a0<\/strong><strong>best sellers<\/strong>; adem\u00e1s, incluye un minis\u00e9rum, todo ello unido a dos opciones de pendientes de Redondo Brand y un\u00a0charm muy de tendencia que ha creado para llevar tu mascarilla labial y no volvernos locos buscando en el bolso o incluso meter los iPods\u00bb. Todo ello se presenta en una caja de madera lacada en rojo<strong>, \u00abque puedes utilizar en tu casa como joyero o decoraci\u00f3n\u00bb<\/strong>, comenta la modelo.<\/p>\n<blockquote class=\"ho-bl-1081603 -no-figcaption\" cite=\"\">\n<p id=\"edvkA6wyrZ0\">\u00abEste ha sido un a\u00f1o maravilloso a nivel personal y profesional\u00bb, nos dice la modelo y empresaria, que se ha unido al dise\u00f1ador Jorge Redondo en una colaboraci\u00f3n muy especial<\/p>\n<\/blockquote>\n<p class=\"HOLA-TEMAS_5b--PREGUNTA-NEGRITA question-s1\" id=\"e9P4odHedcQO\" data-wc=\"10\"><strong>\u00bfDesde cu\u00e1ndo conoces a Jorge? \u00bfHas trabajado mucho con \u00e9l?<\/strong><\/p>\n<p class=\"HOLA-TEMAS_5a--TEXTO-NORMAL answer-s1\" id=\"eBcBPYUbz1yR\" data-wc=\"61\">Admiro a Jorge, su perfeccionismo, las ganas de hacer siempre algo excelente. <a class=\"hm-link ho-link\" href=\"https:\/\/www.hola.com\/novias\/20221205221884\/jorge-redondo-brand-vestidos-invitadas-entrevista\/\" data-mrf-recirculation=\"article-body-link\" rel=\"nofollow noopener\" target=\"_blank\">Me encanta trabajar con \u00e9l y hacer realidad nuestros sue\u00f1os. Para esta colaboraci\u00f3n, su maravilloso equipo cre\u00f3 un vestido flor como hilo conductor de esta campa\u00f1a.<\/a> Los pendientes son flores, el \u201ccharm\u201d tambi\u00e9n y el activo principal de Nieves Beauty son las c\u00e9lulas madre de la flor de edelweiss.<\/p>\n<p>Patronaje maravilloso<\/p>\n<p class=\"HOLA-TEMAS_5b--PREGUNTA-NEGRITA question-s1\" id=\"e12szwyMhvXT\" data-wc=\"6\"><strong>\u00bfQu\u00e9 destacas de \u00e9l como creador?<\/strong><\/p>\n<p class=\"HOLA-TEMAS_5a--TEXTO-NORMAL answer-s1\" id=\"eIQ5CL1RkxIs\" data-wc=\"27\">El <strong>detalle y el patronaje maravilloso de cada pieza que desarrolla en su taller.<\/strong> Ha sabido acercar a un p\u00fablico muy joven su est\u00e9tica cl\u00e1sica aport\u00e1ndole modernidad.<\/p>\n<p class=\"HOLA-TEMAS_5b--PREGUNTA-NEGRITA question-s1\" id=\"eoleKvZMw2lr\" data-wc=\"19\"><strong>Cierras un a\u00f1o espectacular: tu compromiso, la Antena de Oro que recibiste hace unos d\u00edas\u2026 \u00bfSe puede pedir m\u00e1s?<\/strong><\/p>\n<p class=\"HOLA-TEMAS_5a--TEXTO-NORMAL answer-s1\" id=\"e8lXXPc5uY1n\" data-wc=\"74\">Ha sido un <strong>a\u00f1o maravilloso a nivel personal y profesional.<\/strong> La Antena de Oro es uno de los reconocimientos que he vivido con m\u00e1s ilusi\u00f3n. Estar rodeada de grandes maestros de la comunicaci\u00f3n y que<strong>\u00a0mi trabajo a trav\u00e9s de\u00a0Flash moda fuese reconocido tras 14 a\u00f1os<\/strong> es una fuente de energ\u00eda para seguir trabajando todo el equipo que cada fin de semana acercamos la moda y el periodismo de calidad a los telespectadores.<\/p>\n<p>  <img src=\"https:\/\/www.europesays.com\/es\/wp-content\/uploads\/2025\/12\/8cad14fe1511-1fe9f61c7d6aa18668d977505be12e4bnievesbeautyredondo86253cut.jpg\"   width=\"2500\" height=\"3125\" loading=\"lazy\" decoding=\"async\" alt=\"Nieves \u00c1lvarez con vestido rojo y rosa satinado, sosteniendo una pi\u00f1ata y una caja de regalo.\" fetchpriority=\"auto\" class=\"image ho-image\"\/>\u00a9 \u00c1lvaro GraciaLa presentadora posa con dise\u00f1os de fiesta de Redondo Brand<\/p>\n<p class=\"HOLA-TEMAS_5b--PREGUNTA-NEGRITA question-s1\" id=\"ejwiupuJ9_kQ\" data-wc=\"7\"><strong>\u00bfPor qu\u00e9 vas a brindar estas Navidades?<\/strong><\/p>\n<p class=\"HOLA-TEMAS_5a--TEXTO-NORMAL answer-s1\" id=\"eArB0X8UnQzj\" data-wc=\"33\">Cada Navidad brindo y doy las gracias. <strong>Agradecer es el regalo m\u00e1s bonito que podemos tener.<\/strong> Solo brindo por salud y espero que este <strong>mundo recupere la serenidad y la paz que necesitamos.<\/strong><\/p>\n<p class=\"HOLA-TEMAS_5b--PREGUNTA-NEGRITA question-s1\" id=\"eQivO7L1KVN4\" data-wc=\"4\"><strong>\u00bfC\u00f3mo tienes pensado celebrarlas?<\/strong><\/p>\n<p class=\"HOLA-TEMAS_5a--TEXTO-NORMAL answer-s1\" id=\"eHdZEsppsfhr\" data-wc=\"16\">Para m\u00ed <strong>son fechas familiares y tranquilas.<\/strong> Me gusta <a class=\"hm-link ho-link\" href=\"https:\/\/www.hola.com\/actualidad\/20221204222243\/nieves-alvarez-disfruta-tarde-familia-gt\/\" data-mrf-recirculation=\"article-body-link\" rel=\"nofollow noopener\" target=\"_blank\">descansar, desconectar y disfrutar de los m\u00edos.<\/a><\/p>\n<p class=\"HOLA-TEMAS_5b--PREGUNTA-NEGRITA question-s1\" id=\"eb6A1DQy9gNf\" data-wc=\"3\"><strong>\u00bfHar\u00e1s alguna escapada?<\/strong><\/p>\n<p class=\"HOLA-TEMAS_5a--TEXTO-NORMAL answer-s1\" id=\"e8dxBTt3zv0y\" data-wc=\"24\">No lo he planeado a\u00fan, pero<strong>\u00a0el a\u00f1o pasado estuve en mi Madrid\u00a0<\/strong>y ha sido uno de los mejores a\u00f1os de mi vida.<\/p>\n<p>Una idea diferente<\/p>\n<p class=\"HOLA-TEMAS_5a--TEXTO-NORMAL\" id=\"epnA_NsuGUhN\" data-wc=\"56\">\u00abNieves <strong>me llam\u00f3 a principios de a\u00f1o porque le apetec\u00eda que hici\u00e9ramos algo juntos.<\/strong> A partir de ah\u00ed empezamos a pensar en una idea original y diferente\u00bb, nos comenta Jorge Redondo, que describe a su socia en esta colaboraci\u00f3n como <strong>\u00abuna de las mejores personas que he conocido: es buena, trabajadora, cari\u00f1osa y una profesional impresionante\u00bb.<\/strong><\/p>\n<p>  <img src=\"https:\/\/www.europesays.com\/es\/wp-content\/uploads\/2025\/12\/e9aa8181780f-3adf3af4eb195fbdccc89a992cfeb59anievesbeautyredondo86006.jpg\"   width=\"1080\" height=\"1800\" loading=\"lazy\" decoding=\"async\" alt=\"Nieves \u00c1lvarez en vestido plateado de palabra de honor posa con Jorge Redondo en traje negro\" fetchpriority=\"auto\" class=\"image ho-image\"\/>\u00a9 \u00c1lvaro Gracia\u00bbNieves y yo compartimos el gusto por lo elegante, por lo bien hecho y por lo cl\u00e1sico tra\u00eddo a la actualidad\u00bb, cuenta Jorge Redondo, junto al que la modelo y empresaria ha creado una \u00abChristmas box\u00bb de edici\u00f3n limitada<\/p>\n<p class=\"HOLA-TEMAS_5b--PREGUNTA-NEGRITA question-s1\" id=\"eXxQfKC0vME1\" data-wc=\"11\"><strong>Y, como empresaria, \u00bfes muy exigente?, \u00bfes f\u00e1cil trabajar con ella?<\/strong><\/p>\n<p class=\"HOLA-TEMAS_5a--TEXTO-NORMAL answer-s1\" id=\"eY8ZmvCa4AFw\" data-wc=\"62\">Yo mismo <strong>me considero muy exigente y muy trabajador,<\/strong> <a class=\"hm-link ho-link\" href=\"https:\/\/www.hola.com\/novias\/20231201244443\/vestidos-de-novia-jorge-redondo-primera-coleccion\/\" data-mrf-recirculation=\"article-body-link\" rel=\"nofollow noopener\" target=\"_blank\">por lo que encontrarme con gente profesional y cuyos est\u00e1ndares son muy altos es algo que me apasiona, me reta y me ilusiona,<\/a> porque as\u00ed se pueden<strong>\u00a0sacar adelante proyectos con mucha personalidad.<\/strong> Los dos compartimos el gusto por lo elegante, por lo bien hecho y por lo cl\u00e1sico tra\u00eddo a la actualidad.<\/p>\n<p class=\"HOLA-TEMAS_5b--PREGUNTA-NEGRITA question-s1\" id=\"erggpzvCb8wU\" data-wc=\"20\"><strong>La elecci\u00f3n del color rojo era f\u00e1cil, \u00bfno? Adem\u00e1s de asociarse con la Navidad, es uno de tus colores estrella.<\/strong><\/p>\n<p class=\"HOLA-TEMAS_5a--TEXTO-NORMAL answer-s1\" id=\"eHOYBPzQopWi\" data-wc=\"23\">Justo, <strong>siempre que puedo, y me dejan, uso el rojo.<\/strong> Ya no puedo pensar en otro color cuando tengo que hacer cualquier cosa.<\/p>\n<p class=\"HOLA-TEMAS_5b--PREGUNTA-NEGRITA question-s1\" id=\"eTX__ZjyzRYh\" data-wc=\"6\"><strong>\u00bfQu\u00e9 planes tienes para estas Navidades?<\/strong><\/p>\n<p class=\"HOLA-TEMAS_5a--TEXTO-NORMAL answer-s1\" id=\"eHcXtdG3u2qa\" data-wc=\"22\"><strong>Me gusta celebrarlas en familia<\/strong>, por eso me ir\u00e9 a C\u00e1ceres a pasarlas con los m\u00edos. Soy muy tradicional para estas fiestas.<\/p>\n","protected":false},"excerpt":{"rendered":"Nieves \u00c1lvarez despide un a\u00f1o redondo. La modelo, empresaria de belleza y presentadora cierra 2025 a lo grande,&hellip;\n","protected":false},"author":2,"featured_media":276676,"comment_status":"","ping_status":"","sticky":false,"template":"","format":"standard","meta":{"footnotes":""},"categories":[174],"tags":[3900,517,255,3899,146,147,25,24,256,9113,23],"class_list":{"0":"post-276675","1":"post","2":"type-post","3":"status-publish","4":"format-standard","5":"has-post-thumbnail","7":"category-famosos","8":"tag-hola","9":"tag-actualidad","10":"tag-celebrities","11":"tag-contenido-sensible","12":"tag-entertainment","13":"tag-entretenimiento","14":"tag-es","15":"tag-espana","16":"tag-famosos","17":"tag-nieves-alvarez","18":"tag-spain"},"share_on_mastodon":{"url":"https:\/\/pubeurope.com\/@es\/115680821323552054","error":""},"_links":{"self":[{"href":"https:\/\/www.europesays.com\/es\/wp-json\/wp\/v2\/posts\/276675","targetHints":{"allow":["GET"]}}],"collection":[{"href":"https:\/\/www.europesays.com\/es\/wp-json\/wp\/v2\/posts"}],"about":[{"href":"https:\/\/www.europesays.com\/es\/wp-json\/wp\/v2\/types\/post"}],"author":[{"embeddable":true,"href":"https:\/\/www.europesays.com\/es\/wp-json\/wp\/v2\/users\/2"}],"replies":[{"embeddable":true,"href":"https:\/\/www.europesays.com\/es\/wp-json\/wp\/v2\/comments?post=276675"}],"version-history":[{"count":0,"href":"https:\/\/www.europesays.com\/es\/wp-json\/wp\/v2\/posts\/276675\/revisions"}],"wp:featuredmedia":[{"embeddable":true,"href":"https:\/\/www.europesays.com\/es\/wp-json\/wp\/v2\/media\/276676"}],"wp:attachment":[{"href":"https:\/\/www.europesays.com\/es\/wp-json\/wp\/v2\/media?parent=276675"}],"wp:term":[{"taxonomy":"category","embeddable":true,"href":"https:\/\/www.europesays.com\/es\/wp-json\/wp\/v2\/categories?post=276675"},{"taxonomy":"post_tag","embeddable":true,"href":"https:\/\/www.europesays.com\/es\/wp-json\/wp\/v2\/tags?post=276675"}],"curies":[{"name":"wp","href":"https:\/\/api.w.org\/{rel}","templated":true}]}}