{"id":276677,"date":"2025-12-07T23:15:16","date_gmt":"2025-12-07T23:15:16","guid":{"rendered":"https:\/\/www.europesays.com\/es\/276677\/"},"modified":"2025-12-07T23:15:16","modified_gmt":"2025-12-07T23:15:16","slug":"crea-tu-eurotop-de-eurovision-junior-2025-y-compartelo","status":"publish","type":"post","link":"https:\/\/www.europesays.com\/es\/276677\/","title":{"rendered":"\u00a1Crea tu EuroTop de Eurovisi\u00f3n Junior 2025 y comp\u00e1rtelo!"},"content":{"rendered":"<p>Los lectores y las lectoras de Eurovision-Spain ya pod\u00e9is crear vuestro EuroTop de Eurovisi\u00f3n Junior 2025. Desde vuestro perfil de usuario en nuestra web o app, o desde la opci\u00f3n \u201cParticipa\u201d en el men\u00fa, ten\u00e9is a vuestra disposici\u00f3n la herramienta para hacer y rehacer vuestros rankings. En \u00abVer Tops\u00bb, acordaos de seleccionar la opci\u00f3n Junior y as\u00ed podr\u00e9is ordenar a vuestros favoritos para la 23.\u00aa edici\u00f3n del festival, que se celebrar\u00e1 en apenas una semana. Cuando lo teng\u00e1is, pod\u00e9is compartirlo en redes sociales y cotillear el del resto de usuarios y usuarias.<\/p>\n<p><strong>\u00abRemember, you CAN vote for your own country\u00bb<\/strong><\/p>\n<p><strong>\u00abSpain, start voting now!\u00bb<\/strong><\/p>\n<p><strong>Secci\u00f3n de Eurovisi\u00f3n Junior 2025<\/strong><\/p>\n<p>El Departamento de Historia de eurovision-spain.com ya tiene a punto la secci\u00f3n <a style=\"color: #333399\" href=\"https:\/\/eurovision-spain.com\/eurovision_junior\/2025\/\" target=\"_blank\" rel=\"noopener nofollow\">Eurovisi\u00f3n Junior 2025<\/a>. Ya puedes empaparte con toda la informaci\u00f3n relativa a las candidaturas y todo el material audiovisual oficial, entre otros contenidos. Lee, escucha, ve y opina sobre cada canci\u00f3n en las fichas ya completas de <a style=\"color: #333399\" href=\"https:\/\/junioreurovision.tv\/\" target=\"_blank\" rel=\"noopener nofollow\">Tiflis 2025<\/a>.<\/p>\n<p><strong>Eurovisi\u00f3n Junior 2025<\/strong><\/p>\n<p>Eurovisi\u00f3n Junior celebra en 2025 su 23\u00aa edici\u00f3n y lo har\u00e1 en Tiflis, la capital de Georgia, despu\u00e9s de que Andria Putkaradze ganara con To My Mum en Madrid 2024. Tiflis repite como sede despu\u00e9s de haberlo hecho en 2017 y a pesar de que Georgia lleve cuatro victorias en su haber.<\/p>\n<p>Esta edici\u00f3n tendr\u00e1 un total de 18 pa\u00edses participando, uno m\u00e1s que el a\u00f1o pasado, siendo la cifra m\u00e1s alta desde 2021. Azerbaiy\u00e1n, Croacia y Montenegro regresan, mientras que Alemania y Estonia se retiran. Espa\u00f1a, por su parte, ha elegido de forma interna al joven Gonzalo Pinillos con la canci\u00f3n \u00c9rase una vez (Once Upon a Time). El festival lo abre Malta y lo cierra Albania, mientras que Espa\u00f1a actuar\u00e1 en la posici\u00f3n 14, justo despu\u00e9s de Portugal y antes de la anfitriona, Georgia.<\/p>\n<p>La gala tendr\u00e1 lugar el s\u00e1bado 13 de diciembre, desde las 17:00 CET, y estar\u00e1 presentada por David Aladashvili y Liza Tsiklauri, con un escenario dise\u00f1ado por Marvin Dietmann y una producci\u00f3n adaptada al esp\u00edritu juvenil del certamen.<\/p>\n","protected":false},"excerpt":{"rendered":"Los lectores y las lectoras de Eurovision-Spain ya pod\u00e9is crear vuestro EuroTop de Eurovisi\u00f3n Junior 2025. Desde vuestro&hellip;\n","protected":false},"author":2,"featured_media":276678,"comment_status":"","ping_status":"","sticky":false,"template":"","format":"standard","meta":{"footnotes":""},"categories":[171],"tags":[146,147,25,24,23,214],"class_list":{"0":"post-276677","1":"post","2":"type-post","3":"status-publish","4":"format-standard","5":"has-post-thumbnail","7":"category-tv","8":"tag-entertainment","9":"tag-entretenimiento","10":"tag-es","11":"tag-espana","12":"tag-spain","13":"tag-tv"},"share_on_mastodon":{"url":"https:\/\/pubeurope.com\/@es\/115680832583871632","error":""},"_links":{"self":[{"href":"https:\/\/www.europesays.com\/es\/wp-json\/wp\/v2\/posts\/276677","targetHints":{"allow":["GET"]}}],"collection":[{"href":"https:\/\/www.europesays.com\/es\/wp-json\/wp\/v2\/posts"}],"about":[{"href":"https:\/\/www.europesays.com\/es\/wp-json\/wp\/v2\/types\/post"}],"author":[{"embeddable":true,"href":"https:\/\/www.europesays.com\/es\/wp-json\/wp\/v2\/users\/2"}],"replies":[{"embeddable":true,"href":"https:\/\/www.europesays.com\/es\/wp-json\/wp\/v2\/comments?post=276677"}],"version-history":[{"count":0,"href":"https:\/\/www.europesays.com\/es\/wp-json\/wp\/v2\/posts\/276677\/revisions"}],"wp:featuredmedia":[{"embeddable":true,"href":"https:\/\/www.europesays.com\/es\/wp-json\/wp\/v2\/media\/276678"}],"wp:attachment":[{"href":"https:\/\/www.europesays.com\/es\/wp-json\/wp\/v2\/media?parent=276677"}],"wp:term":[{"taxonomy":"category","embeddable":true,"href":"https:\/\/www.europesays.com\/es\/wp-json\/wp\/v2\/categories?post=276677"},{"taxonomy":"post_tag","embeddable":true,"href":"https:\/\/www.europesays.com\/es\/wp-json\/wp\/v2\/tags?post=276677"}],"curies":[{"name":"wp","href":"https:\/\/api.w.org\/{rel}","templated":true}]}}