{"id":276679,"date":"2025-12-07T23:17:14","date_gmt":"2025-12-07T23:17:14","guid":{"rendered":"https:\/\/www.europesays.com\/es\/276679\/"},"modified":"2025-12-07T23:17:14","modified_gmt":"2025-12-07T23:17:14","slug":"escenario-de-fantasia-con-disney","status":"publish","type":"post","link":"https:\/\/www.europesays.com\/es\/276679\/","title":{"rendered":"Escenario de fantas\u00eda con Disney"},"content":{"rendered":"<p>Los temas musicales de las pel\u00edculas de Disney han formado parte de la banda sonora de la infancia de miles y miles de personas. Qui\u00e9n no recuerda canciones como &#8216;Bajo el Mar&#8217; de La Sirenita, &#8216;Un mundo ideal&#8217; de Aladd\u00edn, &#8216;El ciclo de la vida&#8217; de El Rey Le\u00f3n o &#8216;Su\u00e9ltalo&#8217; de Frozen.<\/p>\n<p>M\u00fasicas que este domingo volvieron a sonar en un Auditorio Municipal de San Francisco lleno, interpretadas por la Coral Campus de \u00c1vila, fundada por el profesor Bohdan Syroyid, y el conjunto instrumental 88Torreones, con Javier Garc\u00eda a la guitarra, Nathalia Aldavero y Roc\u00edo Gonz\u00e1lez, con el clarinete y Juan Garc\u00e9s y Laura Mart\u00edn en la percusi\u00f3n, en un concierto gratuito para toda la familia y especialmente para los m\u00e1s peque\u00f1os y los amantes del cine en el que tambi\u00e9n se pudieron escuchar en los interludios otros cl\u00e1sicos del s\u00e9ptimo arte.<\/p>\n<p>Pero adem\u00e1s en esta ocasi\u00f3n, esa m\u00fasica coral e instrumental estuvo acompa\u00f1ada por elementos coreogr\u00e1ficos, de la mano de m\u00e1s de una docena de gimnastas del Club Deportivo 88 Torreones, que aportaron un componente m\u00e1s visual a la escenograf\u00eda.\u00a0<\/p>\n<p><img decoding=\"async\" loading=\"lazy\" src=\"https:\/\/www.europesays.com\/es\/wp-content\/uploads\/2025\/12\/4449C3BA-BE8B-4EB8-9FBCDB62716CF740.JPG\" alt=\"Escenario de fantas\u00eda con Disney\" border=\"0\"\/>Escenario de fantas\u00eda con Disney &#8211; Foto: Isabel Garc\u00edaEntre las piezas que pudieron escucharse durante la velada se encontraban temas inolvidables como &#8216;Un mundo ideal&#8217;, &#8216;Recu\u00e9rdame&#8217;, &#8216;Bella y Bestia&#8217;, &#8216;El ciclo de la vida&#8217;, &#8216;Su\u00e9ltalo&#8217;, &#8216;Bajo el mar&#8217;, &#8216;Busca lo m\u00e1s vital&#8217; o &#8216;Bibidi Babidi Bu&#8217;, temas centrales de esas pel\u00edculas llenas de magia que Disney a llevado a la gran pantalla a lo largo de estos a\u00f1os, como El Rey Le\u00f3n, La Sirenita, La Cenicienta, La Bella y la Bestia, Frozen, Coco, El Libro de la Selva\u00a0 o Aladd\u00edn, entre otras.<\/p>\n<p>Tambi\u00e9n hubo espacio en este concierto, organizado con el apoyo de la Facultad de Educaci\u00f3n y Turismo de la Universidad de Salamanca en \u00c1vila, para cl\u00e1sicos cinematogr\u00e1ficos como &#8216;Amelie&#8217;, &#8216;Cinema Paradiso&#8217;, &#8216;Piratas del Caribe&#8217; o &#8216;La Pantera Rosa&#8217;, acompa\u00f1ados por coreograf\u00edas.\u00a0<\/p>\n<p>M\u00e1s fotos:<img decoding=\"async\" loading=\"lazy\" src=\"https:\/\/www.europesays.com\/es\/wp-content\/uploads\/2025\/12\/FA367C72-31DB-4D91-B6BF882BB6001ABF.JPG\" alt=\"Escenario de fantas\u00eda con Disney\" border=\"0\"\/>Escenario de fantas\u00eda con Disney &#8211; Foto: Isabel Garc\u00eda<img decoding=\"async\" loading=\"lazy\" src=\"https:\/\/www.europesays.com\/es\/wp-content\/uploads\/2025\/12\/F1F1B722-B58B-444B-A157F67BD96872D1.JPG\" alt=\"Escenario de fantas\u00eda con Disney\" border=\"0\"\/>Escenario de fantas\u00eda con Disney &#8211; Foto: Isabel Garc\u00eda<br \/>Todo ello para transformar el Auditorio de San Francisco en un escenario lleno de fantas\u00eda\u00a0 en el que peque\u00f1os y mayores disfrutaron de la buena m\u00fasica y de un cuidado espect\u00e1culo cargado de la magia del cine y del mundo Disney.\u00a0<\/p>\n","protected":false},"excerpt":{"rendered":"Los temas musicales de las pel\u00edculas de Disney han formado parte de la banda sonora de la infancia&hellip;\n","protected":false},"author":2,"featured_media":276680,"comment_status":"","ping_status":"","sticky":false,"template":"","format":"standard","meta":{"footnotes":""},"categories":[169],"tags":[67367,229,7607,67366,177,208,1060,2026,146,147,25,24,176,15183,175,185,23],"class_list":{"0":"post-276679","1":"post","2":"type-post","3":"status-publish","4":"format-standard","5":"has-post-thumbnail","7":"category-cine","8":"tag-88-torreones","9":"tag-arte","10":"tag-avila","11":"tag-campus-avila","12":"tag-cine","13":"tag-conciertos","14":"tag-disney","15":"tag-educacion","16":"tag-entertainment","17":"tag-entretenimiento","18":"tag-es","19":"tag-espana","20":"tag-film","21":"tag-javier-garcia","22":"tag-movies","23":"tag-musica","24":"tag-spain"},"share_on_mastodon":{"url":"https:\/\/pubeurope.com\/@es\/115680841047270430","error":""},"_links":{"self":[{"href":"https:\/\/www.europesays.com\/es\/wp-json\/wp\/v2\/posts\/276679","targetHints":{"allow":["GET"]}}],"collection":[{"href":"https:\/\/www.europesays.com\/es\/wp-json\/wp\/v2\/posts"}],"about":[{"href":"https:\/\/www.europesays.com\/es\/wp-json\/wp\/v2\/types\/post"}],"author":[{"embeddable":true,"href":"https:\/\/www.europesays.com\/es\/wp-json\/wp\/v2\/users\/2"}],"replies":[{"embeddable":true,"href":"https:\/\/www.europesays.com\/es\/wp-json\/wp\/v2\/comments?post=276679"}],"version-history":[{"count":0,"href":"https:\/\/www.europesays.com\/es\/wp-json\/wp\/v2\/posts\/276679\/revisions"}],"wp:featuredmedia":[{"embeddable":true,"href":"https:\/\/www.europesays.com\/es\/wp-json\/wp\/v2\/media\/276680"}],"wp:attachment":[{"href":"https:\/\/www.europesays.com\/es\/wp-json\/wp\/v2\/media?parent=276679"}],"wp:term":[{"taxonomy":"category","embeddable":true,"href":"https:\/\/www.europesays.com\/es\/wp-json\/wp\/v2\/categories?post=276679"},{"taxonomy":"post_tag","embeddable":true,"href":"https:\/\/www.europesays.com\/es\/wp-json\/wp\/v2\/tags?post=276679"}],"curies":[{"name":"wp","href":"https:\/\/api.w.org\/{rel}","templated":true}]}}