{"id":276683,"date":"2025-12-07T23:19:16","date_gmt":"2025-12-07T23:19:16","guid":{"rendered":"https:\/\/www.europesays.com\/es\/276683\/"},"modified":"2025-12-07T23:19:16","modified_gmt":"2025-12-07T23:19:16","slug":"alergias-ninos-el-pediatra-carlos-gonzalez-explica-las-teorias-sobre-el-origen-de-la-alergia-en-ninos-la-higiene-y-la-contaminacion","status":"publish","type":"post","link":"https:\/\/www.europesays.com\/es\/276683\/","title":{"rendered":"ALERGIAS NI\u00d1OS | El pediatra Carlos Gonz\u00e1lez explica las teor\u00edas sobre el origen de la alergia en ni\u00f1os: \u00abLa higiene y la contaminaci\u00f3n\u00bb"},"content":{"rendered":"<p class=\"ft-text\">En las \u00faltimas d\u00e9cadas, el n\u00famero de personas con <a class=\"ft-link ft-link--decoration\" href=\"https:\/\/www.elperiodico.com\/es\/temas\/alergia-31472\" rel=\"nofollow noopener\" target=\"_blank\"><strong>alergias<\/strong><\/a><strong> alimentarias y respiratorias<\/strong> parece ir en <strong>aumento<\/strong>. Y aunque a\u00fan no est\u00e1 del todo claras las causas, existen varias teor\u00edas relacionadas con la <strong>higiene <\/strong>y la influencia de la<strong> <\/strong><a class=\"ft-link ft-link--decoration\" href=\"https:\/\/www.elperiodico.com\/es\/temas\/contaminacion-25091\" rel=\"nofollow noopener\" target=\"_blank\"><strong>contaminaci\u00f3n <\/strong><\/a><strong>ambiental <\/strong>que tratan de explicarlo, tal y como ha dicho el pediatra<strong> <\/strong><a class=\"ft-link ft-link--decoration\" href=\"https:\/\/www.elperiodico.com\/es\/personajes\/carlos-gonzalez-1844762\" rel=\"nofollow noopener\" target=\"_blank\"><strong>Carlos Gonz\u00e1lez <\/strong><\/a>en el p\u00f3dcast &#8216;<strong>Criando sin miedo&#8217;.<\/strong><\/p>\n<p>La hip\u00f3tesis de la higiene<\/p>\n<p class=\"ft-text\">La primera teor\u00eda plantea el hecho de que <strong>vivimos demasiado limpios.<\/strong> Al reducir la exposici\u00f3n a bacterias, virus y otros microorganismos, puede que<strong> \u201cel organismo acabe reaccionando como si fueran peligrosas o infecciones\u201d<\/strong> cosas que no lo son, como <strong>\u201cel polen de las flores, la caspa del gato o cosas por el estilo\u201d<\/strong>, ha afirmado Gonz\u00e1lez.\u00a0<\/p>\n<p class=\"ft-text\"><strong>\u201cHab\u00eda m\u00e1s alergias en familias que se lavaban las manos con m\u00e1s frecuencia\u201d<\/strong>, ha continuado el pediatra, motivo por el que ha insistido en que <strong>no conviene obsesionarse<\/strong> cuando un ni\u00f1o <strong>gatee <\/strong>por el <strong>suelo<\/strong>, se lleve <strong>objetos a la boca <\/strong>o est\u00e9 en <strong>contacto <\/strong>con la <strong>suciedad <\/strong>normal de un <strong>hogar<\/strong>.<\/p>\n<p class=\"ft-text\">Al contrario: seg\u00fan \u00e9l, el contacto con esos microbios cotidianos podr\u00eda ser <strong>beneficioso <\/strong>a largo plazo, porque <strong>ayuda a regular la respuesta defensiva del organismo.<\/strong><\/p>\n<p>El papel de la contaminaci\u00f3n<\/p>\n<p class=\"ft-text\">La segunda teor\u00eda tiene que ver con el <strong>aire <\/strong>que respiramos. En las <strong>ciudades <\/strong>hay <strong>m\u00e1s alergias <\/strong>que en las zonas rurales, a pesar de que en el campo haya m\u00e1s polen, lo mismo que hay m\u00e1s al\u00e9rgicos en los <strong>pa\u00edses industrializados <\/strong>que en aquellos en v\u00edas de desarrollo.<\/p>\n<p class=\"ft-text\">La explicaci\u00f3n estar\u00eda en las<strong> part\u00edculas contaminantes<\/strong>, sobre todo las emitidas por los<strong> motores di\u00e9sel<\/strong>, puesto que estas pueden <strong>adherirse al polen u otras sustancias alerg\u00e9nicas<\/strong> y facilitar su llegada a lo m\u00e1s profundo de los <strong>pulmones<\/strong>, haciendo que sea m\u00e1s f\u00e1cil la reacci\u00f3n.<\/p>\n","protected":false},"excerpt":{"rendered":"En las \u00faltimas d\u00e9cadas, el n\u00famero de personas con alergias alimentarias y respiratorias parece ir en aumento. Y&hellip;\n","protected":false},"author":2,"featured_media":276684,"comment_status":"","ping_status":"","sticky":false,"template":"","format":"standard","meta":{"footnotes":""},"categories":[92],"tags":[40785,415,47089,13169,1291,4482,25,24,5976,165,5251,563,47087,2932,47088,166,23],"class_list":{"0":"post-276683","1":"post","2":"type-post","3":"status-publish","4":"format-standard","5":"has-post-thumbnail","7":"category-salud","8":"tag-alergia","9":"tag-carlos","10":"tag-carlos-gonzalez","11":"tag-consejos-practicos","12":"tag-contaminacion","13":"tag-dv","14":"tag-es","15":"tag-espana","16":"tag-gonzalez","17":"tag-health","18":"tag-higiene","19":"tag-hijos","20":"tag-mucha","21":"tag-ninos","22":"tag-pediatra","23":"tag-salud","24":"tag-spain"},"share_on_mastodon":{"url":"https:\/\/pubeurope.com\/@es\/115680848577939824","error":""},"_links":{"self":[{"href":"https:\/\/www.europesays.com\/es\/wp-json\/wp\/v2\/posts\/276683","targetHints":{"allow":["GET"]}}],"collection":[{"href":"https:\/\/www.europesays.com\/es\/wp-json\/wp\/v2\/posts"}],"about":[{"href":"https:\/\/www.europesays.com\/es\/wp-json\/wp\/v2\/types\/post"}],"author":[{"embeddable":true,"href":"https:\/\/www.europesays.com\/es\/wp-json\/wp\/v2\/users\/2"}],"replies":[{"embeddable":true,"href":"https:\/\/www.europesays.com\/es\/wp-json\/wp\/v2\/comments?post=276683"}],"version-history":[{"count":0,"href":"https:\/\/www.europesays.com\/es\/wp-json\/wp\/v2\/posts\/276683\/revisions"}],"wp:featuredmedia":[{"embeddable":true,"href":"https:\/\/www.europesays.com\/es\/wp-json\/wp\/v2\/media\/276684"}],"wp:attachment":[{"href":"https:\/\/www.europesays.com\/es\/wp-json\/wp\/v2\/media?parent=276683"}],"wp:term":[{"taxonomy":"category","embeddable":true,"href":"https:\/\/www.europesays.com\/es\/wp-json\/wp\/v2\/categories?post=276683"},{"taxonomy":"post_tag","embeddable":true,"href":"https:\/\/www.europesays.com\/es\/wp-json\/wp\/v2\/tags?post=276683"}],"curies":[{"name":"wp","href":"https:\/\/api.w.org\/{rel}","templated":true}]}}