{"id":276687,"date":"2025-12-07T23:21:12","date_gmt":"2025-12-07T23:21:12","guid":{"rendered":"https:\/\/www.europesays.com\/es\/276687\/"},"modified":"2025-12-07T23:21:12","modified_gmt":"2025-12-07T23:21:12","slug":"curarla-costara-casi-medio-millon-al-ayuntamiento","status":"publish","type":"post","link":"https:\/\/www.europesays.com\/es\/276687\/","title":{"rendered":"curarla costar\u00e1 casi medio mill\u00f3n al Ayuntamiento"},"content":{"rendered":"<p>    Noticias relacionadas<\/p>\n<p class=\"paragraph\" id=\"paragraph_1\">Un s\u00edmbolo de Barcelona est\u00e1 enfermo y ha de curarse: es la <a href=\"https:\/\/metropoliabierta.elespanol.com\/vivir-en-barcelona\/20250908\/oficial-font-magica-montjuic-volvera-brotar-partir-dia\/1003742687292_0.html?utm_cmp_rs=linksinline\" target=\"_blank\" rel=\"nofollow noopener\"><strong>Font M\u00e0gica de Montju\u00efc<\/strong><\/a>. Tiene casi <strong>100 a\u00f1os<\/strong>, pues fue dise\u00f1ada y construida con motivo de la Exposici\u00f3n Universal de 1929. Se trat\u00f3, en palabras de su dise\u00f1ador, el arquitecto <strong>Carles Bu\u00efgas<\/strong>, de una \u201cobra colosal, atrevida y costosa\u201d, proyectada para epatar a los visitantes a la Expo.<\/p>\n<p class=\"paragraph\" id=\"paragraph_2\">Trabajaron en ella m\u00e1s de <strong>3.000 obreros<\/strong> durante casi un a\u00f1o. Se la dot\u00f3 de un mecanismo de accionamiento hidr\u00e1ulico de las v\u00e1lvulas, aunque en aquel momento no ten\u00eda sonido. La Guerra civil la dej\u00f3 da\u00f1ada y, en 1954, el propio Bu\u00efgas la repar\u00f3 introduciendo un mecanismo electroneum\u00e1tico.<\/p>\n<p><img loading=\"lazy\" decoding=\"async\" alt=\"La Font M\u00e0gica de Montju\u00efc de Barcelona iluminada en una imagen de archivo\" height=\"180\" src=\"https:\/\/www.europesays.com\/es\/wp-content\/uploads\/2025\/12\/1003742679987_14986198_320x180.jpg\" width=\"320\" data-lazy-status=\"processed\" data-lazy-info=\"remove loading item 1\"\/><\/p>\n<p>Un s\u00edmbolo de los JJOO<\/p>\n<p class=\"paragraph\" id=\"paragraph_3\">Con motivo de loa JJOO del 92, sufri\u00f3 una gran transformaci\u00f3n, <strong>la rehabilitaci\u00f3n total de las cuatro cascadas<\/strong> y la introducci\u00f3n de m\u00fasica, lo que la ha ido convirtiendo en un icono de la capital catalana. Fue la \u00faltima gran transformaci\u00f3n del monumento.<\/p>\n<p class=\"paragraph\" id=\"paragraph_4\">Pero ahora est\u00e1 enferma y ha de acometerse otra transformaci\u00f3n para poder seguir ofreciendo las noches de ensue\u00f1o con espect\u00e1culos de luz, m\u00fasica y agua.<\/p>\n<p>Se repar\u00f3 este verano<\/p>\n<p class=\"paragraph\" id=\"paragraph_5\">Se da la circunstancia de que para el \u00faltimo<strong> Piromusical<\/strong> se tuvo que reparar. La fuente se encontraba cerrada desde el 2022 debido a la sequ\u00eda. Se le implant\u00f3 un nuevo sistema de control y de sonido y alumbrado led dentro del Pla Endre\u00e7a.<\/p>\n<p><img decoding=\"async\" alt=\"Un trabajador realizando el mantenimiento de la Font M\u00e0gica\" data-imgm=\"true\" height=\"180\" loading=\"lazy\"  src=\"https:\/\/www.europesays.com\/es\/wp-content\/uploads\/2025\/12\/1003742687293_15118321_1024x576.jpg\"  width=\"320\"\/><\/p>\n<p>                                                            Un trabajador realizando el mantenimiento de la Font M\u00e0gica<\/p>\n<p>                    Ayuntamiento de Barcelona<\/p>\n<p class=\"paragraph\" id=\"paragraph_6\">Se sustituyeron los <strong>4.760 focos de luz blanca incandescente por 680 focos led<\/strong>, con el consiguiente ahorro energ\u00e9tico (se pas\u00f3 de una potencia de 1.507 kW a 72 kW), pero la reforma no fue suficiente.<\/p>\n<p class=\"paragraph\" id=\"paragraph_7\">El pasado 10 de noviembre, la empresa p\u00fablica BIMSA formaliz\u00f3 el contrato de remodelaci\u00f3n de toda la infraestructura electroac\u00fastica con <strong>Elecnor Servicios y Proyectos<\/strong>, por <strong>473.729 euros<\/strong> y un plazo de ejecuci\u00f3n de cuatro meses. Es decir, que ha de estar operativa y en perfecto estado de revista para el inicio de la primavera pr\u00f3xima.<\/p>\n<p>Tendr\u00e1 m\u00e1s altavoces<\/p>\n<p class=\"paragraph\" id=\"paragraph_8\">En concreto, han de <strong>sustituirse los altavoces<\/strong>, poner otros en zonas que no est\u00e1n cubiertas actualmente y realizar un nuevo cableado, as\u00ed como acometer nuevas canalizaciones, con el fin de adecuarse a la normativa vigente.<\/p>\n<p><img decoding=\"async\" alt=\"La Font M\u00e0gica de Montju\u00efc vuelve a funcionar\" data-imgm=\"true\" height=\"180\" loading=\"lazy\"  src=\"https:\/\/www.europesays.com\/es\/wp-content\/uploads\/2025\/12\/1003742691305_15193776_1024x576.jpg\"  width=\"320\"\/><\/p>\n<p>                                                            La Font M\u00e0gica de Montju\u00efc vuelve a funcionar<\/p>\n<p>                    EUROPA PRESS<\/p>\n<p class=\"paragraph\" id=\"paragraph_9\">De hecho, la fuente ya utiliza las <strong>aguas fre\u00e1ticas<\/strong> de la ciudad para funcionar desde 2010. Con esa decisi\u00f3n, pudo reducir sustancialmente el consumo de agua. Se consumaba as\u00ed una actuaci\u00f3n municipal que quer\u00eda oponer a todas las fuentes de la ciudad a consumir agua fre\u00e1tica en lugar de obtenerla de las canalizaciones comunes.<\/p>\n<p>Cableado de \u00faltima generaci\u00f3n<\/p>\n<p class=\"paragraph\" id=\"paragraph_10\">Posteriormente, en 2011, incorpor\u00f3 un generador, editor y simulador de coreograf\u00edas en 3D que le permiti\u00f3 crear nuevos espect\u00e1culos de luz, agua y m\u00fasica en s\u00f3lo 3 minutos, as\u00ed como poder ver un espect\u00e1culo de luz y m\u00fasica sin agua. Y en 2014, pas\u00f3 a utilizar tecnolog\u00eda LED, con lo que mejor\u00f3 sustancialmente la calidad lum\u00ednica de los colores.<\/p>\n<p class=\"paragraph\" id=\"paragraph_11\">La restauraci\u00f3n prev\u00e9 tambi\u00e9n <strong>extender fibra \u00f3ptica con cableado UTP<\/strong> de sexta categor\u00eda, es decir, un cable de red avanzado sin blindaje que permite velocidades de hasta 10 gigabits por segundo con un ancho de banda de <strong>500 megahercios<\/strong>. Se trata, pues, de alta tecnolog\u00eda de \u00faltima generaci\u00f3n.<\/p>\n<p><img decoding=\"async\" alt=\"La Font M\u00e0gica de Montju\u00efc de Barcelona iluminada en una imagen de archivo\" data-imgm=\"true\" height=\"180\" loading=\"lazy\"  src=\"https:\/\/www.europesays.com\/es\/wp-content\/uploads\/2025\/12\/1003742673436_14863979_1024x576.jpg\"  width=\"320\"\/><\/p>\n<p>                                                            La Font M\u00e0gica de Montju\u00efc de Barcelona iluminada en una imagen de archivo<\/p>\n<p>                    Unsplash<\/p>\n<p class=\"paragraph\" id=\"paragraph_12\"><strong>Toda la infraestructura existente ir\u00e1 fuera<\/strong>, se realizar\u00e1 la integraci\u00f3n en un nuevo sistema de control, se cambiar\u00e1 la instalaci\u00f3n el\u00e9ctrica y de comunicaciones y se instalar\u00e1n nuevos armarios rack. En otras palabras, todo el interior de la Font M\u00e0gica se renovar\u00e1 para poder funcionar al 100%. Se aprovechar\u00e1, asimismo, para cablear de fibra \u00f3ptica el monumento.<\/p>\n<p>Protagonista de eventos<\/p>\n<p class=\"paragraph\" id=\"paragraph_13\">En las \u00faltimas d\u00e9cadas, ha pasado a ser la protagonista de muchos eventos, tanto celebraciones de Fin de A\u00f1o como fiestas en fechas se\u00f1aladas, como el Piromusical de la Merc\u00e8, lo que la ha aupado a <strong>icono de la ciudad<\/strong>.<\/p>\n<p class=\"paragraph\" id=\"paragraph_14\">Los cientos de miles de euros de la operaci\u00f3n interna de la fuente se considera un gasto necesario, puesto que se trata de <strong>uno de los reclamos tur\u00edsticos m\u00e1s potentes que tiene la ciudad<\/strong> y no puede abandonarse a su suerte.<\/p>\n","protected":false},"excerpt":{"rendered":"Noticias relacionadas Un s\u00edmbolo de Barcelona est\u00e1 enfermo y ha de curarse: es la Font M\u00e0gica de Montju\u00efc.&hellip;\n","protected":false},"author":2,"featured_media":276688,"comment_status":"","ping_status":"","sticky":false,"template":"","format":"standard","meta":{"footnotes":""},"categories":[81],"tags":[11436,119,123,124,67371,25,24,43805,474,117,121,122,23,118,120],"class_list":{"0":"post-276687","1":"post","2":"type-post","3":"status-publish","4":"format-standard","5":"has-post-thumbnail","7":"category-ciencia-y-tecnologia","8":"tag-ayuntamiento-de-barcelona","9":"tag-ciencia","10":"tag-ciencia-y-tecnologia","11":"tag-cienciaytecnologia","12":"tag-contratos-barcelona","13":"tag-es","14":"tag-espana","15":"tag-informacion-municipal","16":"tag-obras","17":"tag-science","18":"tag-science-and-technology","19":"tag-scienceandtechnology","20":"tag-spain","21":"tag-technology","22":"tag-tecnologia"},"share_on_mastodon":{"url":"https:\/\/pubeurope.com\/@es\/115680856471462009","error":""},"_links":{"self":[{"href":"https:\/\/www.europesays.com\/es\/wp-json\/wp\/v2\/posts\/276687","targetHints":{"allow":["GET"]}}],"collection":[{"href":"https:\/\/www.europesays.com\/es\/wp-json\/wp\/v2\/posts"}],"about":[{"href":"https:\/\/www.europesays.com\/es\/wp-json\/wp\/v2\/types\/post"}],"author":[{"embeddable":true,"href":"https:\/\/www.europesays.com\/es\/wp-json\/wp\/v2\/users\/2"}],"replies":[{"embeddable":true,"href":"https:\/\/www.europesays.com\/es\/wp-json\/wp\/v2\/comments?post=276687"}],"version-history":[{"count":0,"href":"https:\/\/www.europesays.com\/es\/wp-json\/wp\/v2\/posts\/276687\/revisions"}],"wp:featuredmedia":[{"embeddable":true,"href":"https:\/\/www.europesays.com\/es\/wp-json\/wp\/v2\/media\/276688"}],"wp:attachment":[{"href":"https:\/\/www.europesays.com\/es\/wp-json\/wp\/v2\/media?parent=276687"}],"wp:term":[{"taxonomy":"category","embeddable":true,"href":"https:\/\/www.europesays.com\/es\/wp-json\/wp\/v2\/categories?post=276687"},{"taxonomy":"post_tag","embeddable":true,"href":"https:\/\/www.europesays.com\/es\/wp-json\/wp\/v2\/tags?post=276687"}],"curies":[{"name":"wp","href":"https:\/\/api.w.org\/{rel}","templated":true}]}}