{"id":276689,"date":"2025-12-07T23:22:08","date_gmt":"2025-12-07T23:22:08","guid":{"rendered":"https:\/\/www.europesays.com\/es\/276689\/"},"modified":"2025-12-07T23:22:08","modified_gmt":"2025-12-07T23:22:08","slug":"horario-de-los-centros-comerciales-y-supermercados","status":"publish","type":"post","link":"https:\/\/www.europesays.com\/es\/276689\/","title":{"rendered":"horario de los centros comerciales y supermercados"},"content":{"rendered":"<p style=\"\">Grandes almacenes, centros comerciales y comercios de la ciudad de <a href=\"https:\/\/www.abc.es\/noticias\/valencia-ciudad\/\" target=\"_self\" data-voc-vtm-id=\"in-text-traffic\" title=\"Valencia\" data-mrf-link=\"www.abc.es\" rel=\"nofollow noopener\">Valencia<\/a> abren sus puertas este <strong>lunes 8 de diciembre<\/strong>, festivo por el d\u00eda de la Inmaculada Concepci\u00f3n y en pleno puente, para facilitar las compras. Es, de hecho, uno de los festivos de  &#8230; apertura autorizada en toda la Comunidad Valenciana por la campa\u00f1a de Navidad.<\/p>\n<p class=\"voc-p\" style=\"\"><strong>El Corte Ingl\u00e9s<\/strong> abre sus centros de Pintor Sorolla, Col\u00f3n, Nuevo Centro, Avenida de Francia y Ademuz-Hipercor de 10 a 22 horas. Tambi\u00e9n est\u00e1n abiertas en ese mismo horario las tiendas de moda de los centros comerciales de la ciudad: El Saler, Aqua, Arena y Nuevo Centro. Igualmente, abren sus zonas de ocio y restauraci\u00f3n.<\/p>\n<p class=\"voc-p\" style=\"\">No ocurre lo mismo con los del \u00e1rea metropolitana -Gran Turia o Bonaire, por ejemplo- que s\u00f3lo tienen permitido abrir los restaurantes o los cines.<\/p>\n<p class=\"voc-p\" style=\"\">Por su parte, la mayor\u00eda de firmas de moda -como Zara, Primark o Lefties-, librer\u00edas o tiendas de electr\u00f3nica del centro de Valencia tambi\u00e9n abren sus puertas, al igual que los <strong>cines y teatros<\/strong> de la capital del Turia, que ofrecen una variada cartelera.<\/p>\n<p class=\"voc-p\" style=\"\">Como es habitual en festivo, los <strong>supermercados<\/strong> de Mercadona y Consum no suben la persiana, pero algunos hipermercados Carrefour -Campanar y El Saler (10 a 22h)-, Carrefour Express, Aldi, Charter o Dia s\u00ed abren este domingo. Conviene consultar los horarios especiales en sus respectivas p\u00e1ginas web. Los mercados municipales permanecen cerrados. En paralelo, muchas administraciones de loter\u00eda aprovechan para vender d\u00e9cimos de cara al sorteo del 22 de diciembre.<\/p>\n","protected":false},"excerpt":{"rendered":"Grandes almacenes, centros comerciales y comercios de la ciudad de Valencia abren sus puertas este lunes 8 de&hellip;\n","protected":false},"author":2,"featured_media":276690,"comment_status":"","ping_status":"","sticky":false,"template":"","format":"standard","meta":{"footnotes":""},"categories":[80],"tags":[1046,82,4114,10153,35329,95,94,25,24,319,315,23,3212,235],"class_list":{"0":"post-276689","1":"post","2":"type-post","3":"status-publish","4":"format-standard","5":"has-post-thumbnail","7":"category-economia","8":"tag-abierto","9":"tag-business","10":"tag-centros","11":"tag-comerciales","12":"tag-diciembre","13":"tag-economia","14":"tag-economy","15":"tag-es","16":"tag-espana","17":"tag-horario","18":"tag-hoy","19":"tag-spain","20":"tag-supermercados","21":"tag-valencia"},"share_on_mastodon":{"url":"https:\/\/pubeurope.com\/@es\/115680860298468473","error":""},"_links":{"self":[{"href":"https:\/\/www.europesays.com\/es\/wp-json\/wp\/v2\/posts\/276689","targetHints":{"allow":["GET"]}}],"collection":[{"href":"https:\/\/www.europesays.com\/es\/wp-json\/wp\/v2\/posts"}],"about":[{"href":"https:\/\/www.europesays.com\/es\/wp-json\/wp\/v2\/types\/post"}],"author":[{"embeddable":true,"href":"https:\/\/www.europesays.com\/es\/wp-json\/wp\/v2\/users\/2"}],"replies":[{"embeddable":true,"href":"https:\/\/www.europesays.com\/es\/wp-json\/wp\/v2\/comments?post=276689"}],"version-history":[{"count":0,"href":"https:\/\/www.europesays.com\/es\/wp-json\/wp\/v2\/posts\/276689\/revisions"}],"wp:featuredmedia":[{"embeddable":true,"href":"https:\/\/www.europesays.com\/es\/wp-json\/wp\/v2\/media\/276690"}],"wp:attachment":[{"href":"https:\/\/www.europesays.com\/es\/wp-json\/wp\/v2\/media?parent=276689"}],"wp:term":[{"taxonomy":"category","embeddable":true,"href":"https:\/\/www.europesays.com\/es\/wp-json\/wp\/v2\/categories?post=276689"},{"taxonomy":"post_tag","embeddable":true,"href":"https:\/\/www.europesays.com\/es\/wp-json\/wp\/v2\/tags?post=276689"}],"curies":[{"name":"wp","href":"https:\/\/api.w.org\/{rel}","templated":true}]}}