{"id":276691,"date":"2025-12-07T23:23:09","date_gmt":"2025-12-07T23:23:09","guid":{"rendered":"https:\/\/www.europesays.com\/es\/276691\/"},"modified":"2025-12-07T23:23:09","modified_gmt":"2025-12-07T23:23:09","slug":"netanyahu-asegura-que-proximamente-comenzara-la-segunda-fase-del-plan-de-paz-en-gaza-internacional","status":"publish","type":"post","link":"https:\/\/www.europesays.com\/es\/276691\/","title":{"rendered":"Netanyahu asegura que \u00abpr\u00f3ximamente\u00bb comenzar\u00e1 la segunda fase del plan de paz en Gaza | Internacional"},"content":{"rendered":"<p class=\"loc\">Madrid<\/p>\n<p>El primer ministro de Israel, Benjam\u00edn Netanyahu, ha afirmado este domingo que considera que la primera fase del acuerdo en la Franja de Gaza tras la propuesta de Estados Unidos est\u00e1 cerca de terminar y ha adelantado que \u00abpr\u00f3ximamente\u00bb se pasar\u00e1 a la segunda etapa, en medio de las denuncias del Movimiento de Resistencia Isl\u00e1mica (Ham\u00e1s) sobre violaciones israel\u00edes del alto el fuego y el incumplimiento en la entrada de los niveles acordados de ayuda humanitaria.<\/p>\n<p>\u00abCasi hemos terminado la primera fase, queda un reh\u00e9n muerto (&#8230;) por volver. Despu\u00e9s, pr\u00f3ximamente, esperamos avanzar a la segunda fase\u00bb, ha manifestado, en referencia al cuerpo del \u00faltimo secuestrado durante los ataques del 7 de octubre de 2023 que sigue en Gaza debido a las dificultades para hallar los restos en medio de la devastaci\u00f3n de la ofensiva israel\u00ed contra el enclave.<\/p>\n<p>El anuncio de la b\u00fasqueda este domingo del cuerpo del \u00faltimo reh\u00e9n israel\u00ed por parte de Ham\u00e1s trae consigo, a su vez, un acercamiento al fin de la primera fase del acuerdo de paz para Gaza. Un acuerdo <a href=\"https:\/\/cadenaser.com\/nacional\/2025\/10\/09\/israel-y-hamas-firman-el-acuerdo-para-implementar-la-primera-fase-de-la-propuesta-de-paz-para-gaza-cadena-ser\/\" target=\"_blank\" rel=\"nofollow noopener\" title=\"https:\/\/cadenaser.com\/nacional\/2025\/10\/09\/israel-y-hamas-firman-el-acuerdo-para-implementar-la-primera-fase-de-la-propuesta-de-paz-para-gaza-cadena-ser\/\">aprobado el pasado octubre<\/a> y cuya primera etapa supon\u00eda la implantaci\u00f3n de un alto el fuego inminente en la Franja, la liberaci\u00f3n de todos los rehenes y la retirada parcial del ej\u00e9rcito de Israel del enclave. <\/p>\n<p>A trav\u00e9s de sus portavoces , la milicia ha confirmado que este domingo entregar\u00e1 a las tropas israel\u00edes el cuerpo del \u00faltimo cautivo que permanec\u00eda en Gaza. Medios israel\u00edes han apuntado que el propio grupo se encuentra ya buscando un cuerpo que el viernes aseguraron tener \u00ablocalizado\u00bb. <\/p>\n<p>Una vez se efect\u00fae dicha entrega, Israel deber\u00e1 confirmar que, en efecto, se trata del cuerpo del \u00faltimo reh\u00e9n en la Franja, Ran Gvili. De confirmarse, la milicia habr\u00eda entregado ya los 28 rehenes muertos que quedaban en la Franja. <\/p>\n<p>La devoluci\u00f3n del cuerpo del \u00faltimo reh\u00e9n era uno de los compromisos que deb\u00eda cumplir Ham\u00e1s durante la primera fase de un acuerdo impulsado por Estados Unidos. <\/p>\n<p>Una segunda fase \u00abinminente\u00bb<\/p>\n<p>Mientras tanto, Egipto ha continuado acogiendo reuniones entre los mediadores en el conflicto con el fin de facilitar el paso a la segunda fase del acuerdo. Una segunda fase a la que se ha referido el primer ministro israel\u00ed, Benjam\u00edn Netanyahu, este domingo, para asegurar que considera \u00abinminente\u00bb su entrada en vigor. <\/p>\n<p>\u00abLa primera fase casi ha concluido. La segunda es inminente y ser\u00e1 dif\u00edcil, a\u00fan m\u00e1s dif\u00edcil\u00bb, ha reconocido Netanyahu tras su encuentro con el canciller alem\u00e1n, Friedrich Merz, en el marco de su visita a Jerusal\u00e9n. <\/p>\n<p>Tras esta segunda fase, agreg\u00f3 Netanyahu, tendr\u00e1 lugar una \u00abtercera, que consistir\u00e1 en desradicalizar Gaza, algo que tambi\u00e9n se cre\u00eda imposible, pero que se logr\u00f3 en Alemania y Jap\u00f3n\u00bb. <\/p>\n","protected":false},"excerpt":{"rendered":"Madrid El primer ministro de Israel, Benjam\u00edn Netanyahu, ha afirmado este domingo que considera que la primera fase&hellip;\n","protected":false},"author":2,"featured_media":276692,"comment_status":"","ping_status":"","sticky":false,"template":"","format":"standard","meta":{"footnotes":""},"categories":[42],"tags":[17,18,13,14,11,61,62,63,64,19,20,9,10,15,16,48801,88,16181,12,21,22,65,66,67],"class_list":{"0":"post-276691","1":"post","2":"type-post","3":"status-publish","4":"format-standard","5":"has-post-thumbnail","7":"category-internacional","8":"tag-breaking-news","9":"tag-breakingnews","10":"tag-featured-news","11":"tag-featurednews","12":"tag-headlines","13":"tag-internacional","14":"tag-international","15":"tag-international-news","16":"tag-internationalnews","17":"tag-latest-news","18":"tag-latestnews","19":"tag-news","20":"tag-noticias","21":"tag-noticias-destacadas","22":"tag-noticiasdestacadas","23":"tag-official-visit","24":"tag-politics","25":"tag-presser","26":"tag-titulares","27":"tag-ultimas-noticias","28":"tag-ultimasnoticias","29":"tag-world","30":"tag-world-news","31":"tag-worldnews"},"share_on_mastodon":{"url":"https:\/\/pubeurope.com\/@es\/115680864081801099","error":""},"_links":{"self":[{"href":"https:\/\/www.europesays.com\/es\/wp-json\/wp\/v2\/posts\/276691","targetHints":{"allow":["GET"]}}],"collection":[{"href":"https:\/\/www.europesays.com\/es\/wp-json\/wp\/v2\/posts"}],"about":[{"href":"https:\/\/www.europesays.com\/es\/wp-json\/wp\/v2\/types\/post"}],"author":[{"embeddable":true,"href":"https:\/\/www.europesays.com\/es\/wp-json\/wp\/v2\/users\/2"}],"replies":[{"embeddable":true,"href":"https:\/\/www.europesays.com\/es\/wp-json\/wp\/v2\/comments?post=276691"}],"version-history":[{"count":0,"href":"https:\/\/www.europesays.com\/es\/wp-json\/wp\/v2\/posts\/276691\/revisions"}],"wp:featuredmedia":[{"embeddable":true,"href":"https:\/\/www.europesays.com\/es\/wp-json\/wp\/v2\/media\/276692"}],"wp:attachment":[{"href":"https:\/\/www.europesays.com\/es\/wp-json\/wp\/v2\/media?parent=276691"}],"wp:term":[{"taxonomy":"category","embeddable":true,"href":"https:\/\/www.europesays.com\/es\/wp-json\/wp\/v2\/categories?post=276691"},{"taxonomy":"post_tag","embeddable":true,"href":"https:\/\/www.europesays.com\/es\/wp-json\/wp\/v2\/tags?post=276691"}],"curies":[{"name":"wp","href":"https:\/\/api.w.org\/{rel}","templated":true}]}}