{"id":276693,"date":"2025-12-07T23:24:09","date_gmt":"2025-12-07T23:24:09","guid":{"rendered":"https:\/\/www.europesays.com\/es\/276693\/"},"modified":"2025-12-07T23:24:09","modified_gmt":"2025-12-07T23:24:09","slug":"muere-mercedes-mengibar-gestora-sanitaria-vinculada-al-grupo-vithas-en-malaga","status":"publish","type":"post","link":"https:\/\/www.europesays.com\/es\/276693\/","title":{"rendered":"Muere Mercedes Meng\u00edbar, gestora sanitaria vinculada al Grupo Vithas en M\u00e1laga"},"content":{"rendered":"<p>Era una de las grandes expertas en sanidad de Espa\u00f1a y una de las mentes m\u00e1s preclaras del mundo empresarial de M\u00e1laga. Quienes la conocieron  &#8230; hablan de su enorme profesionalidad, con ese equilibrio tan dif\u00edcil de lograr entre el alto de nivel de exigencia que demandaba su puesto y la empat\u00eda con sus compa\u00f1eros. Mercedes Meng\u00edbar ha fallecido v\u00edctima de un c\u00e1ncer a los 71 a\u00f1os en M\u00e1laga, la ciudad que eligi\u00f3 para vivir y en la que desarroll\u00f3 buena parte de su carrera profesional vinculada al Grupo Vithas.<\/p>\n<p class=\"v-p\">Meng\u00edbar puso en marcha el organigrama y la red hospitalaria de Vithas en Andaluc\u00eda como directora territorial del grupo sanitario. En 2018, fue nombrada directora de la Zona Costa del Sol de Vithas, que agrupaba las provincias de M\u00e1laga y Almu\u00f1\u00e9car. En ese momento era directora gerente del Hospital Vithas Xanit Internacional y asum\u00eda tambi\u00e9n la responsabilidad ejecutiva del Hospital Vithas M\u00e1laga y Vithas Salud Rinc\u00f3n Medical Center. <\/p>\n<p>\nComenz\u00f3 su carrera en la gesti\u00f3n hospitalaria en 1993 al frente del Virgen del Roc\u00edo de Sevilla\n<\/p>\n<p class=\"v-p\">Pero su trayectoria en el sector sanitario se remonta a muchos a\u00f1os atr\u00e1s. Natural del pueblo sevillano de Arahal, hija del m\u00e9dico y alcalde del municipio, Meng\u00edbar comenz\u00f3 su carrera de gesti\u00f3n hospitalaria en el sector p\u00fablico, en 1993, como directora de servicios generales del Hospital Universitario Virgen del Roc\u00edo de Sevilla. Cinco a\u00f1os despu\u00e9s dar\u00eda el salto a M\u00e1laga al ser nombrada Gerente del Hospital Universitario de Antequera. Y ya nunca se march\u00f3 de aqu\u00ed. <\/p>\n<p class=\"v-p\">En 2003, inici\u00f3 su andadura en el \u00e1mbito privado al asumir el cargo de directora gerente de USP Hospital de Marbella. Siete a\u00f1os despu\u00e9s fue nombrada consejera de Xanit Health Care Management y directora gerente de Xanit Hospital Internacional.<\/p>\n<p class=\"v-p\">Han sido m\u00e1s de 30 a\u00f1os vinculada a la sanidad. Su liderazgo y buena gesti\u00f3n le valieron numerosos reconocimientos. En 2015, de hecho, fue elegida una de las mujeres m\u00e1s influyentes de Espa\u00f1a en los Top 100 Mujeres L\u00edderes. Se diplom\u00f3 en Buen Gobierno de las Sociedades para Consejeros Profesionales por el ICA, estudi\u00f3 Psicolog\u00eda de las Organizaciones y era Mag\u00edster en Direcci\u00f3n de RRHH, y en Econom\u00eda de la Salud y Direcci\u00f3n de Organizaciones Sanitarias. <\/p>\n<p class=\"v-p\">En lo personal, era una mujer profundamente comprometida. Con 23 a\u00f1os su rebeld\u00eda la llev\u00f3 a enamorarse de la revoluci\u00f3n y enrolarse en el Frente Sandinista de Liberaci\u00f3n Nacional un a\u00f1o antes de que estallara la insurrecci\u00f3n en Nicaragua. \u00abFue muy duro trabajar en la brigada m\u00e9dica, pero me sirvi\u00f3 para darme cuenta de que lo m\u00edo era organizar\u00bb, confes\u00f3 en una entrevista a este peri\u00f3dico. No se equivocaba. <\/p>\n","protected":false},"excerpt":{"rendered":"Era una de las grandes expertas en sanidad de Espa\u00f1a y una de las mentes m\u00e1s preclaras del&hellip;\n","protected":false},"author":2,"featured_media":276694,"comment_status":"","ping_status":"","sticky":false,"template":"","format":"standard","meta":{"footnotes":""},"categories":[8],"tags":[17,18,25,24,13,14,38245,100,11,19,20,3855,67372,1228,8938,9,10,15,16,34423,23,12,21,22,26474,39014],"class_list":{"0":"post-276693","1":"post","2":"type-post","3":"status-publish","4":"format-standard","5":"has-post-thumbnail","7":"category-espana","8":"tag-breaking-news","9":"tag-breakingnews","10":"tag-es","11":"tag-espana","12":"tag-featured-news","13":"tag-featurednews","14":"tag-gestora","15":"tag-grupo","16":"tag-headlines","17":"tag-latest-news","18":"tag-latestnews","19":"tag-malaga","20":"tag-mengibar","21":"tag-mercedes","22":"tag-muere","23":"tag-news","24":"tag-noticias","25":"tag-noticias-destacadas","26":"tag-noticiasdestacadas","27":"tag-sanitaria","28":"tag-spain","29":"tag-titulares","30":"tag-ultimas-noticias","31":"tag-ultimasnoticias","32":"tag-vinculada","33":"tag-vithas"},"share_on_mastodon":{"url":"https:\/\/pubeurope.com\/@es\/115680868035107863","error":""},"_links":{"self":[{"href":"https:\/\/www.europesays.com\/es\/wp-json\/wp\/v2\/posts\/276693","targetHints":{"allow":["GET"]}}],"collection":[{"href":"https:\/\/www.europesays.com\/es\/wp-json\/wp\/v2\/posts"}],"about":[{"href":"https:\/\/www.europesays.com\/es\/wp-json\/wp\/v2\/types\/post"}],"author":[{"embeddable":true,"href":"https:\/\/www.europesays.com\/es\/wp-json\/wp\/v2\/users\/2"}],"replies":[{"embeddable":true,"href":"https:\/\/www.europesays.com\/es\/wp-json\/wp\/v2\/comments?post=276693"}],"version-history":[{"count":0,"href":"https:\/\/www.europesays.com\/es\/wp-json\/wp\/v2\/posts\/276693\/revisions"}],"wp:featuredmedia":[{"embeddable":true,"href":"https:\/\/www.europesays.com\/es\/wp-json\/wp\/v2\/media\/276694"}],"wp:attachment":[{"href":"https:\/\/www.europesays.com\/es\/wp-json\/wp\/v2\/media?parent=276693"}],"wp:term":[{"taxonomy":"category","embeddable":true,"href":"https:\/\/www.europesays.com\/es\/wp-json\/wp\/v2\/categories?post=276693"},{"taxonomy":"post_tag","embeddable":true,"href":"https:\/\/www.europesays.com\/es\/wp-json\/wp\/v2\/tags?post=276693"}],"curies":[{"name":"wp","href":"https:\/\/api.w.org\/{rel}","templated":true}]}}