{"id":276695,"date":"2025-12-07T23:25:06","date_gmt":"2025-12-07T23:25:06","guid":{"rendered":"https:\/\/www.europesays.com\/es\/276695\/"},"modified":"2025-12-07T23:25:06","modified_gmt":"2025-12-07T23:25:06","slug":"un-empate-agridulce-para-el-lider-de-la-competicion-cd-tenerife","status":"publish","type":"post","link":"https:\/\/www.europesays.com\/es\/276695\/","title":{"rendered":"Un empate agridulce para el l\u00edder de la competici\u00f3n | CD Tenerife"},"content":{"rendered":"<p class=\"MsoNormal\">El CD Tenerife afront\u00f3, desde lo m\u00e1s alto de la clasificaci\u00f3n del Grupo I de la Primera Federaci\u00f3n, la visita al siempre complicado Estadio Anxo Carro, donde tuvo que medir sus fuerzas con el CD Lugo. Un duelo, que temporadas atr\u00e1s, se ha venido repitiendo en LALIGA HYPERMOTION y que en esta ocasi\u00f3n tuvo como escenario la tercera categor\u00eda del f\u00fatbol espa\u00f1ol.<\/p>\n<p class=\"MsoNormal\">Con una amplia representaci\u00f3n de la afici\u00f3n blanquiazul en las gradas del campo lucense, en el equipo de \u00c1lvaro Cervera inici\u00f3 tan importante compromiso con el firme prop\u00f3sito de demostrar el porqu\u00e9 de su excepcional posici\u00f3n en la tabla clasificatoria. Con unos alt\u00edsimos niveles de activaci\u00f3n y una m\u00e1s que acertada presi\u00f3n, el CD Tenerife pronto se hizo con el control del partido.<\/p>\n<p class=\"MsoNormal\">A los cuatro minutos, Nacho Gil pudo abrir la lata para los isle\u00f1os, despu\u00e9s de un robo de Enric Gallego y un servicio de Alassan, que el 10 blanquiazul llev\u00f3 a cent\u00edmetros de la porter\u00eda de Marc Mart\u00ednez. Ese control de todas las fases del juego se tradujo pronto en la primera ventaja en el marcador. Nacho Gi puso el bal\u00f3n en movimiento desde la esquina y Fabricio, pleno de confianza, cabece\u00f3 al fondo de las mallas locales (0-1, 12\u2019).<\/p>\n<p class=\"MsoNormal\">El CD Tenerife ni mucho menos levant\u00f3 el pie del acelerador y Nacho Gil super\u00f3 de nuevo la oposici\u00f3n del guardameta del CD Lugo (22\u2019), pero la acci\u00f3n fue anulada por fuera de juego previo e Enric Gallego (fue \u00e9l quien devolvi\u00f3 la pared a su compa\u00f1ero). Un mano a mano precisamente del 18 tinerfe\u00f1ista no fue resuelto, de manera satisfactoria, por el bravo punta catal\u00e1n (31\u2019).<\/p>\n<p class=\"MsoNormal\">Minutos despu\u00e9s, nuevo golpe sobre la mesa del l\u00edder de la categor\u00eda; centr\u00f3 Nacho Gil con su habitual calidad, gan\u00f3 el bal\u00f3n arriba Jos\u00e9 Le\u00f3n y de nuevo Fabricio, omnipresente en el Anxo Carro, aprovech\u00f3 el rechace de Marc Mart\u00ednez para elevar la segunda unidad el electr\u00f3nico tinerfe\u00f1ista (0-2, 34\u2019). Un CD Tenerife lanzado y quer\u00eda m\u00e1s, y cerca estuvo de lograrlo a segundos del final de la primera parte, con un potente zurdazo de Enric Gallego, que hizo que Marc Mart\u00ednez se tuviera que emplear a fondo para evitar el cero a tres (45+3\u2019).<\/p>\n<p class=\"MsoNormal\">Gerard Brull decret\u00f3 la conclusi\u00f3n de los primeros 45 minutos; si fuera necesario dejar constancia de un resumen de ese primer acto del encuentro, ni mucho menos estar\u00eda alejado de la realidad el afirmar, con absoluta rotundidad, que el grupo de \u00c1lvaro Cervera hab\u00eda completado uno de los mejores primeros tramos de encuentro en lo que va de temporada, dentro de la Primera Federaci\u00f3n 2025\/2026.\u00a0\u00a0\u00a0\u00a0<\/p>\n<p class=\"MsoNormal\">El CD Tenerife continu\u00f3 acumulando ocasiones para ampliar la renta. Enric Gallego remat\u00f3 alto (47\u2019), mientras que Nacho Gil dispar\u00f3 sobre el lateral de la red (51\u2019). No lleg\u00f3 este nuevo tanto&#8230; y s\u00ed fue el CD Lugo el que se agarr\u00f3 al duelo con un gol de Samanes, a los 65 minutos (1-2). Antes, David Rodr\u00edguez salv\u00f3 un gol cuando el bal\u00f3n se colaba en la meta de Dani (63\u2019). Nacho Gil dispuso de una nueva oportunidad para cerrar la contienda, pero no encontr\u00f3 los tres palos (74\u2019). J. Calavera s\u00ed hizo intervenir a Marc Mart\u00ednez (75\u2019).<\/p>\n<p class=\"MsoNormal\">Atr\u00e1s quedaba una gran primera hora de juego. Luego, casi sin tiempo de reacci\u00f3n, un penalti discutido hizo posible que el CD Lugo estableciera el dos a dos. Unzueta rescat\u00f3 un punto para el cuadro gallego, tras la referida pena m\u00e1xima (82\u2019). En ese tramo final, Calavera pudo, de cabeza, situar por delante de nuevo al CD Tenerife, aunque su testarazo se march\u00f3 fuera por muy poco. Lleg\u00f3 la conclusi\u00f3n y con ella un empate que resulta insuficiente para el conjunto blanquiazul (2-2). La siguiente cita llevar\u00e1 a los isle\u00f1os a tierras asturianas, para all\u00ed rendir visita al Real Avil\u00e9s (13\/12, 17:30 hora canaria).\u00a0\u00a0<\/p>\n<p class=\"MsoNormal\"><strong style=\"mso-bidi-font-weight: normal;\">CD LUGO<\/strong><br \/>Marc; Iago L\u00f3pez, P. Trigueros, Gay\u00e0, D. Caballo; Jorge G., \u00c1lex Balboa, Carbonell, Pastrana; I. Unzueta y Lago Junior. Tambi\u00e9n jugaron: Samanes, Nathaniel Nicholas, N. Reniero, Txus Alba y Neco Celorio.<\/p>\n<p class=\"MsoNormal\"><strong style=\"mso-bidi-font-weight: normal;\">CD TENERIFE<\/strong><br \/>Dani; C\u00e9sar, Landazuri, Le\u00f3n, David Rodr\u00edguez; Alassan (Balde, 70\u2019), Aitor Sanz (J. Calavera, 70\u2019), Fabricio, Nacho Gil (Zoilo, 85\u2019); Enric Gallego (Juanjo S\u00e1nchez, 70\u2019) y De Miguel (Maikel Mesa, 85\u2019).<\/p>\n<p class=\"MsoNormal\"><strong style=\"mso-bidi-font-weight: normal;\">\u00c1RBITRO<\/strong><br \/>Gerard Brull; asistido por Yuval Conde y por Jes\u00fas Rodrigo. Amonest\u00f3 a los locales Jorge G., P. Trigueros, Txus Alba, Reniero e Iago L\u00f3pez ; y a los visitantes Aitor Sanz y Balde.<\/p>\n<p class=\"MsoNormal\"><strong style=\"mso-bidi-font-weight: normal;\">GOLES<\/strong><br \/>0-1 (12\u2019): Fabricio; 0-2 (34\u2019): Fabricio; 1-2 (65\u2019): Samanes y 2-2 (82\u2019): Unzueta, de penalti.<\/p>\n<p class=\"MsoNormal\"><strong style=\"mso-bidi-font-weight: normal;\">INCIDENCIAS<\/strong><br \/>Estadio Anxo Carro, en partido correspondiente a la jornada 15\u00aa de la Primera Federaci\u00f3n 2025\/2026.<\/p>\n<p class=\"MsoNormal\">#LugoTenerife #LaBregaNosUne #DISAF\u00cdO\u00a0<\/p>\n","protected":false},"excerpt":{"rendered":"El CD Tenerife afront\u00f3, desde lo m\u00e1s alto de la clasificaci\u00f3n del Grupo I de la Primera Federaci\u00f3n,&hellip;\n","protected":false},"author":2,"featured_media":276696,"comment_status":"","ping_status":"","sticky":false,"template":"","format":"standard","meta":{"footnotes":""},"categories":[5],"tags":[17,18,25,24,13,14,11,19,20,9,10,15,16,23,12,21,22],"class_list":{"0":"post-276695","1":"post","2":"type-post","3":"status-publish","4":"format-standard","5":"has-post-thumbnail","7":"category-titulares","8":"tag-breaking-news","9":"tag-breakingnews","10":"tag-es","11":"tag-espana","12":"tag-featured-news","13":"tag-featurednews","14":"tag-headlines","15":"tag-latest-news","16":"tag-latestnews","17":"tag-news","18":"tag-noticias","19":"tag-noticias-destacadas","20":"tag-noticiasdestacadas","21":"tag-spain","22":"tag-titulares","23":"tag-ultimas-noticias","24":"tag-ultimasnoticias"},"share_on_mastodon":{"url":"https:\/\/pubeurope.com\/@es\/115680871891529241","error":""},"_links":{"self":[{"href":"https:\/\/www.europesays.com\/es\/wp-json\/wp\/v2\/posts\/276695","targetHints":{"allow":["GET"]}}],"collection":[{"href":"https:\/\/www.europesays.com\/es\/wp-json\/wp\/v2\/posts"}],"about":[{"href":"https:\/\/www.europesays.com\/es\/wp-json\/wp\/v2\/types\/post"}],"author":[{"embeddable":true,"href":"https:\/\/www.europesays.com\/es\/wp-json\/wp\/v2\/users\/2"}],"replies":[{"embeddable":true,"href":"https:\/\/www.europesays.com\/es\/wp-json\/wp\/v2\/comments?post=276695"}],"version-history":[{"count":0,"href":"https:\/\/www.europesays.com\/es\/wp-json\/wp\/v2\/posts\/276695\/revisions"}],"wp:featuredmedia":[{"embeddable":true,"href":"https:\/\/www.europesays.com\/es\/wp-json\/wp\/v2\/media\/276696"}],"wp:attachment":[{"href":"https:\/\/www.europesays.com\/es\/wp-json\/wp\/v2\/media?parent=276695"}],"wp:term":[{"taxonomy":"category","embeddable":true,"href":"https:\/\/www.europesays.com\/es\/wp-json\/wp\/v2\/categories?post=276695"},{"taxonomy":"post_tag","embeddable":true,"href":"https:\/\/www.europesays.com\/es\/wp-json\/wp\/v2\/tags?post=276695"}],"curies":[{"name":"wp","href":"https:\/\/api.w.org\/{rel}","templated":true}]}}