{"id":276710,"date":"2025-12-07T23:43:12","date_gmt":"2025-12-07T23:43:12","guid":{"rendered":"https:\/\/www.europesays.com\/es\/276710\/"},"modified":"2025-12-07T23:43:12","modified_gmt":"2025-12-07T23:43:12","slug":"muere-martin-parr-fotografo-documental-britanico-a-los-73-anos","status":"publish","type":"post","link":"https:\/\/www.europesays.com\/es\/276710\/","title":{"rendered":"Muere Martin Parr, fot\u00f3grafo documental brit\u00e1nico, a los 73 a\u00f1os"},"content":{"rendered":"<p>      CNN<br \/>\n        \u00a0\u2014\u00a0<\/p>\n<p class=\"paragraph inline-placeholder vossi-paragraph\" data-uri=\"es.cms.cnn.com\/_components\/paragraph\/instances\/cmiwabixg008m26pb2urs63h3@published\" data-editable=\"text\" data-component-name=\"paragraph\" data-article-gutter=\"true\">\n            Martin Parr, uno de los fot\u00f3grafos m\u00e1s aclamados del Reino Unido, muri\u00f3 el s\u00e1bado a los 73 a\u00f1os, inform\u00f3 este domingo su fundaci\u00f3n.\n    <\/p>\n<p class=\"paragraph inline-placeholder vossi-paragraph\" data-uri=\"es.cms.cnn.com\/_components\/paragraph\/instances\/cmiwb6g4r0004356nf5y8j1g7@published\" data-editable=\"text\" data-component-name=\"paragraph\" data-article-gutter=\"true\">\n            Fot\u00f3grafo y coleccionista prol\u00edfico, Parr document\u00f3 obsesivamente su entorno durante m\u00e1s de 50 a\u00f1os.\n    <\/p>\n<p class=\"paragraph inline-placeholder vossi-paragraph\" data-uri=\"es.cms.cnn.com\/_components\/paragraph\/instances\/cmiwb6g4s0005356nkly20z89@published\" data-editable=\"text\" data-component-name=\"paragraph\" data-article-gutter=\"true\">\n            Durante esos a\u00f1os, sus vibrantes fotograf\u00edas de personas en playas, ferias locales y piscinas p\u00fablicas llamaron la atenci\u00f3n de un p\u00fablico internacional y celebraron las peculiaridades y detalles de la vida cotidiana en el Reino Unido.\n    <\/p>\n<p class=\"paragraph inline-placeholder vossi-paragraph\" data-uri=\"es.cms.cnn.com\/_components\/paragraph\/instances\/cmiwb6g4s0006356n8ed1v8fg@published\" data-editable=\"text\" data-component-name=\"paragraph\" data-article-gutter=\"true\">\n            El fot\u00f3grafo documental muri\u00f3 en su casa en Bristol, en el suroeste de Inglaterra, seg\u00fan un comunicado publicado en el sitio web de la Fundaci\u00f3n Martin Parr.\n    <\/p>\n<p class=\"paragraph inline-placeholder vossi-paragraph\" data-uri=\"es.cms.cnn.com\/_components\/paragraph\/instances\/cmiwb6g4s0007356n6hi1kfuy@published\" data-editable=\"text\" data-component-name=\"paragraph\" data-article-gutter=\"true\">\n            \u201cLe sobreviven su esposa Susie, su hija Ellen, su hermana Vivien y su nieto George. La familia pide privacidad en este momento\u201d, agreg\u00f3 el comunicado.\n    <\/p>\n<p class=\"paragraph inline-placeholder vossi-paragraph\" data-uri=\"es.cms.cnn.com\/_components\/paragraph\/instances\/cmiwb6g4s0008356n7jl1gftx@published\" data-editable=\"text\" data-component-name=\"paragraph\" data-article-gutter=\"true\">\n            \u201cLa Fundaci\u00f3n Martin Parr y Magnum Photos trabajar\u00e1n juntas para preservar y difundir su legado. M\u00e1s adelante se dar\u00e1 a conocer m\u00e1s informaci\u00f3n. Martin ser\u00e1 profundamente extra\u00f1ado\u201d, se\u00f1al\u00f3 la fundaci\u00f3n.\n    <\/p>\n<p class=\"paragraph inline-placeholder vossi-paragraph\" data-uri=\"es.cms.cnn.com\/_components\/paragraph\/instances\/cmiwb6g4s0009356nql95eqcg@published\" data-editable=\"text\" data-component-name=\"paragraph\" data-article-gutter=\"true\">\n            Fue miembro de la reconocida agencia Magnum Photos, una cooperativa internacional de fotoperiodistas, y era considerado uno de los fot\u00f3grafos m\u00e1s conocidos de su generaci\u00f3n.\n    <\/p>\n<p class=\"paragraph inline-placeholder vossi-paragraph\" data-uri=\"es.cms.cnn.com\/_components\/paragraph\/instances\/cmiwb6g4s000a356ngzmj9agx@published\" data-editable=\"text\" data-component-name=\"paragraph\" data-article-gutter=\"true\">\n            Su legado fotogr\u00e1fico est\u00e1 plasmado en m\u00e1s de 100 libros publicados, <a href=\"https:\/\/www.magnumphotos.com\/photographer\/martin-parr\/\" target=\"_blank\" rel=\"nofollow noopener\">seg\u00fan Magnum.<\/a>\n    <\/p>\n<p class=\"paragraph inline-placeholder vossi-paragraph\" data-uri=\"es.cms.cnn.com\/_components\/paragraph\/instances\/cmiwb6g4s000b356nh5a2x3s1@published\" data-editable=\"text\" data-component-name=\"paragraph\" data-article-gutter=\"true\">\n            La obra de Parr forma parte de las colecciones de algunos de los museos m\u00e1s importantes del mundo, incluidos el Museo de Arte Moderno de Nueva York, la Tate de Londres y el Centro Pompidou de Par\u00eds, de acuerdo con la agencia.\n    <\/p>\n<p class=\"paragraph inline-placeholder vossi-paragraph\" data-uri=\"es.cms.cnn.com\/_components\/paragraph\/instances\/cmiwb6g4s000c356nm466i2wj@published\" data-editable=\"text\" data-component-name=\"paragraph\" data-article-gutter=\"true\">\n            Parr tambi\u00e9n fue curador de dos festivales de fotograf\u00eda: Arles en 2004 y la Bienal de Fotograf\u00eda de Brighton en 2010. Adem\u00e1s, fue curador de una exposici\u00f3n en el Barbican Centre de Londres en 2016.\n    <\/p>\n<p class=\"paragraph inline-placeholder vossi-paragraph\" data-uri=\"es.cms.cnn.com\/_components\/paragraph\/instances\/cmiwb6g4s000d356nj0wxl5uc@published\" data-editable=\"text\" data-component-name=\"paragraph\" data-article-gutter=\"true\">\n            En 2021 recibi\u00f3 la distinci\u00f3n CBE (Comendador de la Orden del Imperio Brit\u00e1nico) de la reina Isabel II por sus servicios a la fotograf\u00eda.\n    <\/p>\n","protected":false},"excerpt":{"rendered":"CNN \u00a0\u2014\u00a0 Martin Parr, uno de los fot\u00f3grafos m\u00e1s aclamados del Reino Unido, muri\u00f3 el s\u00e1bado a los&hellip;\n","protected":false},"author":2,"featured_media":276711,"comment_status":"","ping_status":"","sticky":false,"template":"","format":"standard","meta":{"footnotes":""},"categories":[91],"tags":[229,209,146,147,25,24,244,150,67285,2444,23],"class_list":{"0":"post-276710","1":"post","2":"type-post","3":"status-publish","4":"format-standard","5":"has-post-thumbnail","7":"category-entretenimiento","8":"tag-arte","9":"tag-cultura","10":"tag-entertainment","11":"tag-entretenimiento","12":"tag-es","13":"tag-espana","14":"tag-fotografia","15":"tag-instanoticias","16":"tag-martin-parr","17":"tag-reino-unido","18":"tag-spain"},"share_on_mastodon":{"url":"https:\/\/pubeurope.com\/@es\/115680942897780222","error":""},"_links":{"self":[{"href":"https:\/\/www.europesays.com\/es\/wp-json\/wp\/v2\/posts\/276710","targetHints":{"allow":["GET"]}}],"collection":[{"href":"https:\/\/www.europesays.com\/es\/wp-json\/wp\/v2\/posts"}],"about":[{"href":"https:\/\/www.europesays.com\/es\/wp-json\/wp\/v2\/types\/post"}],"author":[{"embeddable":true,"href":"https:\/\/www.europesays.com\/es\/wp-json\/wp\/v2\/users\/2"}],"replies":[{"embeddable":true,"href":"https:\/\/www.europesays.com\/es\/wp-json\/wp\/v2\/comments?post=276710"}],"version-history":[{"count":0,"href":"https:\/\/www.europesays.com\/es\/wp-json\/wp\/v2\/posts\/276710\/revisions"}],"wp:featuredmedia":[{"embeddable":true,"href":"https:\/\/www.europesays.com\/es\/wp-json\/wp\/v2\/media\/276711"}],"wp:attachment":[{"href":"https:\/\/www.europesays.com\/es\/wp-json\/wp\/v2\/media?parent=276710"}],"wp:term":[{"taxonomy":"category","embeddable":true,"href":"https:\/\/www.europesays.com\/es\/wp-json\/wp\/v2\/categories?post=276710"},{"taxonomy":"post_tag","embeddable":true,"href":"https:\/\/www.europesays.com\/es\/wp-json\/wp\/v2\/tags?post=276710"}],"curies":[{"name":"wp","href":"https:\/\/api.w.org\/{rel}","templated":true}]}}