{"id":276718,"date":"2025-12-07T23:47:19","date_gmt":"2025-12-07T23:47:19","guid":{"rendered":"https:\/\/www.europesays.com\/es\/276718\/"},"modified":"2025-12-07T23:47:19","modified_gmt":"2025-12-07T23:47:19","slug":"aumenta-el-numero-de-jovenes-que-sienten-soledad-no-deseada-y-que-piden-hablar-con-alguien-real","status":"publish","type":"post","link":"https:\/\/www.europesays.com\/es\/276718\/","title":{"rendered":"Aumenta el n\u00famero de j\u00f3venes que sienten soledad no deseada y que piden hablar \u00abcon alguien real\u00bb"},"content":{"rendered":"<p>\t\t\t\t\t\tCada vez son m\u00e1s los menores de 35 a\u00f1os que piden ayuda tras una ruptura sentimental o una p\u00e9rdida de v\u00ednculos familiares<br \/>\n\t\t\t\t\t\t\t\t\t\t\t\t<strong>07 dic 2025<\/strong> . Actualizado a las 19:11 h.\t\t\t\t\t\t<\/p>\n<p class=\"first-paragraph txt\">M\u00e1s j\u00f3venes levantaron el Tel\u00e9fono Dorado de Mensajeros de la Paz, un servicio creado para atender a situaciones de soledad, en el a\u00f1o 2024. Son j\u00f3venes de menos de 35 a\u00f1os que necesitan hablar \u00abcon alguien real\u00bb y <strong>piden ayuda tras situaciones de ruptura, problemas por cambio de ciudad o p\u00e9rdida de v\u00ednculos familiares.<\/strong><\/p>\n<p class=\"txt\">\u00abMuchos confiesan sentirse abrumados por la hiperconexi\u00f3n digital, pero sin nadie real con quien hablar\u00bb, explican desde la entidad fundada por el padre \u00c1ngel, que ha realizado el Mapa Nacional de la Soledad no Deseada a partir de los datos del tel\u00e9fono 900 22 22 23, un servicio de escucha y acompa\u00f1amiento emocional creado hace 30 a\u00f1os.<\/p>\n<p class=\"txt\">La fundaci\u00f3n ha detectado un aumento de llamadas de j\u00f3venes, pero la soledad no deseada golpea con especial fuerza a las personas mayores, que sigue siendo el grupo m\u00e1s numeroso, y a las mujeres, que representan el 55 % de quienes buscan apoyo emocional.<\/p>\n<p class=\"txt\">En Espa\u00f1a, una de cada cinco personas se siente sola (el 20 % de la poblaci\u00f3n), una soledad no deseada que se cronifica cuando se prolonga durante dos o m\u00e1s a\u00f1os, situaci\u00f3n que viven seis millones y medio de personas (el 13,5 %), seg\u00fan el Observatorio SoledadES.<\/p>\n<p class=\"ladillo\">Voces amigas<\/p>\n<p class=\"txt\"><strong>\u00abCada vez m\u00e1s j\u00f3venes llaman buscando una voz amiga\u00bb<\/strong>, destacan desde este servicio que ha detectado un crecimiento sostenido de llamadas de personas de menos de 35 a\u00f1os. En las tres d\u00e9cadas de funcionamiento ha recibido m\u00e1s de 7,2 millones de llamadas.<\/p>\n<p class=\"txt\">Los mayores de 65 a\u00f1os siguen siendo el grupo m\u00e1s numeroso, pero tambi\u00e9n el que aporta una mayor diversidad. Hay quien llama tras perder a su pareja, quien siente que ya no cuenta para sus hijos o quien simplemente necesita hablar cada d\u00eda para combatir el silencio. Seis de cada diez comunicantes viven solos y un 30 % reconoce que no recibe ninguna visita en semanas.<\/p>\n<p class=\"txt\"><strong>En la Generaci\u00f3n X (de 40 a 65 a\u00f1os) se aprecia una soledad silencios<\/strong>a, muchas veces asociada a la separaci\u00f3n, la inestabilidad laboral o el cuidado de padres mayores y la falta de tiempo para la vida social. \u00abLas personas de esta franja de edad se sienten solos incluso en casa tras volcarse en la familia y el trabajo\u00bb, recoge la investigaci\u00f3n. <strong>El 55 % de las personas que buscan apoyo emocional son mujeres<\/strong>. Muchas son viudas o separadas, con mayor esperanza de vida y una carga hist\u00f3rica de cuidados que, en la vejez, se convierte en una ausencia de redes propias.<\/p>\n<p class=\"txt\"><strong>La mayor\u00eda de las personas que buscan acompa\u00f1amiento viven solas (64 %).<\/strong> La ausencia cotidiana de compa\u00f1\u00eda es, en muchos casos, el detonante del malestar emocional, argumentan los expertos. La soledad no depende del nivel econ\u00f3mico, pero la falta de recursos suele dificultar a\u00fan m\u00e1s el acceso a actividades, espacios comunitarios o redes de apoyo. Un 51 % se identifica como clase media y un 27 %, como clase baja.<\/p>\n","protected":false},"excerpt":{"rendered":"Cada vez son m\u00e1s los menores de 35 a\u00f1os que piden ayuda tras una ruptura sentimental o una&hellip;\n","protected":false},"author":2,"featured_media":276719,"comment_status":"","ping_status":"","sticky":false,"template":"","format":"standard","meta":{"footnotes":""},"categories":[8],"tags":[17,18,25,24,13,14,11,19,20,9,10,15,16,23,12,21,22],"class_list":{"0":"post-276718","1":"post","2":"type-post","3":"status-publish","4":"format-standard","5":"has-post-thumbnail","7":"category-espana","8":"tag-breaking-news","9":"tag-breakingnews","10":"tag-es","11":"tag-espana","12":"tag-featured-news","13":"tag-featurednews","14":"tag-headlines","15":"tag-latest-news","16":"tag-latestnews","17":"tag-news","18":"tag-noticias","19":"tag-noticias-destacadas","20":"tag-noticiasdestacadas","21":"tag-spain","22":"tag-titulares","23":"tag-ultimas-noticias","24":"tag-ultimasnoticias"},"share_on_mastodon":{"url":"https:\/\/pubeurope.com\/@es\/115680958509675053","error":""},"_links":{"self":[{"href":"https:\/\/www.europesays.com\/es\/wp-json\/wp\/v2\/posts\/276718","targetHints":{"allow":["GET"]}}],"collection":[{"href":"https:\/\/www.europesays.com\/es\/wp-json\/wp\/v2\/posts"}],"about":[{"href":"https:\/\/www.europesays.com\/es\/wp-json\/wp\/v2\/types\/post"}],"author":[{"embeddable":true,"href":"https:\/\/www.europesays.com\/es\/wp-json\/wp\/v2\/users\/2"}],"replies":[{"embeddable":true,"href":"https:\/\/www.europesays.com\/es\/wp-json\/wp\/v2\/comments?post=276718"}],"version-history":[{"count":0,"href":"https:\/\/www.europesays.com\/es\/wp-json\/wp\/v2\/posts\/276718\/revisions"}],"wp:featuredmedia":[{"embeddable":true,"href":"https:\/\/www.europesays.com\/es\/wp-json\/wp\/v2\/media\/276719"}],"wp:attachment":[{"href":"https:\/\/www.europesays.com\/es\/wp-json\/wp\/v2\/media?parent=276718"}],"wp:term":[{"taxonomy":"category","embeddable":true,"href":"https:\/\/www.europesays.com\/es\/wp-json\/wp\/v2\/categories?post=276718"},{"taxonomy":"post_tag","embeddable":true,"href":"https:\/\/www.europesays.com\/es\/wp-json\/wp\/v2\/tags?post=276718"}],"curies":[{"name":"wp","href":"https:\/\/api.w.org\/{rel}","templated":true}]}}