{"id":276760,"date":"2025-12-08T00:28:08","date_gmt":"2025-12-08T00:28:08","guid":{"rendered":"https:\/\/www.europesays.com\/es\/276760\/"},"modified":"2025-12-08T00:28:08","modified_gmt":"2025-12-08T00:28:08","slug":"vemos-con-frecuencia-en-personas-con-demencia-un-sintoma-que-suele-ocurrir-por-las-tardes","status":"publish","type":"post","link":"https:\/\/www.europesays.com\/es\/276760\/","title":{"rendered":"Vemos con frecuencia en personas con demencia un s\u00edntoma que suele ocurrir por las tardes"},"content":{"rendered":"<p class=\"c-paragraph\">Kellyn Lee es una psic\u00f3loga especializada en demencia que, en declaraciones recogidas por el <a href=\"https:\/\/www.mirror.co.uk\/news\/uk-news\/psychologist-explains-overlooked-dementia-symptom-36345657\" rel=\"nofollow noreferrer noopener\" title=\"Psychologist explains overlooked dementia symptom that gets worse in the afternoon\" target=\"_blank\">Mirror<\/a>, ha revelado que existe un s\u00edntoma que suele <b>manifestarse por las tardes<\/b> y es com\u00fan en las personas que sufren alguna dolencia de este tipo, como el <a href=\"https:\/\/www.20minutos.es\/tags\/temas\/alzheimer.html\" title=\"Alzh\u00e9imer\" rel=\"nofollow noopener\" target=\"_blank\">alzh\u00e9imer<\/a>.<\/p>\n<p class=\"c-paragraph\">\u00abEsto puede ocurrir a <b>cualquier hora del d\u00eda<\/b>, pero lo que vemos con frecuencia en personas con demencia es que puede ocurrir por la tarde\u00bb, dice Lee en un v\u00eddeo en su cuenta de TikTok.\u00a0<\/p>\n<p class=\"c-paragraph\">\u00abPor lo tanto, lo que observar\u00eda es que esto ser\u00eda, de nuevo, <b>un s\u00edntoma de ansiedad y agitaci\u00f3n,<\/b> y tal vez mayor confusi\u00f3n\u00bb, agrega.\u00a0<\/p>\n<p class=\"c-paragraph\">Lee describe el fen\u00f3meno conocido como sundowning, en el que los pacientes con demencia muestran un <b>comportamiento cada vez m\u00e1s err\u00e1tico al final de la tarde y al anochecer.<\/b> Durante estos episodios, las personas pueden experimentar una angustia excepcional y tambi\u00e9n sufrir alucinaciones y delirios.<\/p>\n<p class=\"c-paragraph\">Aunque no se comprenden del todo los desencadenantes precisos del s\u00edndrome vespertino, la Sociedad de Alzheimer sugiere que <b>no est\u00e1 necesariamente relacionado con el anochecer<\/b>. En cambio, es m\u00e1s probable que se deba a necesidades inmediatas no atendidas.<\/p>\n<p class=\"c-paragraph\">Entre ellas, est\u00e1n los <b>niveles hormonales alterados<\/b>; efectos secundarios de los medicamentos recetados; deterioro sensorial, incluida la p\u00e9rdida de la visi\u00f3n; hambre, dolor u otras necesidades f\u00edsicas no satisfechas; alteraci\u00f3n del &#8216;reloj biol\u00f3gico&#8217; de la persona causada por da\u00f1o al cerebro; sobreestimulaci\u00f3n durante el d\u00eda; <b>cansancio excesivo<\/b>; falta de exposici\u00f3n a la luz solar; falta de interacci\u00f3n con otras personas o cuidadores (si corresponde) y trastornos del estado de \u00e1nimo, incluidas la ansiedad y la depresi\u00f3n.<\/p>\n<p class=\"c-paragraph\">\u00abEl s\u00edndrome vespertino puede ocurrir<b> en cualquier etapa de la demencia<\/b>, pero es m\u00e1s com\u00fan durante la etapa intermedia y las etapas posteriores\u00bb, a\u00f1ade la gu\u00eda de la Sociedad de Alzheimer.\u00a0<\/p>\n<p class=\"c-paragraph\">\u00abAlgunos de estos s\u00edntomas est\u00e1n relacionados con la hora del d\u00eda, y otros <b>pueden ocurrir en cualquier momento<\/b>. Intente identificar cu\u00e1les de estos problemas podr\u00edan estar afectando a la persona, ya que cada uno puede requerir un tratamiento diferente\u00bb, a\u00f1ade este organismo.<\/p>\n","protected":false},"excerpt":{"rendered":"Kellyn Lee es una psic\u00f3loga especializada en demencia que, en declaraciones recogidas por el Mirror, ha revelado que&hellip;\n","protected":false},"author":2,"featured_media":276761,"comment_status":"","ping_status":"","sticky":false,"template":"","format":"standard","meta":{"footnotes":""},"categories":[92],"tags":[24171,25,24,165,67383,13180,34288,166,23,17030],"class_list":{"0":"post-276760","1":"post","2":"type-post","3":"status-publish","4":"format-standard","5":"has-post-thumbnail","7":"category-salud","8":"tag-con","9":"tag-es","10":"tag-espana","11":"tag-health","12":"tag-kellyn","13":"tag-lee","14":"tag-psicologa","15":"tag-salud","16":"tag-spain","17":"tag-vemos"},"share_on_mastodon":{"url":"https:\/\/pubeurope.com\/@es\/115681119876180891","error":""},"_links":{"self":[{"href":"https:\/\/www.europesays.com\/es\/wp-json\/wp\/v2\/posts\/276760","targetHints":{"allow":["GET"]}}],"collection":[{"href":"https:\/\/www.europesays.com\/es\/wp-json\/wp\/v2\/posts"}],"about":[{"href":"https:\/\/www.europesays.com\/es\/wp-json\/wp\/v2\/types\/post"}],"author":[{"embeddable":true,"href":"https:\/\/www.europesays.com\/es\/wp-json\/wp\/v2\/users\/2"}],"replies":[{"embeddable":true,"href":"https:\/\/www.europesays.com\/es\/wp-json\/wp\/v2\/comments?post=276760"}],"version-history":[{"count":0,"href":"https:\/\/www.europesays.com\/es\/wp-json\/wp\/v2\/posts\/276760\/revisions"}],"wp:featuredmedia":[{"embeddable":true,"href":"https:\/\/www.europesays.com\/es\/wp-json\/wp\/v2\/media\/276761"}],"wp:attachment":[{"href":"https:\/\/www.europesays.com\/es\/wp-json\/wp\/v2\/media?parent=276760"}],"wp:term":[{"taxonomy":"category","embeddable":true,"href":"https:\/\/www.europesays.com\/es\/wp-json\/wp\/v2\/categories?post=276760"},{"taxonomy":"post_tag","embeddable":true,"href":"https:\/\/www.europesays.com\/es\/wp-json\/wp\/v2\/tags?post=276760"}],"curies":[{"name":"wp","href":"https:\/\/api.w.org\/{rel}","templated":true}]}}