{"id":276768,"date":"2025-12-08T00:32:08","date_gmt":"2025-12-08T00:32:08","guid":{"rendered":"https:\/\/www.europesays.com\/es\/276768\/"},"modified":"2025-12-08T00:32:08","modified_gmt":"2025-12-08T00:32:08","slug":"la-brigada-politica-del-pp-uso-el-montaje-de-la-cocaina-a-urban-para-extender-la-investigacion-a-un-senador-de-podemos","status":"publish","type":"post","link":"https:\/\/www.europesays.com\/es\/276768\/","title":{"rendered":"La brigada pol\u00edtica del PP us\u00f3 el montaje de la coca\u00edna a Urb\u00e1n para extender la investigaci\u00f3n a un senador de Podemos"},"content":{"rendered":"<p class=\"article-text\">\n        La guerra sucia contra Podemos durante la primera legislatura de Mariano Rajoy sigue aflorando nueve a\u00f1os despu\u00e9s. Una de sus m\u00e1s maniobras m\u00e1s llamativas, <a href=\"https:\/\/www.eldiario.es\/politica\/invento-secreto-policia-miguel-urban-40-kilos-coca-pub-nueva-vision-malasana_1_12304862.html\" target=\"_blank\" data-mrf-recirculation=\"links-noticia\" class=\"link\" rel=\"nofollow noopener\">el montaje para intentar atribuir tr\u00e1fico de coca\u00edna a Miguel Urb\u00e1n<\/a>, fue utilizado tambi\u00e9n para investigar a otro cargo pol\u00edtico electo, el senador vasco Jos\u00e9 Ram\u00f3n Arrieta. Hasta ahora hab\u00eda trascendido que la Polic\u00eda intent\u00f3 rastrear informaci\u00f3n comprometedora del entonces l\u00edder del partido, Pablo Iglesias, <a href=\"https:\/\/www.eldiario.es\/politica\/policia-imputado-reconoce-juez-investigo-pablo-iglesias-partir-montaje-cocaina-miguel-urban_1_12435172.html\" target=\"_blank\" data-mrf-recirculation=\"links-noticia\" class=\"link\" rel=\"nofollow noopener\">con la justificaci\u00f3n de pertenecer al c\u00edrculo<\/a> del supuesto traficante.\n    <\/p>\n<p class=\"article-text\">\n        El 8 de enero de 2016, un oficial de la unidad especial Antidroga de la Polic\u00eda se puso a rastrear qu\u00e9 informaci\u00f3n guardaban las bases de datos restringidas sobre Arrieta. Las indagaciones sobre el senador se realizaron en el marco de la Operaci\u00f3n Cardenal, seg\u00fan ha trasladado el polic\u00eda a la Unidad de Asuntos Internos de la Polic\u00eda. Operaci\u00f3n Cardenal es el nombre que los agentes dieron a las investigaciones contra Urb\u00e1n a partir del testimonio de un confidente que se prest\u00f3 a inventarse una disparatada historia sobre Urb\u00e1n, acus\u00e1ndole de vender de 40 kilos de coca\u00edna en el barrio madrile\u00f1o de Malasa\u00f1a en la \u00e9poca en la que era europarlamentario.\u00a0\n    <\/p>\n","protected":false},"excerpt":{"rendered":"La guerra sucia contra Podemos durante la primera legislatura de Mariano Rajoy sigue aflorando nueve a\u00f1os despu\u00e9s. Una&hellip;\n","protected":false},"author":2,"featured_media":276769,"comment_status":"","ping_status":"","sticky":false,"template":"","format":"standard","meta":{"footnotes":""},"categories":[42],"tags":[17,18,67384,2357,46764,13,14,11,61,62,63,64,1294,19,20,67385,9,10,15,16,952,956,40722,12,21,22,3933,65,66,67],"class_list":{"0":"post-276768","1":"post","2":"type-post","3":"status-publish","4":"format-standard","5":"has-post-thumbnail","7":"category-internacional","8":"tag-breaking-news","9":"tag-breakingnews","10":"tag-brigada","11":"tag-cocaina","12":"tag-extender","13":"tag-featured-news","14":"tag-featurednews","15":"tag-headlines","16":"tag-internacional","17":"tag-international","18":"tag-international-news","19":"tag-internationalnews","20":"tag-investigacion","21":"tag-latest-news","22":"tag-latestnews","23":"tag-montaje","24":"tag-news","25":"tag-noticias","26":"tag-noticias-destacadas","27":"tag-noticiasdestacadas","28":"tag-politica","29":"tag-pp","30":"tag-senador","31":"tag-titulares","32":"tag-ultimas-noticias","33":"tag-ultimasnoticias","34":"tag-urban","35":"tag-world","36":"tag-world-news","37":"tag-worldnews"},"share_on_mastodon":{"url":"","error":"Validation failed: Text character limit of 500 exceeded"},"_links":{"self":[{"href":"https:\/\/www.europesays.com\/es\/wp-json\/wp\/v2\/posts\/276768","targetHints":{"allow":["GET"]}}],"collection":[{"href":"https:\/\/www.europesays.com\/es\/wp-json\/wp\/v2\/posts"}],"about":[{"href":"https:\/\/www.europesays.com\/es\/wp-json\/wp\/v2\/types\/post"}],"author":[{"embeddable":true,"href":"https:\/\/www.europesays.com\/es\/wp-json\/wp\/v2\/users\/2"}],"replies":[{"embeddable":true,"href":"https:\/\/www.europesays.com\/es\/wp-json\/wp\/v2\/comments?post=276768"}],"version-history":[{"count":0,"href":"https:\/\/www.europesays.com\/es\/wp-json\/wp\/v2\/posts\/276768\/revisions"}],"wp:featuredmedia":[{"embeddable":true,"href":"https:\/\/www.europesays.com\/es\/wp-json\/wp\/v2\/media\/276769"}],"wp:attachment":[{"href":"https:\/\/www.europesays.com\/es\/wp-json\/wp\/v2\/media?parent=276768"}],"wp:term":[{"taxonomy":"category","embeddable":true,"href":"https:\/\/www.europesays.com\/es\/wp-json\/wp\/v2\/categories?post=276768"},{"taxonomy":"post_tag","embeddable":true,"href":"https:\/\/www.europesays.com\/es\/wp-json\/wp\/v2\/tags?post=276768"}],"curies":[{"name":"wp","href":"https:\/\/api.w.org\/{rel}","templated":true}]}}