{"id":276770,"date":"2025-12-08T00:33:14","date_gmt":"2025-12-08T00:33:14","guid":{"rendered":"https:\/\/www.europesays.com\/es\/276770\/"},"modified":"2025-12-08T00:33:14","modified_gmt":"2025-12-08T00:33:14","slug":"sanchez-cesa-a-antonio-hernandez-quien-fuera-mano-derecha-de-salazar-en-moncloa","status":"publish","type":"post","link":"https:\/\/www.europesays.com\/es\/276770\/","title":{"rendered":"S\u00e1nchez cesa a Antonio Hern\u00e1ndez, quien fuera mano derecha de Salazar en Moncloa"},"content":{"rendered":"<p><img id=\"fotoPrincipalNoticia\" src=\"https:\/\/www.europesays.com\/es\/wp-content\/uploads\/2025\/12\/fotonoticia_20251207233111_690.jpg\" loading=\"eager\" decoding=\"async\" style=\"view-transition-name: fechor_20251207233111;\" border=\"0\" alt=\"El presidente del Gobierno, Pedro S\u00e1nchez, durante el acto institucional por el D\u00eda de la Constituci\u00f3n, en el Congreso de los Diputados, a 6 de diciembre de 2025, en Madrid (Espa\u00f1a).\" fetchpriority=\"high\" title=\"S\u00e1nchez cesa a Antonio Hern\u00e1ndez, quien fuera mano derecha de Salazar en Moncloa\" width=\"690\" height=\"460\" itemprop=\"image\"\/><\/p>\n<p>El presidente del Gobierno, Pedro S\u00e1nchez, durante el acto institucional por el D\u00eda de la Constituci\u00f3n, en el Congreso de los Diputados, a 6 de diciembre de 2025, en Madrid (Espa\u00f1a). &#8211; Eduardo Parra &#8211; Europa Press<\/p>\n<p>    MADRID 7 Dic. (EUROPA PRESS) &#8211; <\/p>\n<p>   El Consejo de Ministros cesar\u00e1 este martes a Antonio Hern\u00e1ndez &#8212; qui\u00e9n fuera mano derecha de Francisco Salazar en Moncloa&#8211; de su cargo como director del departamento de Coordinaci\u00f3n Pol\u00edtica en el Gabinete de la Presidencia del Gobierno, tras las denuncias por presunto acoso sexual contra el exmilitante socialista.<\/p>\n<p>   Seg\u00fan han confirmado fuentes gubernamentales a Europa Press, se trata un cese acordado o compartido entre Moncloa y Hern\u00e1ndez. Estas mismas fuentes han precisado que Hern\u00e1ndez, desde que tuvo conocimiento de la situaci\u00f3n del exasesor, \u00abentendi\u00f3 que no era sostenible\u00bb y que, desde Moncloa, al conocer los hechos se ha actuado \u00abcon contundencia, como siempre\u00bb.<\/p>\n<p>   Mujeres que trabajaban para Salazar denunciaron comportamientos inadecuados de \u00e9ste en los canales internos de denuncia de Ferraz. Hern\u00e1ndez fue mencionado por las denunciantes como presunto \u00abc\u00f3mplice\u00bb y \u00abencubridor\u00bb de las conductas del exdirigente socialista contra mujeres trabajadoras del partido.<\/p>\n<p>   El que fuera mano derecha de Salazar en Moncloa niega los hechos, pero \u00abentiende que debe apartarse por el bien del Gobierno\u00bb. Asimismo, renuncia a sus responsabilidades en el PSOE-A.<\/p>\n","protected":false},"excerpt":{"rendered":"El presidente del Gobierno, Pedro S\u00e1nchez, durante el acto institucional por el D\u00eda de la Constituci\u00f3n, en el&hellip;\n","protected":false},"author":2,"featured_media":276771,"comment_status":"","ping_status":"","sticky":false,"template":"","format":"standard","meta":{"footnotes":""},"categories":[8],"tags":[17,18,25,24,13,14,11,19,20,9,10,15,16,23,12,21,22],"class_list":{"0":"post-276770","1":"post","2":"type-post","3":"status-publish","4":"format-standard","5":"has-post-thumbnail","7":"category-espana","8":"tag-breaking-news","9":"tag-breakingnews","10":"tag-es","11":"tag-espana","12":"tag-featured-news","13":"tag-featurednews","14":"tag-headlines","15":"tag-latest-news","16":"tag-latestnews","17":"tag-news","18":"tag-noticias","19":"tag-noticias-destacadas","20":"tag-noticiasdestacadas","21":"tag-spain","22":"tag-titulares","23":"tag-ultimas-noticias","24":"tag-ultimasnoticias"},"share_on_mastodon":{"url":"https:\/\/pubeurope.com\/@es\/115681139753215236","error":""},"_links":{"self":[{"href":"https:\/\/www.europesays.com\/es\/wp-json\/wp\/v2\/posts\/276770","targetHints":{"allow":["GET"]}}],"collection":[{"href":"https:\/\/www.europesays.com\/es\/wp-json\/wp\/v2\/posts"}],"about":[{"href":"https:\/\/www.europesays.com\/es\/wp-json\/wp\/v2\/types\/post"}],"author":[{"embeddable":true,"href":"https:\/\/www.europesays.com\/es\/wp-json\/wp\/v2\/users\/2"}],"replies":[{"embeddable":true,"href":"https:\/\/www.europesays.com\/es\/wp-json\/wp\/v2\/comments?post=276770"}],"version-history":[{"count":0,"href":"https:\/\/www.europesays.com\/es\/wp-json\/wp\/v2\/posts\/276770\/revisions"}],"wp:featuredmedia":[{"embeddable":true,"href":"https:\/\/www.europesays.com\/es\/wp-json\/wp\/v2\/media\/276771"}],"wp:attachment":[{"href":"https:\/\/www.europesays.com\/es\/wp-json\/wp\/v2\/media?parent=276770"}],"wp:term":[{"taxonomy":"category","embeddable":true,"href":"https:\/\/www.europesays.com\/es\/wp-json\/wp\/v2\/categories?post=276770"},{"taxonomy":"post_tag","embeddable":true,"href":"https:\/\/www.europesays.com\/es\/wp-json\/wp\/v2\/tags?post=276770"}],"curies":[{"name":"wp","href":"https:\/\/api.w.org\/{rel}","templated":true}]}}