{"id":276806,"date":"2025-12-08T01:10:20","date_gmt":"2025-12-08T01:10:20","guid":{"rendered":"https:\/\/www.europesays.com\/es\/276806\/"},"modified":"2025-12-08T01:10:20","modified_gmt":"2025-12-08T01:10:20","slug":"un-thriller-de-6-episodios-protagonizado-por-miguel-bernardeau","status":"publish","type":"post","link":"https:\/\/www.europesays.com\/es\/276806\/","title":{"rendered":"un thriller de 6 episodios protagonizado por Miguel Bernardeau"},"content":{"rendered":"<p style=\"\"><strong>Javier Cercas<\/strong> (C\u00e1ceres, 1962) es una de las <a href=\"https:\/\/www.abc.es\/cultura\/libros\/javier-cercas-catolico-verdad-estar-poco-loco-20250331185403-nt.html\" title=\"www.abc.es\" data-voc-vtm-id=\"in-text-traffic\" data-mrf-link=\"www.abc.es\" rel=\"nofollow noopener\" target=\"_blank\">voces m\u00e1s destacadas de la literatura<\/a> contempor\u00e1nea de nuestro pa\u00eds. Sus obras han sido adaptadas en m\u00e1s de 30 idiomas y le han hecho merecedor del reconocimiento un\u00e1nime de la cr\u00edtica y los lectores.<\/p>\n<p style=\"\">A  &#8230; lo largo de cerca de cuatro d\u00e9cadas, Cercas ha sabido atrapar el inter\u00e9s de los lectores con historias, en muchos casos basadas en hechos reales, que invitan a la reflexi\u00f3n. Gran parte de sus obras se han convertido en <strong>&#8216;bestsellers&#8217;<\/strong>, lo que ha llevado a <strong>adaptarlas a la pantalla<\/strong>. <\/p>\n<p class=\"voc-p\" style=\"\">Un reciente ejemplo ha sido<strong> &#8216;Anatom\u00eda de un instante&#8217;<\/strong>, su exitosa novela sobre la Transici\u00f3n y el intento de golpe de Estado del 23-F. <strong>Movistar Plus+<\/strong> estren\u00f3 el pasado 20 de noviembre la <strong>miniserie <\/strong>basada en el libro. Una ficci\u00f3n dirigida por <a href=\"https:\/\/www.abc.es\/play\/cine\/noticias\/alberto-rodriguez-politica-actual-echa-falta-ganas-20250920120526-nt.html\" title=\"www.abc.es\" data-voc-vtm-id=\"in-text-traffic\" data-mrf-link=\"www.abc.es\" rel=\"nofollow noopener\" target=\"_blank\">Alberto Rodr\u00edguez <\/a>y protagonizada por <a href=\"https:\/\/www.abc.es\/cultura\/alvaro-morte-pais-relacion-extrana-heroes-20251118200527-nt.html\" title=\"www.abc.es\" data-voc-vtm-id=\"in-text-traffic\" data-mrf-link=\"www.abc.es\" rel=\"nofollow noopener\" target=\"_blank\">\u00c1lvaro Morte<\/a> y <a href=\"https:\/\/www.abc.es\/recreo\/eduard-fernandez-habla-nunca-sobre-adiccion-alcohol-20251127111311-nt.html\" title=\"www.abc.es\" data-voc-vtm-id=\"in-text-traffic\" data-mrf-link=\"www.abc.es\" rel=\"nofollow noopener\" target=\"_blank\">Eduard Fern\u00e1ndez<\/a>.<\/p>\n<p class=\"voc-p\" style=\"\">Apenas dos semanas despu\u00e9s de la llegada de esta miniserie, la plataforma ha estrenado otra ficci\u00f3n basada tambi\u00e9n en una de las novelas m\u00e1s exitosas de Javier Cercas. Nada m\u00e1s y nada menos que la que le hizo merecedor del <strong>Premio Planeta<\/strong> en 2019.<\/p>\n<p>\nLa nueva serie de Movistar Plus+ basada en una novela de Javier Cercas\n<\/p>\n<p class=\"voc-p\" style=\"\">El libro de Javier Cercas que ha adaptado Movistar Plus+ es <strong>&#8216;Terra Alta&#8217;.<\/strong> Una novela polic\u00edaca que gan\u00f3 la 68\u00aa edici\u00f3n del Premio Planeta, concurso al que se present\u00f3 bajo el t\u00edtulo de &#8216;Cristales Rotos&#8217; y con el seud\u00f3nimo de Melchor Mar\u00edn \u2014en referencia al nombre del personaje principal del libro\u2014.<\/p>\n<p class=\"voc-p\" style=\"\">La nueva serie de Movistar Plus+, que adapta esta novela, tiene un total de <strong>6 episodios<\/strong>. Est\u00e1 creada por Eligio R. Montero y dirigida por <a href=\"https:\/\/www.abc.es\/cultura\/cine\/academia-cine-catalan-activara-comision-abordar-acusacion-20241030202321-nt.html\" title=\"www.abc.es\" data-voc-vtm-id=\"in-text-traffic\" data-mrf-link=\"www.abc.es\" rel=\"nofollow noopener\" target=\"_blank\">Eduard Cort\u00e9s, acusado hace un a\u00f1o de acoso sexual por m\u00e1s de una veintena de mujeres<\/a>, seg\u00fan recogi\u00f3 &#8216;El Pa\u00eds&#8217;. <\/p>\n<p class=\"voc-p\" style=\"\"><strong>Miguel Bernardeau <\/strong>(&#8216;Querer&#8217;, &#8216;Zorro&#8217;) protagoniza la ficci\u00f3n como Melchor Mart\u00edn, un agente de polic\u00eda que llevar\u00e1 a cabo la investigaci\u00f3n de un doble asesinato. Completan el reparto de &#8216;Terra Alta&#8217; <strong>Marta Etura<\/strong>, <strong>Iv\u00e1n Massag\u00e9<\/strong>, Goya Toledo, Pablo Derqui y Bea Segura, entre otros.<\/p>\n<p class=\"voc-p\" style=\"\">Apenas dos d\u00edas despu\u00e9s de su estreno, &#8216;Terra Alta&#8217; es ya un \u00e9xito. La serie aparece entre las <strong>&#8216;tendencias&#8217; y &#8216;series del momento&#8217;<\/strong> de la plataforma como una de las ficciones m\u00e1s vistas, junto con otros t\u00edtulos como <a href=\"https:\/\/www.abc.es\/historia\/anatomia-instante-historia-real-tras-protagonistas-golpe-20251002042404-nt.html\" title=\"www.abc.es\" data-voc-vtm-id=\"in-text-traffic\" data-mrf-link=\"www.abc.es\" rel=\"nofollow noopener\" target=\"_blank\">&#8216;Anatom\u00eda de un instante&#8217;<\/a> o <a href=\"https:\/\/www.abc.es\/play\/series\/noticias\/daniel-mugica-silencio-20251205112235-nt.html\" title=\"www.abc.es\" data-voc-vtm-id=\"in-text-traffic\" data-mrf-link=\"www.abc.es\" rel=\"nofollow noopener\" target=\"_blank\">&#8216;Silencio&#8217;<\/a>, la nueva serie de Eduardo Casanova.<\/p>\n<p>\nUn cruel doble asesinato y el pasado oscuro de un joven polic\u00eda\n<\/p>\n<p class=\"voc-p\" style=\"\">La nueva serie de Movistar Plus+ se sit\u00faa en La Terra Alta, un lugar de salvaje belleza, donde a\u00fan sangran las cicatrices de la Guerra Civil. La vida tranquila de esta comarca se ve interrumpida por un doble <strong>asesinato<\/strong>, el de Francisco y Rosa Adell, patriarcas de la familia m\u00e1s rica y poderosa de la zona. Ambos aparecen muertos tras haber sido sometidos a <strong>atroces torturas<\/strong>. <\/p>\n<p><img decoding=\"async\" loading=\"lazy\" src=\"https:\/\/www.europesays.com\/es\/wp-content\/uploads\/2025\/12\/terra-alta-miguel-bernardeau-2-scaled-kJBF--760x427@diario_abc.jpg\" class=\"voc-img\" width=\"760\" height=\"427\" alt=\"'Terra Alta', en Movistar Plus+\" data-voc-vtm-id=\"in-text-traffic\"\/><\/p>\n<p>&#8216;Terra Alta&#8217;, en Movistar Plus+<\/p>\n<p>Movistar Plus+<\/p>\n<p class=\"voc-p\" style=\"\"><strong>Melchor Mar\u00edn<\/strong>, un joven polic\u00eda llegado desde Barcelona cuatro a\u00f1os atr\u00e1s, se encargar\u00e1 de la investigaci\u00f3n de este terrible asesinato. No obstante, el joven esconde un pasado oscuro que cree haber enterrado bajo una vida apacible junto a su mujer, la bibliotecaria del pueblo, y su hija Cosette.<\/p>\n<p class=\"voc-p\" style=\"\">Precisamente, el suceso que sacude la vida de La Terra Alta tambi\u00e9n har\u00e1 tambalear los cimientos de la vida de Melchor, al revivir su pasado. Todo ello envuelto en una trama trepidante en la que se reflexiona sobre la<strong> justicia<\/strong> y la <strong>venganza.<\/strong><\/p>\n","protected":false},"excerpt":{"rendered":"Javier Cercas (C\u00e1ceres, 1962) es una de las voces m\u00e1s destacadas de la literatura contempor\u00e1nea de nuestro pa\u00eds.&hellip;\n","protected":false},"author":2,"featured_media":276807,"comment_status":"","ping_status":"","sticky":false,"template":"","format":"standard","meta":{"footnotes":""},"categories":[171],"tags":[7770,67398,27994,146,147,25,24,4518,5264,4098,303,1645,7741,16895,156,23,6668,214],"class_list":{"0":"post-276806","1":"post","2":"type-post","3":"status-publish","4":"format-standard","5":"has-post-thumbnail","7":"category-tv","8":"tag-basada","9":"tag-bernardeau","10":"tag-cercas","11":"tag-entertainment","12":"tag-entretenimiento","13":"tag-es","14":"tag-espana","15":"tag-exito","16":"tag-javier","17":"tag-miguel","18":"tag-movistar","19":"tag-novela","20":"tag-plus","21":"tag-protagonizado","22":"tag-serie","23":"tag-spain","24":"tag-thriller","25":"tag-tv"},"share_on_mastodon":{"url":"https:\/\/pubeurope.com\/@es\/115681285109119404","error":""},"_links":{"self":[{"href":"https:\/\/www.europesays.com\/es\/wp-json\/wp\/v2\/posts\/276806","targetHints":{"allow":["GET"]}}],"collection":[{"href":"https:\/\/www.europesays.com\/es\/wp-json\/wp\/v2\/posts"}],"about":[{"href":"https:\/\/www.europesays.com\/es\/wp-json\/wp\/v2\/types\/post"}],"author":[{"embeddable":true,"href":"https:\/\/www.europesays.com\/es\/wp-json\/wp\/v2\/users\/2"}],"replies":[{"embeddable":true,"href":"https:\/\/www.europesays.com\/es\/wp-json\/wp\/v2\/comments?post=276806"}],"version-history":[{"count":0,"href":"https:\/\/www.europesays.com\/es\/wp-json\/wp\/v2\/posts\/276806\/revisions"}],"wp:featuredmedia":[{"embeddable":true,"href":"https:\/\/www.europesays.com\/es\/wp-json\/wp\/v2\/media\/276807"}],"wp:attachment":[{"href":"https:\/\/www.europesays.com\/es\/wp-json\/wp\/v2\/media?parent=276806"}],"wp:term":[{"taxonomy":"category","embeddable":true,"href":"https:\/\/www.europesays.com\/es\/wp-json\/wp\/v2\/categories?post=276806"},{"taxonomy":"post_tag","embeddable":true,"href":"https:\/\/www.europesays.com\/es\/wp-json\/wp\/v2\/tags?post=276806"}],"curies":[{"name":"wp","href":"https:\/\/api.w.org\/{rel}","templated":true}]}}