{"id":276812,"date":"2025-12-08T01:14:15","date_gmt":"2025-12-08T01:14:15","guid":{"rendered":"https:\/\/www.europesays.com\/es\/276812\/"},"modified":"2025-12-08T01:14:15","modified_gmt":"2025-12-08T01:14:15","slug":"osakidetza-se-prepara-para-el-alza-de-la-gripe","status":"publish","type":"post","link":"https:\/\/www.europesays.com\/es\/276812\/","title":{"rendered":"Osakidetza se prepara para el alza de la gripe"},"content":{"rendered":"<p>\n        La <a href=\"https:\/\/www.noticiasdealava.eus\/sociedad\/2025\/12\/03\/euskadi-alcanza-ingresos-gripe-10429839.html\" title=\"gripe,\" target=\"_blank\" class=\"link copy\" rel=\"nofollow noopener\">gripe,<\/a> no por desconocida, est\u00e1 siendo <strong>una de las grandes noticias epidemiol\u00f3gicas<\/strong> de esta recta final de 2025.\n<\/p>\n<p class=\"article-body__text \">\n        La<strong> premura<\/strong> con la que el virus ha hecho su aparici\u00f3n esta temporada en \u00c1lava, que a estas alturas del ejercicio registra <strong>casi el triple de casos que en 2024, <\/strong>ha puesto en tensi\u00f3n tanto las consultas de <a href=\"https:\/\/www.noticiasdealava.eus\/sociedad\/2025\/11\/29\/gripe-acelera-transmision-euskadi-navarra-10412896.html\" title=\"Osakidetza\" target=\"_blank\" class=\"link copy\" rel=\"nofollow noopener\">Osakidetza<\/a> como su sistema hospitalario sin que haya llegado todav\u00eda el invierno, y las cosas<strong> no van a ir precisamente a mejor<\/strong> en los pr\u00f3ximos d\u00edas.\u00a0\n<\/p>\n<p>            <a href=\"https:\/\/www.noticiasdealava.eus\/alava\/2025\/12\/07\/virus-llegado-alava-circulando-mas-gripe-alza-de-la-gripe-en-alava-10439742.html\" title=\"\u00bfPor qu\u00e9 el virus ha llegado antes a \u00c1lava y est\u00e1 circulando m\u00e1s?\" class=\"new__media\" rel=\"nofollow noopener\" target=\"_blank\"><\/p>\n<p>                <img alt=\"\u00bfPor qu\u00e9 el virus ha llegado antes a \u00c1lava y est\u00e1 circulando m\u00e1s?\" data-src=\"https:\/\/www.europesays.com\/es\/wp-content\/uploads\/2025\/12\/22cb5b80-9bc5-407a-8362-9d4fd08e3ecb_16-9-aspect-ratio_default_0.jpg\" class=\"lozad\"\/><\/p>\n<p>        <\/a><\/p>\n<p>        <a href=\"https:\/\/www.noticiasdealava.eus\/alava\/2025\/12\/07\/virus-llegado-alava-circulando-mas-gripe-alza-de-la-gripe-en-alava-10439742.html\" title=\"\u00bfPor qu\u00e9 el virus ha llegado antes a \u00c1lava y est\u00e1 circulando m\u00e1s?\" class=\"new__headline\" rel=\"nofollow noopener\" target=\"_blank\"><br \/>\n            \u00bfPor qu\u00e9 el virus ha llegado antes a \u00c1lava y est\u00e1 circulando m\u00e1s?<br \/>\n        <\/a><\/p>\n<p>  M\u00e1s hospitalizaciones<\/p>\n<p class=\"article-body__text \">\n        As\u00ed lo advierte en declaraciones a NOTICIAS DE \u00c1LAVA Marga Logro\u00f1o, subdirectora para la coordinaci\u00f3n de la atenci\u00f3n hospitalaria del Servicio Vasco de Salud, quien subraya que en las semanas que vienen <strong>\u201ccabe esperar que persista la tendencia ascendente de la actividad gripal\u201d,<\/strong> principalmente, \u201catendiendo a la experiencia de temporadas anteriores\u201d.\n<\/p>\n<p class=\"article-body__text \">\n        Una realidad que \u201cimplicar\u00e1 probablemente<strong> m\u00e1s casos en atenci\u00f3n primaria y m\u00e1s ingresos en hospitales, <\/strong>especialmente entre personas mayores y con comorbilidades\u201d.\n<\/p>\n<p>            <a href=\"https:\/\/www.noticiasdealava.eus\/sociedad\/2025\/12\/03\/teletrabajo-mascarillas-refuerzo-urgencias-gripe-10427735.html\" title=\"Uso de mascarilla, teletrabajo y refuerzo de las Urgencias: Sanidad y comunidades debaten el plan com\u00fan contra la gripe\" class=\"new__media\" rel=\"nofollow noopener\" target=\"_blank\"><\/p>\n<p>                <img alt=\"Uso de mascarilla, teletrabajo y refuerzo de las Urgencias: Sanidad y comunidades debaten el plan com\u00fan contra la gripe\" data-src=\"https:\/\/www.europesays.com\/es\/wp-content\/uploads\/2025\/12\/ac3a0d70-8269-40f5-be9c-e422e19adf5d_16-9-aspect-ratio_default_0_x2208y695.jpg\" class=\"lozad\"\/><\/p>\n<p>        <\/a><\/p>\n<p>        <a href=\"https:\/\/www.noticiasdealava.eus\/sociedad\/2025\/12\/03\/teletrabajo-mascarillas-refuerzo-urgencias-gripe-10427735.html\" title=\"Uso de mascarilla, teletrabajo y refuerzo de las Urgencias: Sanidad y comunidades debaten el plan com\u00fan contra la gripe\" class=\"new__headline\" rel=\"nofollow noopener\" target=\"_blank\"><br \/>\n            Uso de mascarilla, teletrabajo y refuerzo de las Urgencias: Sanidad y comunidades debaten el plan com\u00fan contra la gripe<br \/>\n        <\/a><\/p>\n<p class=\"article-body__text \">\n        \u201cEstamos atentos y vigilantes a la presi\u00f3n sobre las urgencias y las camas hospitalarias, as\u00ed como al aumento de <strong>complicaciones entre mayores y fr\u00e1giles, <\/strong>y a la posible <strong>concurrencia con otros virus respiratorios\u201d, <\/strong>alerta, de nuevo, Logro\u00f1o.\n<\/p>\n<p class=\"article-body__text \">\n        Seg\u00fan los \u00faltimos datos en poder del servicio de Vigilancia Epidemiol\u00f3gica, la incidencia del virus se sit\u00faa ya en \u00c1lava en los <strong>322,27 casos por cada 100.00 habitantes,<\/strong> ligeramente por debajo de una media vasca (357,87) impulsada al alza por la situaci\u00f3n de Bizkaia (443,08), donde Osakidetza incluso tuvo que habilitar un vacun\u00f3dromo provisional en octubre.\n<\/p>\n<p class=\"article-body__text \">\n        Los casos de gripe pr\u00e1cticamente se han duplicado en solo una semana y tienen su particular punto negro en la<strong> OSI Rioja Alavesa, <\/strong>que registra la tasa m\u00e1s elevada de toda la CAV con 1.061,4 casos por cada 100.000 residentes.\n<\/p>\n<p class=\"article-photo__footer\">\n            Una mujer afectada por un virus respiratorio se suena la nariz.            Alex Larretxi        <\/p>\n<p>  M\u00e1s reuniones <\/p>\n<p class=\"article-body__text \">\n        Este contexto de aumento de contagios en una \u00e9poca de<strong> numerosos encuentros sociales<\/strong> \u2013como est\u00e1 ocurriendo en este\u00a0<strong>puente festivo\u2013<\/strong> apunta a un empeoramiento progresivo de la situaci\u00f3n que va a coincidir con la llegada de las fiestas <a href=\"https:\/\/www.noticiasdealava.eus\/suplementos\/2025\/12\/04\/vitoria-navidades-que-hacer-en-vitoria-en-navidad-agenda-de-navidad-vitoria-gasteiz-alava-10424016.html\" title=\"navide\u00f1as,\" target=\"_blank\" class=\"link copy\" rel=\"nofollow noopener\">navide\u00f1as,<\/a> tambi\u00e9n caracterizadas por las <strong>reuniones familiares.<\/strong>\u00a0\n<\/p>\n<p class=\"article-body__text \">\n        \u00bfPero cu\u00e1ndo llegar\u00e1 el pico epid\u00e9mico de la campa\u00f1a? Logro\u00f1o advierte de que en este momento <strong>\u201cno se puede predecir con exactitud\u201d,<\/strong> pero a la vista de los datos que Osakidetza viene observando, marcados por el adelanto de la curva de contagios, \u201cno es descartable\u201d que el nivel m\u00e1ximo de incidencia se alcance a nivel local<strong> \u201cdurante las navidades o la semana inmediatamente posterior\u201d<\/strong>\n<\/p>\n<p class=\"article-photo__footer\">\n            Marga Logro\u00f1o, subdirectora para la coordinaci\u00f3n de la atenci\u00f3n hospitalaria de Osakidetza.            Cedida        <\/p>\n<p class=\"article-body__text \">\n        El impacto del virus en la red hospitalaria se ha dejado notar en el <a href=\"https:\/\/www.osakidetza.euskadi.eus\/portada-osi-araba\/\" title=\"HUA,\" rel=\"nofollow noopener\" target=\"_blank\" class=\"link copy\">HUA,<\/a> especialmente, esta pasada semana, aunque <strong>la actividad quir\u00fargica no se ha visto por ahora comprometida. <\/strong>\n<\/p>\n<p class=\"article-body__text \">\n        Seg\u00fan los datos en poder de Osakidetza, los hospitales de la red p\u00fablica vasca han atenido a <strong>1.534 personas afectadas por gripe<\/strong> y han sumado hasta ahora <strong>172 ingresos, <\/strong>cinco de ellos en las <strong>Unidades de Cuidados Intensivos (UCI),<\/strong> cifras bastante m\u00e1s elevadas que las de 2024 por estas fechas, cuando apenas se hab\u00edan producido<strong> 660 casos y 26 ingresos<\/strong> en los hospitales y ninguno en las UCI.\u00a0\n<\/p>\n<p>  Ocupaci\u00f3n del 79%<\/p>\n<p class=\"article-body__text \">\n        El nivel de ocupaci\u00f3n de las camas en los hospitales se encuentra en estos momentos en el 79%, <strong>un 4% m\u00e1s que hace justo 14 d\u00edas. <\/strong>\n<\/p>\n<p class=\"article-body__text \">\n        Adem\u00e1s de adelantar varias semanas la campa\u00f1a de vacunaci\u00f3n para la poblaci\u00f3n general, Osakidetza ha dotado a la red hospitalaria de <strong>124 camas adiciones <\/strong>y ha permitido contener en mayor medida la<strong> inusual, por adelantada respecto a otros a\u00f1os, presi\u00f3n asistencial.<\/strong>\n<\/p>\n<p>            <a href=\"https:\/\/www.noticiasdealava.eus\/sociedad\/2025\/10\/27\/osakidetza-adelanta-vacunacion-gripe-poblacion-10272332.html\" title=\"Osakidetza adelanta la vacunaci\u00f3n de la gripe para toda la poblaci\u00f3n y con cita previa\" class=\"new__media\" rel=\"nofollow noopener\" target=\"_blank\"><\/p>\n<p>                <img alt=\"Osakidetza adelanta la vacunaci\u00f3n de la gripe para toda la poblaci\u00f3n y con cita previa\" data-src=\"https:\/\/www.europesays.com\/es\/wp-content\/uploads\/2025\/11\/f16161f2-4cb4-4295-84db-971dbe721554_16-9-aspect-ratio_default_0.jpg\" class=\"lozad\"\/><\/p>\n<p>        <\/a><\/p>\n<p>        <a href=\"https:\/\/www.noticiasdealava.eus\/sociedad\/2025\/10\/27\/osakidetza-adelanta-vacunacion-gripe-poblacion-10272332.html\" title=\"Osakidetza adelanta la vacunaci\u00f3n de la gripe para toda la poblaci\u00f3n y con cita previa\" class=\"new__headline\" rel=\"nofollow noopener\" target=\"_blank\"><br \/>\n            Osakidetza adelanta la vacunaci\u00f3n de la gripe para toda la poblaci\u00f3n y con cita previa<br \/>\n        <\/a><\/p>\n<p class=\"article-body__text \">\n        As\u00ed lo constata tambi\u00e9n Logro\u00f1o: \u201cel sistema sanitario est\u00e1<strong> respondiendo satisfactoriamente\u201d<\/strong> a la crisis, en sus palabras.\n<\/p>\n<p class=\"article-body__text \">\n        \u201cAnualmente se realiza un Plan de Contingencia para poder dar respuesta a la epidemia de gripe y este a\u00f1o, adem\u00e1s, <strong>se ha adelantado y acelerado el ritmo de la vacunaci\u00f3n,<\/strong> a trav\u00e9s de medidas como el dispositivo especial que se habilit\u00f3 en La Casilla (Bilbao) lo que ha contribuido a generar una<strong> inmunizaci\u00f3n m\u00e1s precoz <\/strong>en la poblaci\u00f3n. Esto nos ha permitido mantener la actividad quir\u00fargica y el resto de actividades<strong> a pleno rendimiento\u201d, <\/strong>apunta la profesional.<\/p>\n","protected":false},"excerpt":{"rendered":"La gripe, no por desconocida, est\u00e1 siendo una de las grandes noticias epidemiol\u00f3gicas de esta recta final de&hellip;\n","protected":false},"author":2,"featured_media":276813,"comment_status":"","ping_status":"","sticky":false,"template":"","format":"standard","meta":{"footnotes":""},"categories":[92],"tags":[3382,3935,13575,20143,25,24,33992,165,2273,166,2431,23,67399],"class_list":{"0":"post-276812","1":"post","2":"type-post","3":"status-publish","4":"format-standard","5":"has-post-thumbnail","7":"category-salud","8":"tag-actividad","9":"tag-alava","10":"tag-creciendo","11":"tag-duplicar","12":"tag-es","13":"tag-espana","14":"tag-gripal","15":"tag-health","16":"tag-incidencia","17":"tag-salud","18":"tag-seguira","19":"tag-spain","20":"tag-una-semana"},"share_on_mastodon":{"url":"https:\/\/pubeurope.com\/@es\/115681300526901879","error":""},"_links":{"self":[{"href":"https:\/\/www.europesays.com\/es\/wp-json\/wp\/v2\/posts\/276812","targetHints":{"allow":["GET"]}}],"collection":[{"href":"https:\/\/www.europesays.com\/es\/wp-json\/wp\/v2\/posts"}],"about":[{"href":"https:\/\/www.europesays.com\/es\/wp-json\/wp\/v2\/types\/post"}],"author":[{"embeddable":true,"href":"https:\/\/www.europesays.com\/es\/wp-json\/wp\/v2\/users\/2"}],"replies":[{"embeddable":true,"href":"https:\/\/www.europesays.com\/es\/wp-json\/wp\/v2\/comments?post=276812"}],"version-history":[{"count":0,"href":"https:\/\/www.europesays.com\/es\/wp-json\/wp\/v2\/posts\/276812\/revisions"}],"wp:featuredmedia":[{"embeddable":true,"href":"https:\/\/www.europesays.com\/es\/wp-json\/wp\/v2\/media\/276813"}],"wp:attachment":[{"href":"https:\/\/www.europesays.com\/es\/wp-json\/wp\/v2\/media?parent=276812"}],"wp:term":[{"taxonomy":"category","embeddable":true,"href":"https:\/\/www.europesays.com\/es\/wp-json\/wp\/v2\/categories?post=276812"},{"taxonomy":"post_tag","embeddable":true,"href":"https:\/\/www.europesays.com\/es\/wp-json\/wp\/v2\/tags?post=276812"}],"curies":[{"name":"wp","href":"https:\/\/api.w.org\/{rel}","templated":true}]}}