{"id":276814,"date":"2025-12-08T01:15:18","date_gmt":"2025-12-08T01:15:18","guid":{"rendered":"https:\/\/www.europesays.com\/es\/276814\/"},"modified":"2025-12-08T01:15:18","modified_gmt":"2025-12-08T01:15:18","slug":"un-protagonista-inesperado-en-la-felicitacion-de-navidad-de-alberto-ii-y-charlene-de-monaco","status":"publish","type":"post","link":"https:\/\/www.europesays.com\/es\/276814\/","title":{"rendered":"Un protagonista inesperado en la felicitaci\u00f3n de Navidad de Alberto II y Charlene de M\u00f3naco"},"content":{"rendered":"<p data-gtm-element-container=\"modulo-texto-link\" class=\"paragraph\">El pr\u00edncipe Alberto II de M\u00f3naco y la princesa Charlene, junto a sus hijos, han elegido este a\u00f1o un look m\u00e1s formal para su tradicional felicitaci\u00f3n de Navidad. El a\u00f1o pasado, la familia luci\u00f3 un look informal al elegir jerseys de lana para la felicitaci\u00f3n, y el anterior lucieron esmoquin, pajaritas y vestidos de gala para posar junto al \u00e1rbol navide\u00f1o del Palais Princier.<\/p>\n<p data-gtm-element-container=\"modulo-texto-link\" class=\"paragraph\">Como novedad este a\u00f1o, la familia ha incluido en el posado a su mascota, el inseparable chihuahua de Charlene, Harley. \u201cLa familia principesca se complace en compartir su tarjeta de felicitaci\u00f3n con usted\u201d, han escrito en la publicaci\u00f3n de Instagram.<\/p>\n<blockquote class=\"instagram-media\" data-instgrm-captioned=\"\" data-instgrm-version=\"6\" style=\"background: #FFF; border: 0; border-radius: 3px; box-shadow: 0 0 1px 0 rgba(0,&#10;0, 0, 0.5), 0 1px 10px 0 rgba(0, 0, 0, 0.15); margin: 1px; max-width: 658px; padding: 0;&#10;width: 99.375%; width: -webkit-calc(100% - 2px); width: calc(100% - 2px);\">\n<\/blockquote>\n<p data-gtm-element-container=\"modulo-texto-link\" class=\"paragraph\">Estas son fechas especiales para la familia principesca, pues los peque\u00f1os de la casa, Jacobo y Gabriela (\u00e9l es el heredero), cumplir\u00e1n 11 a\u00f1os el pr\u00f3ximo 10 de diciembre. Los problemas de salud que afectaron la agenda p\u00fablica de\u00a0Charlene en los \u00faltimos a\u00f1os parecen cosa del pasado.\u00a0<\/p>\n<p data-gtm-element-container=\"modulo-texto-link\" class=\"paragraph\">El pasado viernes, Alberto y Charl\u00e8ne de M\u00f3naco asistieron con sus hijos a la inauguraci\u00f3n del tradicional poblado navide\u00f1o en Port Hercule. Este espacio convierte cada a\u00f1o el puerto de la ciudad en un escenario festivo, ofreciendo a los m\u00e1s peque\u00f1os un ambiente navide\u00f1o \u00fanico. La familia principesca presidi\u00f3 la apertura de la villa, que permanecer\u00e1 abierta hasta principios de enero de 2026.<\/p>\n<p>        Lee tambi\u00e9n<\/p>\n<p>    La Vanguardia<\/p>\n<p>             <img loading=\"lazy\" decoding=\"async\" data-full-src=\"https:\/\/www.lavanguardia.com\/uploads\/2024\/12\/03\/674ef356bcec8.jpeg\" alt=\"Posado navide\u00f1o de los pr\u00edncipes de M\u00f3naco.\" width=\"104\" height=\"108\" src=\"https:\/\/www.europesays.com\/es\/wp-content\/uploads\/2025\/12\/674ef356bcec8.r_d.534-563.jpeg\" class=\"lazy\"\/><\/p>\n<p data-gtm-element-container=\"modulo-texto-link\" class=\"paragraph\">Esta escena festiva se produjo pocos d\u00edas despu\u00e9s de que la familia participara en otro acto navide\u00f1o de encendido de las luces en las calles del Principado. El 29 de noviembre, Alberto, Charl\u00e8ne y sus hijos asistieron a esa ceremonia anual celebrada en la Place du Casino, en el centro hist\u00f3rico de Montecarlo.<\/p>\n","protected":false},"excerpt":{"rendered":"El pr\u00edncipe Alberto II de M\u00f3naco y la princesa Charlene, junto a sus hijos, han elegido este a\u00f1o&hellip;\n","protected":false},"author":2,"featured_media":276815,"comment_status":"","ping_status":"","sticky":false,"template":"","format":"standard","meta":{"footnotes":""},"categories":[91],"tags":[146,147,25,24,23],"class_list":{"0":"post-276814","1":"post","2":"type-post","3":"status-publish","4":"format-standard","5":"has-post-thumbnail","7":"category-entretenimiento","8":"tag-entertainment","9":"tag-entretenimiento","10":"tag-es","11":"tag-espana","12":"tag-spain"},"share_on_mastodon":{"url":"https:\/\/pubeurope.com\/@es\/115681304873813751","error":""},"_links":{"self":[{"href":"https:\/\/www.europesays.com\/es\/wp-json\/wp\/v2\/posts\/276814","targetHints":{"allow":["GET"]}}],"collection":[{"href":"https:\/\/www.europesays.com\/es\/wp-json\/wp\/v2\/posts"}],"about":[{"href":"https:\/\/www.europesays.com\/es\/wp-json\/wp\/v2\/types\/post"}],"author":[{"embeddable":true,"href":"https:\/\/www.europesays.com\/es\/wp-json\/wp\/v2\/users\/2"}],"replies":[{"embeddable":true,"href":"https:\/\/www.europesays.com\/es\/wp-json\/wp\/v2\/comments?post=276814"}],"version-history":[{"count":0,"href":"https:\/\/www.europesays.com\/es\/wp-json\/wp\/v2\/posts\/276814\/revisions"}],"wp:featuredmedia":[{"embeddable":true,"href":"https:\/\/www.europesays.com\/es\/wp-json\/wp\/v2\/media\/276815"}],"wp:attachment":[{"href":"https:\/\/www.europesays.com\/es\/wp-json\/wp\/v2\/media?parent=276814"}],"wp:term":[{"taxonomy":"category","embeddable":true,"href":"https:\/\/www.europesays.com\/es\/wp-json\/wp\/v2\/categories?post=276814"},{"taxonomy":"post_tag","embeddable":true,"href":"https:\/\/www.europesays.com\/es\/wp-json\/wp\/v2\/tags?post=276814"}],"curies":[{"name":"wp","href":"https:\/\/api.w.org\/{rel}","templated":true}]}}