{"id":276838,"date":"2025-12-08T01:37:10","date_gmt":"2025-12-08T01:37:10","guid":{"rendered":"https:\/\/www.europesays.com\/es\/276838\/"},"modified":"2025-12-08T01:37:10","modified_gmt":"2025-12-08T01:37:10","slug":"reduce-el-riesgo-de-cancer-y-el-deterioro-cognitivo","status":"publish","type":"post","link":"https:\/\/www.europesays.com\/es\/276838\/","title":{"rendered":"Reduce el riesgo de c\u00e1ncer y el deterioro cognitivo"},"content":{"rendered":"<p>            Las claves<\/p>\n<p>\n                nuevo<br \/>\n                Generado con IA\n            <\/p>\n<p>        <a class=\"key__news__heading--closed-content\" href=\"http:\/\/www.elespanol.com\/suscripciones\/#utm_source=internal&amp;utm_medium=claves\" rel=\"nofollow noopener\" target=\"_blank\"><\/p>\n<p class=\"item--text\">\n                            La dieta mediterr\u00e1nea ligeramente hipocal\u00f3rica, combinada con actividad f\u00edsica, es la estrategia m\u00e1s eficaz para combatir el sobrepeso y la obesidad seg\u00fan el catedr\u00e1tico Jordi Salas-Salvad\u00f3.\n                        <\/p>\n<p class=\"item--text\">\n                            Este patr\u00f3n alimentario mejora factores de riesgo cardiovascular y metab\u00f3lico, reduce el riesgo de enfermedades cr\u00f3nicas, c\u00e1ncer y deterioro cognitivo, y supera en beneficios a las dietas bajas en grasa o carbohidratos.\n                        <\/p>\n<p class=\"item--text\">\n                            La dieta atl\u00e1ntica, com\u00fan en Galicia y el norte de Portugal, tambi\u00e9n ofrece beneficios similares, destacando el consumo de alimentos frescos y de temporada, junto con un estilo de vida saludable.\n                        <\/p>\n<p class=\"item--text\">\n                            El abandono de estos patrones en favor de dietas ultraprocesadas y el auge del ayuno intermitente preocupan a los expertos, quienes advierten sobre sus posibles efectos adversos y la baja adherencia a medio plazo.\n                        <\/p>\n<p class=\"paragraph\" id=\"paragraph_1\">El director del programa de Nutrici\u00f3n del CIBERobn del Instituto Carlos III y catedr\u00e1tico de la Universidad Rovira y Virgili, Jordi Salas-Salvad\u00f3, ha afirmado que <strong>una dieta mediterr\u00e1nea ligeramente hipocal\u00f3rica,<\/strong> junto con la realizaci\u00f3n de actividad f\u00edsica, es \u00abla mejor estrategia\u00bb para prevenir y combatir tanto el sobrepeso como la obesidad.<\/p>\n<p class=\"paragraph\" id=\"paragraph_2\">\u00abLa adherencia a una dieta mediterr\u00e1nea ligeramente hipocal\u00f3rica, acompa\u00f1ada de actividad f\u00edsica, es <strong>la mejor estrategia para bajar de peso<\/strong> en una persona con sobrepeso u obesidad\u00bb, ha se\u00f1alado Salas-Salvad\u00f3 durante una sesi\u00f3n cient\u00edfica celebrada en la Reuni\u00f3n Nacional de la Sociedad Espa\u00f1ola para el Estudio de la Obesidad (SEEDO).<\/p>\n<p class=\"paragraph\" id=\"paragraph_3\">Durante su intervenci\u00f3n, el experto ha incidido en que la evidencia cient\u00edfica as\u00ed lo corrobora, y que adem\u00e1s la p\u00e9rdida de peso va acompa\u00f1ada de mejor\u00edas en la mayor\u00eda de <strong>factores de riesgo cardiovasculares y metab\u00f3licos,<\/strong> reduciendo el riesgo de enfermedades cr\u00f3nicas no transmisibles.<\/p>\n<p class=\"paragraph\" id=\"paragraph_4\">Salas-Salvad\u00f3 tambi\u00e9n ha destacado que es <strong>una de las mejores dietas para mejorar el riesgo cardiovascular,<\/strong> pues aumenta los niveles de HDL, reduce los niveles de triglic\u00e9ridos, disminuye la tensi\u00f3n arterial y mejora la inflamaci\u00f3n y la sensibilidad a la insulina.<\/p>\n<p class=\"paragraph\" id=\"paragraph_5\">\u00abLa adherencia a la dieta mediterr\u00e1nea tradicional se asocia a <strong>menor riesgo de obesidad, ganancia de peso o diabetes tipo 2<\/strong>; tambi\u00e9n es beneficiosa en el manejo de la obesidad, y reduce el riesgo de enfermedad cardiovascular, c\u00e1ncer de mama en mujeres y deterioro cognitivo\u00bb, ha agregado.<\/p>\n<p><img loading=\"lazy\" decoding=\"async\" alt=\"Los investigadores de la URV a cargo del estudio, Michelle Murphy, Ailende Eigbefoh-Addeh y Albert Salas-Huetos.\" height=\"180\" src=\"https:\/\/www.europesays.com\/es\/wp-content\/uploads\/2025\/12\/1003744009274_259877394_320x180.jpg\" width=\"320\" data-lazy-status=\"processed\" data-lazy-info=\"remove loading item 1\"\/><\/p>\n<p class=\"paragraph\" id=\"paragraph_6\">En ese sentido, ha destacado que sus beneficios son \u00absuperiores\u00bb a los alcanzados con dietas bajas en grasa o dietas pobres en hidratos de carbono, y que los ensayos cl\u00ednicos han mostrado que la dieta mediterr\u00e1nea<strong> es capaz de revertir el s\u00edndrome metab\u00f3lico,<\/strong> caracterizado por obesidad abdominal, hipertensi\u00f3n, dislipidemia y resistencia a la insulina.<\/p>\n<p class=\"paragraph\" id=\"paragraph_7\">La combinaci\u00f3n de este patr\u00f3n alimentario con actividad f\u00edsica y terapia conductual logra una mayor p\u00e9rdida de peso y una reducci\u00f3n significativa de los factores de riesgo cardiovascular,<strong> comparada con la dieta mediterr\u00e1nea sola,<\/strong> y permite una mejor preservaci\u00f3n de la masa magra y la densidad \u00f3sea lumbar, dos aspectos que suelen empeorar con la edad y que se aceleran con la p\u00e9rdida de peso.<\/p>\n<p>Dieta atl\u00e1ntica<\/p>\n<p class=\"paragraph\" id=\"paragraph_8\">Estos beneficios tambi\u00e9n se dan casi en la misma proporci\u00f3n en el caso de la dieta atl\u00e1ntica, tambi\u00e9n conocida como la dieta atl\u00e1ntica del sur de Europa, con sus m\u00e1ximos exponentes en Galicia y norte de Portugal, y que ha demostrado \u00abser saludable para el individuo y sostenible para el medio ambiente, y uno de los factores que <strong>ha permitido nuestra alta longevidad y calidad de vida<\/strong>\u00ab, tal y como ha expuesto la doctora del Hospital Cl\u00ednico Universitario de Santiago-Xerencia de Xesti\u00f3n Integrada de Santiago Rosaura Leis.<\/p>\n<p class=\"paragraph\" id=\"paragraph_9\">A diferencia de la dieta mediterr\u00e1nea, basada en el consumo elevado de frutas, verduras, hortalizas, legumbres y cereales integrales, incluyendo pescado y aceite de oliva; la dieta atl\u00e1ntica se basa en <strong>alimentos de temporada, frescos y m\u00ednimamente procesados,<\/strong> en la que el pescado y los mariscos, los cereales de grano entero, los l\u00e1cteos, las frutas y verduras del g\u00e9nero brassica, las casta\u00f1as, el aceite de oliva y el agua de manantiales son los exponentes principales.<\/p>\n<p><img decoding=\"async\" alt=\"Huerto de proximidad.\" height=\"180\" loading=\"lazy\" width=\"320\" data-lazy-status=\"processed\" id=\"bcd4fd817f\" src=\"https:\/\/www.elespanol.com\/ciencia\/20251208\/jordi-salas-salvado-catedratico-dieta-adelgaza-espana-reduce-riesgo-cancer-deterioro-cognitivo\/[\" https:=\"\" data-lazy-info=\"changed src\"\/><\/p>\n<p class=\"paragraph\" id=\"paragraph_10\">Sin embargo, la especialista ha matizado que <strong>no solo se trata de lo que se come, sino \u00abcu\u00e1ndo y c\u00f3mo\u00bb<\/strong>, tras lo que ha hecho \u00e9nfasis en la importancia de priorizar un tipo de cocina al vapor, hervido, a la plancha o en guisos.<\/p>\n<p class=\"paragraph\" id=\"paragraph_11\">\u00abLa actividad f\u00edsica y <strong>el tiempo y calidad de sue\u00f1o<\/strong> tambi\u00e9n forman parte de nuestra tradici\u00f3n (&#8230;) el beneficio que se obtiene no s\u00f3lo depende de la dieta atl\u00e1ntica, sino del estilo de vida atl\u00e1ntico\u00bb, ha a\u00f1adido Leis.<\/p>\n<p>Ultraprocesados<\/p>\n<p class=\"paragraph\" id=\"paragraph_12\">Sin embargo, son dos patrones que est\u00e1n siendo abandonados, especialmente por parte de los ni\u00f1os y j\u00f3venes espa\u00f1oles, en favor de otras <strong>dietas basadas en productos procesados y ultraprocesados<\/strong>, una situaci\u00f3n que los expertos achacan a los cambios en el estilo de vida hasta la globalizaci\u00f3n de los h\u00e1bitos alimentarios hacia una cultura occidental en la que se consumen cada vez menos alimentos frescos.<\/p>\n<p class=\"paragraph\" id=\"paragraph_13\">\u00abSe evidencia un descenso progresivo del <strong>consumo de pescado, de l\u00e1cteos, de frutas y verduras<\/strong>, y el aumento del consumo de alimentos ultraprocesados, ya desde los primeros a\u00f1os de vida\u00bb, han agregado.<\/p>\n<p><img decoding=\"async\" alt=\"Ram\u00f3n Estruch, consultor senior del servicio de Medicina Interna del Hospital Cl\u00ednic de Barcelona.\" height=\"180\" loading=\"lazy\" width=\"320\" data-lazy-status=\"processed\" id=\"0a606e636b\" src=\"https:\/\/www.elespanol.com\/ciencia\/20251208\/jordi-salas-salvado-catedratico-dieta-adelgaza-espana-reduce-riesgo-cancer-deterioro-cognitivo\/[\" https:=\"\" data-lazy-info=\"changed src\"\/><\/p>\n<p class=\"paragraph\" id=\"paragraph_14\">La p\u00e9rdida de adherencia a este tipo de patrones coincide con el auge de otras estrategias que comienzan a gozar de un creciente seguimiento por parte de la poblaci\u00f3n, <strong>como el ayuno intermitente,<\/strong> que consiste en la restricci\u00f3n de la ingesta de alimentos y bebidas cal\u00f3ricos a un horario determinado del d\u00eda, y ayunar el resto del tiempo.<\/p>\n<p class=\"paragraph\" id=\"paragraph_15\">Esta ventana de alimentaci\u00f3n suele tener una duraci\u00f3n de entre ocho y diez horas, y su aceptabilidad y seguimiento a nivel social \u00abha sido <strong>m\u00e1s r\u00e1pido que la evidencia cient\u00edfica\u00bb<\/strong>, tal y como ha expresado la catedr\u00e1tica de la Universidad P\u00fablica de Navarra (UPN) Idoia Labayen.<\/p>\n<p class=\"paragraph\" id=\"paragraph_16\">\u00abComo cualquier otro tratamiento nutricional, precisa de supervisi\u00f3n por profesionales sanitarios, ya que <strong>puede tener efectos secundarios no deseados\u00bb<\/strong>, ha aseverado la especialista, quien apunta a que puede empeorar la calidad de la dieta si no se est\u00e1n siguiendo recomendaciones apropiadas de dieta saludable, dando lugar a p\u00e9rdida de tejido muscular si no se hace ejercicio.<\/p>\n<p class=\"paragraph\" id=\"paragraph_17\">Uno de sus principales inconvenientes tienen que ver con su dificultad de seguimiento, con una adherencia a medio plazo \u00abmuy baja\u00bb que puede dar lugar a la <strong>recuperaci\u00f3n del peso perdido<\/strong> durante las primeras etapas.<\/p>\n<p class=\"paragraph\" id=\"paragraph_18\">A pesar de ello, ha reconocido que esta opci\u00f3n <strong>puede ser \u00abuna buena alternativa\u00bb<\/strong> para la p\u00e9rdida de peso, con ventajas adicionales sobre la homeostasis de la glucosa, si bien ha incidido en que la evidencia es a\u00fan limitada.<\/p>\n","protected":false},"excerpt":{"rendered":"Las claves nuevo Generado con IA La dieta mediterr\u00e1nea ligeramente hipocal\u00f3rica, combinada con actividad f\u00edsica, es la estrategia&hellip;\n","protected":false},"author":2,"featured_media":276839,"comment_status":"","ping_status":"","sticky":false,"template":"","format":"standard","meta":{"footnotes":""},"categories":[92],"tags":[3214,119,12488,25,24,165,166,23],"class_list":{"0":"post-276838","1":"post","2":"type-post","3":"status-publish","4":"format-standard","5":"has-post-thumbnail","7":"category-salud","8":"tag-alimentacion","9":"tag-ciencia","10":"tag-dieta-mediterranea","11":"tag-es","12":"tag-espana","13":"tag-health","14":"tag-salud","15":"tag-spain"},"share_on_mastodon":{"url":"https:\/\/pubeurope.com\/@es\/115681392067939231","error":""},"_links":{"self":[{"href":"https:\/\/www.europesays.com\/es\/wp-json\/wp\/v2\/posts\/276838","targetHints":{"allow":["GET"]}}],"collection":[{"href":"https:\/\/www.europesays.com\/es\/wp-json\/wp\/v2\/posts"}],"about":[{"href":"https:\/\/www.europesays.com\/es\/wp-json\/wp\/v2\/types\/post"}],"author":[{"embeddable":true,"href":"https:\/\/www.europesays.com\/es\/wp-json\/wp\/v2\/users\/2"}],"replies":[{"embeddable":true,"href":"https:\/\/www.europesays.com\/es\/wp-json\/wp\/v2\/comments?post=276838"}],"version-history":[{"count":0,"href":"https:\/\/www.europesays.com\/es\/wp-json\/wp\/v2\/posts\/276838\/revisions"}],"wp:featuredmedia":[{"embeddable":true,"href":"https:\/\/www.europesays.com\/es\/wp-json\/wp\/v2\/media\/276839"}],"wp:attachment":[{"href":"https:\/\/www.europesays.com\/es\/wp-json\/wp\/v2\/media?parent=276838"}],"wp:term":[{"taxonomy":"category","embeddable":true,"href":"https:\/\/www.europesays.com\/es\/wp-json\/wp\/v2\/categories?post=276838"},{"taxonomy":"post_tag","embeddable":true,"href":"https:\/\/www.europesays.com\/es\/wp-json\/wp\/v2\/tags?post=276838"}],"curies":[{"name":"wp","href":"https:\/\/api.w.org\/{rel}","templated":true}]}}