{"id":276860,"date":"2025-12-08T01:57:29","date_gmt":"2025-12-08T01:57:29","guid":{"rendered":"https:\/\/www.europesays.com\/es\/276860\/"},"modified":"2025-12-08T01:57:29","modified_gmt":"2025-12-08T01:57:29","slug":"miley-cyrus-comparte-la-divertida-razon-por-la-que-se-comprometio-con-maxx-morando-necesito-ayuda","status":"publish","type":"post","link":"https:\/\/www.europesays.com\/es\/276860\/","title":{"rendered":"Miley Cyrus comparte la divertida raz\u00f3n por la que se comprometi\u00f3 con Maxx Morando: \u00abNecesito ayuda\u00bb"},"content":{"rendered":"<p>                    Mailey Cyrus comparte la verdadera raz\u00f3n de su compromiso con Maxx Morando . La cantante apareci\u00f3 recientemente en \u00abJimmy Kimmel Live\u00bb, donde habl\u00f3 sobre su nueva canci\u00f3n \u00abDream as One\u00bb, incluida en la banda sonora de \u00abAvatar: Fire &amp; Ash\u00bb, y su reciente compromiso, mostrando su anillo.<\/p>\n<p>Cyrus se sent\u00f3 y habl\u00f3 sobre uno de sus problemas con la temporada navide\u00f1a. \u00abOdio el papel. Verlo me da ganas de vomitar\u00bb, dijo Cyrus, se\u00f1alando una de las tarjetas de Kimmel. \u00abBleh, ni lo hagas\u00bb, dijo, apartando la mirada.<\/p>\n<p>\u00abCuando alguien me env\u00eda una carta bonita, ni siquiera la abro\u00bb, explic\u00f3. \u00abEs una fobia. Y necesito ayuda\u00bb. <\/p>\n<p>Cyrus revel\u00f3 que, si bien ha luchado contra la fobia la mayor parte de su vida, esta ha empeorado en los \u00faltimos a\u00f1os. \u00abEs necesario alg\u00fan tipo de intervenci\u00f3n. Voy a intentar alg\u00fan tipo de EMDR, tal vez hipnotizarme. Porque est\u00e1 afectando mi vida diaria\u00bb. Cyrus comparti\u00f3 que la gente que recibe cajas de Amazon la pone \u00abenferma\u00bb.<\/p>\n<p>\u00abPorque el cart\u00f3n es lo peor de todo. Es extra seco. Y tiene envoltorio. Por eso me compromet\u00ed, porque le pido a mi prometido que abra todos los paquetes afuera\u00bb, dijo, provocando risas del p\u00fablico.<\/p>\n<p>Cyrus reserv\u00f3 su ocurrencia m\u00e1s graciosa para el final. Kimmel le pregunt\u00f3 si pod\u00eda firmar el certificado de matrimonio, y Cyrus respondi\u00f3: \u00abCualquier cosa que tenga una superficie lisa es mejor\u00bb. Luego, en un susurro al p\u00fablico, a\u00f1adi\u00f3: \u00abY del \u00faltimo matrimonio, creo recordar que el papel es encerado\u00bb. <\/p>\n<p><b>Con informaci\u00f3n de Agencias\u00a0<\/b><\/p>\n","protected":false},"excerpt":{"rendered":"Mailey Cyrus comparte la verdadera raz\u00f3n de su compromiso con Maxx Morando . La cantante apareci\u00f3 recientemente en&hellip;\n","protected":false},"author":2,"featured_media":276861,"comment_status":"","ping_status":"","sticky":false,"template":"","format":"standard","meta":{"footnotes":""},"categories":[170],"tags":[6191,146,147,25,24,50621,184,185,23,1192],"class_list":{"0":"post-276860","1":"post","2":"type-post","3":"status-publish","4":"format-standard","5":"has-post-thumbnail","7":"category-musica","8":"tag-caracas","9":"tag-entertainment","10":"tag-entretenimiento","11":"tag-es","12":"tag-espana","13":"tag-globovision","14":"tag-music","15":"tag-musica","16":"tag-spain","17":"tag-venezuela"},"share_on_mastodon":{"url":"https:\/\/pubeurope.com\/@es\/115681469649147874","error":""},"_links":{"self":[{"href":"https:\/\/www.europesays.com\/es\/wp-json\/wp\/v2\/posts\/276860","targetHints":{"allow":["GET"]}}],"collection":[{"href":"https:\/\/www.europesays.com\/es\/wp-json\/wp\/v2\/posts"}],"about":[{"href":"https:\/\/www.europesays.com\/es\/wp-json\/wp\/v2\/types\/post"}],"author":[{"embeddable":true,"href":"https:\/\/www.europesays.com\/es\/wp-json\/wp\/v2\/users\/2"}],"replies":[{"embeddable":true,"href":"https:\/\/www.europesays.com\/es\/wp-json\/wp\/v2\/comments?post=276860"}],"version-history":[{"count":0,"href":"https:\/\/www.europesays.com\/es\/wp-json\/wp\/v2\/posts\/276860\/revisions"}],"wp:featuredmedia":[{"embeddable":true,"href":"https:\/\/www.europesays.com\/es\/wp-json\/wp\/v2\/media\/276861"}],"wp:attachment":[{"href":"https:\/\/www.europesays.com\/es\/wp-json\/wp\/v2\/media?parent=276860"}],"wp:term":[{"taxonomy":"category","embeddable":true,"href":"https:\/\/www.europesays.com\/es\/wp-json\/wp\/v2\/categories?post=276860"},{"taxonomy":"post_tag","embeddable":true,"href":"https:\/\/www.europesays.com\/es\/wp-json\/wp\/v2\/tags?post=276860"}],"curies":[{"name":"wp","href":"https:\/\/api.w.org\/{rel}","templated":true}]}}