{"id":276921,"date":"2025-12-08T02:47:14","date_gmt":"2025-12-08T02:47:14","guid":{"rendered":"https:\/\/www.europesays.com\/es\/276921\/"},"modified":"2025-12-08T02:47:14","modified_gmt":"2025-12-08T02:47:14","slug":"matthew-lillard-respondio-a-las-criticas-de-quentin-tarantino-sobre-su-trabajo-actoral-eso-duele","status":"publish","type":"post","link":"https:\/\/www.europesays.com\/es\/276921\/","title":{"rendered":"Matthew Lillard respondi\u00f3 a las cr\u00edticas de Quentin Tarantino sobre su trabajo actoral: \u201cEso duele\u201d"},"content":{"rendered":"<p><img alt=\"Matthew Lillard confes\u00f3 que las\" class=\"global-image\" decoding=\"async\" fetchpriority=\"high\" height=\"1080\" loading=\"eager\" src=\"https:\/\/www.europesays.com\/es\/wp-content\/uploads\/2025\/12\/SJZMODP2SZETPDYQV2OXT74ZPU.jpg\" width=\"1920\"\/>Matthew Lillard confes\u00f3 que las cr\u00edticas de Quentin Tarantino sobre su labor actoral le afectaron m\u00e1s de lo que quiso admitir ante sus seguidores (Paramount\/REUTERS)<\/p>\n<p class=\"paragraph\"><b>Matthew Lillard<\/b> reaccion\u00f3 p\u00fablicamente a los comentarios negativos emitidos por <a href=\"https:\/\/www.infobae.com\/entretenimiento\/2025\/12\/04\/los-actores-que-quentin-tarantino-odia-duras-criticas-del-director-a-paul-dano-owen-wilson-y-matthew-lillard\/\" target=\"_blank\" rel=\"noreferrer nofollow noopener\" title=\"https:\/\/www.infobae.com\/entretenimiento\/2025\/12\/04\/los-actores-que-quentin-tarantino-odia-duras-criticas-del-director-a-paul-dano-owen-wilson-y-matthew-lillard\/\">Quentin Tarantino<\/a> respecto a su desempe\u00f1o como actor.<\/p>\n<p class=\"paragraph\">Durante un encuentro con fan\u00e1ticos en GalaxyCon, un evento realizado en Columbus, Ohio, el actor abord\u00f3 la declaraci\u00f3n del cineasta, quien manifest\u00f3 en un podcast reciente: \u201c<b>No me interesa Matthew Lillard<\/b>\u201d.<\/p>\n<p class=\"paragraph\">\u201cEsta semana, Quentin Tarantino dijo que no le gustaba mi trabajo como actor\u201d, inici\u00f3 Lillard en su declaraci\u00f3n. Las palabras provocaron una inmediata reacci\u00f3n entre los presentes, quienes expresaron su desacuerdo.<\/p>\n<p class=\"paragraph\">El artista, conocido por su participaci\u00f3n en pel\u00edculas como <b>Scream <\/b>(1996) y <b>Scooby-Doo<\/b> (2002), rest\u00f3 importancia a la pol\u00e9mica en un primer momento. \u201cA m\u00ed, \u00bfqu\u00e9 m\u00e1s da? \u00bfA qui\u00e9n le importa?\u201d, expres\u00f3.<\/p>\n<p class=\"paragraph\">Sin embargo, admiti\u00f3 que la opini\u00f3n del director s\u00ed tuvo un impacto personal. \u201c<b>Eso duele. Es una mierda<\/b>\u201d, admiti\u00f3 en referencia a la cr\u00edtica.<\/p>\n<p><img alt=\"El actor de &quot;Scooby-Doo&quot; fue\" class=\"global-image\" decoding=\"async\" fetchpriority=\"low\" height=\"1080\" loading=\"lazy\" src=\"https:\/\/www.europesays.com\/es\/wp-content\/uploads\/2025\/12\/X7MIYCPRWBAYHMGBBEWZYD72YE.jpg\" width=\"1920\"\/>El actor de \u00abScooby-Doo\u00bb fue apoyado por sus fans con palabras de aliento durante una convenci\u00f3n (Warner Bros.)<\/p>\n<p class=\"paragraph\">En ese sentido, agreg\u00f3 que este tipo de comentarios habitualmente no se dirigen a las figuras m\u00e1s destacadas de Hollywood: \u201cEso no se lo dir\u00eda a Tom Cruise, no se lo dir\u00eda a un actor de primera l\u00ednea en Hollywood\u201d.<\/p>\n<p class=\"paragraph\">Asimismo, <b>Matthew Lillard<\/b> reflexion\u00f3 sobre su posici\u00f3n en la industria del cine y el contraste entre la recepci\u00f3n que experimenta en eventos con fan\u00e1ticos y su reconocimiento profesional fuera de ellos.<\/p>\n<p class=\"paragraph\">\u201c<b>Aqu\u00ed en esta sala soy muy popular. Pero en Hollywood no soy tan popular<\/b>. Son dos mundos completamente distintos. As\u00ed que s\u00ed, es una lecci\u00f3n de humildad y duele\u201d, concluy\u00f3.<\/p>\n<p class=\"paragraph\">Durante el mismo encuentro, un asistente en el p\u00fablico le expres\u00f3 su apoyo con un \u201c\u00a1te queremos!\u201d, a lo que Lillard respondi\u00f3 agradeciendo el gesto.<\/p>\n<p class=\"paragraph\">Las declaraciones de Tarantino fueron realizadas durante una conversaci\u00f3n en The Bret Easton Ellis Podcast, donde el director abord\u00f3 su opini\u00f3n sobre las actuaciones en el cine contempor\u00e1neo.<\/p>\n<p><img alt=\"&quot;En Hollywood no soy tan\" class=\"global-image\" decoding=\"async\" fetchpriority=\"low\" height=\"3840\" loading=\"lazy\" src=\"https:\/\/www.europesays.com\/es\/wp-content\/uploads\/2025\/12\/YXH5DCSU4PFVKHLWC2WWUCZ53Y.jpg\" width=\"5760\"\/>\u00abEn Hollywood no soy tan popular\u00bb, reconoci\u00f3 Lillard tras escuchar los comentarios del cineasta (REUTERS\/Aude Guerrucci)<\/p>\n<p class=\"paragraph\">Junto con Lillard, <b>Quentin Tarantino <\/b>tambi\u00e9n expres\u00f3 su rechazo por trabajos de otros actores como <b>Paul Dano<\/b> y <b>Owen Wilson<\/b>. \u201cNo me interesa Owen Wilson, no me interesa Matthew Lillard\u201d, indic\u00f3.<\/p>\n<p class=\"paragraph\">El realizador de Kill Bill y Tiempos violentos fue m\u00e1s all\u00e1 al calificar a Dano como \u201cel eslab\u00f3n m\u00e1s d\u00e9bil\u201d en la pel\u00edcula <b>Petr\u00f3leo sangriento<\/b> (2007). Compar\u00f3 la actuaci\u00f3n de la estrella con la de Daniel Day-Lewis y manifest\u00f3 una clara preferencia por Austin Butler para el papel, en caso de haberse presentado la oportunidad.<\/p>\n<p class=\"paragraph\">Adem\u00e1s, el director se sincer\u00f3 sobre por qu\u00e9 no soporta ver a Wilson, a pesar de reconocer el valor de <b>Medianoche en Par\u00eds <\/b>(2011), pel\u00edcula protagonizada por el actor y que Tarantino incluy\u00f3 en la d\u00e9cima posici\u00f3n de sus favoritas del siglo XXI.<\/p>\n<p class=\"paragraph\">El cineasta detall\u00f3 que, aunque en revisiones sucesivas de <b>Medianoche en Par\u00eds<\/b>, dirigida por Woody Allen, su percepci\u00f3n sobre Owen Wilson mejor\u00f3, persiste su falta de entusiasmo hacia el int\u00e9rprete.<\/p>\n<p><img alt=\"La lista de actores criticados\" class=\"global-image\" decoding=\"async\" fetchpriority=\"low\" height=\"3072\" loading=\"lazy\" src=\"https:\/\/www.europesays.com\/es\/wp-content\/uploads\/2025\/12\/QHLNVNN6V5EANLUAWJ2EM4HBN4.jpg\" width=\"2644\"\/>La lista de actores criticados por Quentin Tarantino volvi\u00f3 a generar debate sobre su autoridad y opiniones en el \u00e1mbito cinematogr\u00e1fico (EFE\/EPA\/ETTORE FERRARI)<\/p>\n<p class=\"paragraph\">\u201cLa primera vez que la vi, la disfrut\u00e9 y a la vez <b>lo detest\u00e9<\/b>. La segunda vez pens\u00e9: \u2018No seas tan antip\u00e1tico, no est\u00e1 tan mal\u2019. Y la tercera vez me descubr\u00ed mir\u00e1ndolo a \u00e9l\u201d, reconoci\u00f3.<\/p>\n<p class=\"paragraph\">La repercusi\u00f3n de las palabras de Tarantino deriv\u00f3 en manifestaciones de apoyo a los actores mencionados, especialmente hacia Dano. Directores como Matt Reeves y actores como Ben Stiller utilizaron redes sociales para respaldar la calidad interpretativa y calidad humana de su colega.<\/p>\n<p class=\"paragraph\">En cuanto al propio <b>Matthew Lillard<\/b>, en la actualidad forma parte del elenco de <b>Five Nights at Freddy\u2019s 2<\/b>, producci\u00f3n recientemente estrenada en cines. Adem\u00e1s, trabaj\u00f3 bajo la direcci\u00f3n de <b>Mike Flanagan<\/b> en <b>The Life of Chuck<\/b>, donde comparti\u00f3 pantalla con Tom Hiddleston, Mark Hamill, Chiwetel Ejiofor y Karen Gillan.<\/p>\n<p class=\"paragraph\">Mientras las apreciaciones de <b>Quentin Tarantino<\/b> provocaron cuestionamientos y un debate en redes sociales, \u00e9l se mantiene firme en su postura.<\/p>\n","protected":false},"excerpt":{"rendered":"Matthew Lillard confes\u00f3 que las cr\u00edticas de Quentin Tarantino sobre su labor actoral le afectaron m\u00e1s de lo&hellip;\n","protected":false},"author":2,"featured_media":276922,"comment_status":"","ping_status":"","sticky":false,"template":"","format":"standard","meta":{"footnotes":""},"categories":[91],"tags":[146,8117,147,25,24,23,1559],"class_list":{"0":"post-276921","1":"post","2":"type-post","3":"status-publish","4":"format-standard","5":"has-post-thumbnail","7":"category-entretenimiento","8":"tag-entertainment","9":"tag-entertainment-and-lifestyle","10":"tag-entretenimiento","11":"tag-es","12":"tag-espana","13":"tag-spain","14":"tag-us"},"share_on_mastodon":{"url":"https:\/\/pubeurope.com\/@es\/115681666488695633","error":""},"_links":{"self":[{"href":"https:\/\/www.europesays.com\/es\/wp-json\/wp\/v2\/posts\/276921","targetHints":{"allow":["GET"]}}],"collection":[{"href":"https:\/\/www.europesays.com\/es\/wp-json\/wp\/v2\/posts"}],"about":[{"href":"https:\/\/www.europesays.com\/es\/wp-json\/wp\/v2\/types\/post"}],"author":[{"embeddable":true,"href":"https:\/\/www.europesays.com\/es\/wp-json\/wp\/v2\/users\/2"}],"replies":[{"embeddable":true,"href":"https:\/\/www.europesays.com\/es\/wp-json\/wp\/v2\/comments?post=276921"}],"version-history":[{"count":0,"href":"https:\/\/www.europesays.com\/es\/wp-json\/wp\/v2\/posts\/276921\/revisions"}],"wp:featuredmedia":[{"embeddable":true,"href":"https:\/\/www.europesays.com\/es\/wp-json\/wp\/v2\/media\/276922"}],"wp:attachment":[{"href":"https:\/\/www.europesays.com\/es\/wp-json\/wp\/v2\/media?parent=276921"}],"wp:term":[{"taxonomy":"category","embeddable":true,"href":"https:\/\/www.europesays.com\/es\/wp-json\/wp\/v2\/categories?post=276921"},{"taxonomy":"post_tag","embeddable":true,"href":"https:\/\/www.europesays.com\/es\/wp-json\/wp\/v2\/tags?post=276921"}],"curies":[{"name":"wp","href":"https:\/\/api.w.org\/{rel}","templated":true}]}}