{"id":276925,"date":"2025-12-08T02:49:13","date_gmt":"2025-12-08T02:49:13","guid":{"rendered":"https:\/\/www.europesays.com\/es\/276925\/"},"modified":"2025-12-08T02:49:13","modified_gmt":"2025-12-08T02:49:13","slug":"sam-altman-revelo-el-verdadero-gasto-energetico-de-la-ia-cuanto-consume-hacerle-una-pregunta-a-chatgpt","status":"publish","type":"post","link":"https:\/\/www.europesays.com\/es\/276925\/","title":{"rendered":"Sam Altman revel\u00f3 el verdadero gasto energ\u00e9tico de la IA: \u00bfcu\u00e1nto consume hacerle una pregunta a ChatGPT?"},"content":{"rendered":"<p class=\"paragraph font__body-regular\">La irrupci\u00f3n de las <a href=\"https:\/\/tn.com.ar\/tecno\/novedades\/2025\/07\/18\/las-cuatro-cosas-que-tenes-que-saber-antes-de-usar-una-inteligencia-artificial\/\" target=\"_blank\" rel=\"noreferrer nofollow noopener\" title=\"https:\/\/tn.com.ar\/tecno\/novedades\/2025\/07\/18\/las-cuatro-cosas-que-tenes-que-saber-antes-de-usar-una-inteligencia-artificial\/\"><b>herramientas de IA generativa<\/b><\/a> trajo beneficios a la vida cotidiana de las personas: desde potenciar la creatividad hasta ayudar con tareas digitales que antes llevaban horas, los chatbots y modelos de lenguaje <b>revolucionaron la forma en que trabajamos<\/b>, estudiamos y producimos contenido.<\/p>\n<p class=\"paragraph font__body-regular\">Sin embargo, esa misma expansi\u00f3n abri\u00f3 <b>discusiones profundas <\/b>sobre la propiedad intelectual de los contenidos producidos por algoritmos, el <a href=\"https:\/\/tn.com.ar\/tecno\/novedades\/2025\/11\/18\/la-ia-reemplazara-92-millones-de-empleos-pero-creara-otros-170-millones-que-trabajos-desapareceran\/\" target=\"_blank\" rel=\"noreferrer nofollow noopener\" title=\"https:\/\/tn.com.ar\/tecno\/novedades\/2025\/11\/18\/la-ia-reemplazara-92-millones-de-empleos-pero-creara-otros-170-millones-que-trabajos-desapareceran\/\"><b>impacto en el sector laboral<\/b><\/a> y, sobre todo, el<b> consumo energ\u00e9tico<\/b> de los servidores y centros de datos que alimentan y sostienen esta tecnolog\u00eda.<\/p>\n<p class=\"paragraph font__body-regular\"><b>Le\u00e9 tambi\u00e9n: <\/b><a href=\"https:\/\/tn.com.ar\/tecno\/novedades\/2025\/12\/03\/el-talon-de-aquiles-de-la-ia-todavia-no-se-sabe-como-enfrentar-al-calor-que-generan-los-centros-de-datos\/\" target=\"_blank\" rel=\"noreferrer nofollow noopener\" title=\"https:\/\/tn.com.ar\/tecno\/novedades\/2025\/12\/03\/el-talon-de-aquiles-de-la-ia-todavia-no-se-sabe-como-enfrentar-al-calor-que-generan-los-centros-de-datos\/\"><b>El tal\u00f3n de Aquiles de la IA: todav\u00eda no se sabe c\u00f3mo enfrentar al calor que generan los centros de datos<\/b><\/a><\/p>\n<p class=\"paragraph font__body-regular\"><b>Sam Altman<\/b>, CEO de OpenAI, se meti\u00f3 en esta discusi\u00f3n p\u00fablica y <b>revel\u00f3 datos concretos sobre el gasto real <\/b>de cada consulta al chatbot de su empresa, ChatGPT.<\/p>\n<p><img decoding=\"async\" loading=\"lazy\" fetchpriority=\"low\" data-testid=\"loading-testid\" class=\"image content-image image_placeholder\" alt=\"Cu\u00e1l es el verdadero consumo de agua de ChatGPT. (Foto: AdobeStock)\" width=\"767\" height=\"430\" src=\"https:\/\/www.europesays.com\/es\/wp-content\/uploads\/2025\/12\/cual-es-el-verdadero-consumo-de-agua-de-chatgpt-foto-adobestock-7T3CVZJ43RDQFGHBHZZDIGI6ZQ.png\"\/><\/p>\n<p>Cu\u00e1l es el verdadero consumo de agua de ChatGPT. (Foto: AdobeStock)<\/p>\n<p>Cu\u00e1nta electricidad implica una consulta al chatbot<\/p>\n<p class=\"paragraph font__body-regular\">Altman explic\u00f3 que <b>una interacci\u00f3n promedio con ChatGPT <\/b>demanda <b>0,34 vatios-hora<\/b>, un nivel de consumo comparable <b>al gasto de un horno encendido por un poco m\u00e1s de un segundo<\/b> o de una lamparita en funcionamiento durante un par de minutos. <\/p>\n<p class=\"paragraph font__body-regular\">Aunque la cifra parece m\u00ednima vista de manera aislada, sirve como referencia concreta para dimensionar el esfuerzo energ\u00e9tico que necesita cada proceso del modelo.<\/p>\n<p class=\"paragraph font__body-regular\">Junto con la electricidad, tambi\u00e9n interviene el uso de<b> agua destinada a la refrigeraci\u00f3n de los <\/b><a href=\"https:\/\/tn.com.ar\/tecno\/novedades\/2025\/06\/22\/diccionario-tn-tecno-que-son-y-como-funcionan-los-data-centers-el-corazon-de-internet\/\" target=\"_blank\" rel=\"noreferrer nofollow noopener\" title=\"https:\/\/tn.com.ar\/tecno\/novedades\/2025\/06\/22\/diccionario-tn-tecno-que-son-y-como-funcionan-los-data-centers-el-corazon-de-internet\/\"><b>centros de datos<\/b><\/a>. Seg\u00fan Altman, <b>cada consulta requiere unos 0,00032176 litros<\/b>, aproximadamente <b>una quinceava parte de una cucharadita<\/b>. <\/p>\n<p>Cuando esos n\u00fameros se multiplican por miles de millones<\/p>\n<p class=\"paragraph font__body-regular\">Las m\u00e9tricas adquieren otra dimensi\u00f3n al considerar el tr\u00e1fico diario de la plataforma. ChatGPT procesa alrededor de <b>2500 millones de solicitudes por d\u00eda<\/b>, lo que equivaldr\u00eda a m\u00e1s de <b>804.000 litros cada 24 horas<\/b><\/p>\n<p class=\"paragraph font__body-regular\"><b>Le\u00e9 tambi\u00e9n: <\/b><a href=\"https:\/\/tn.com.ar\/tecno\/novedades\/2025\/08\/21\/google-revelo-el-consumo-real-de-agua-y-electricidad-de-la-inteligencia-artificial\/\" target=\"_blank\" rel=\"noreferrer nofollow noopener\" title=\"https:\/\/tn.com.ar\/tecno\/novedades\/2025\/08\/21\/google-revelo-el-consumo-real-de-agua-y-electricidad-de-la-inteligencia-artificial\/\"><b>Google dio a conocer cu\u00e1l es el consumo de agua y electricidad de su inteligencia artificial<\/b><\/a><\/p>\n<p class=\"paragraph font__body-regular\">El dato permite entender la raz\u00f3n por la que lo que cuesta mantener en funcionamiento a la IA empieza a ser un <b>tema central en la discusi\u00f3n tecnol\u00f3gica.<\/b> La expansi\u00f3n de modelos cada vez m\u00e1s grandes, y su integraci\u00f3n en aplicaciones masivas, incrementan la presi\u00f3n sobre centros de datos que ya operan al l\u00edmite de eficiencia.<\/p>\n<p>El objetivo: modelos m\u00e1s eficientes y sustentables<\/p>\n<p class=\"paragraph font__body-regular\">Altman se\u00f1al\u00f3 que uno de los <b>desaf\u00edos inmediatos<\/b> es desarrollar sistemas capaces de administrar mejor sus recursos. La meta es lograr modelos que requieran menos energ\u00eda por consulta y que puedan funcionar sobre hardware y centros de datos dise\u00f1ados para <b>consumir menos y refrigerarse con mayor eficacia.<\/b><\/p>\n<p class=\"paragraph font__body-regular\">El planteo no apunta solo al futuro de <a href=\"https:\/\/tn.com.ar\/tecno\/novedades\/2025\/12\/04\/openai-habria-activado-un-codigo-rojo-por-el-avance-de-google-en-el-negocio-de-la-ia\/\" target=\"_blank\" rel=\"noreferrer nofollow noopener\" title=\"https:\/\/tn.com.ar\/tecno\/novedades\/2025\/12\/04\/openai-habria-activado-un-codigo-rojo-por-el-avance-de-google-en-el-negocio-de-la-ia\/\"><b>OpenAI<\/b><\/a>, sino a un escenario en el que la inteligencia artificial forma parte del d\u00eda a d\u00eda en trabajo, educaci\u00f3n, producci\u00f3n de contenidos y servicios p\u00fablicos. <\/p>\n<p class=\"paragraph font__body-regular\">Entender su <b>costo energ\u00e9tico es un paso necesario <\/b>para anticipar c\u00f3mo crecer\u00e1 esta tecnolog\u00eda y qu\u00e9 herramientas necesitar\u00e1 la industria para reducir su impacto.<\/p>\n","protected":false},"excerpt":{"rendered":"La irrupci\u00f3n de las herramientas de IA generativa trajo beneficios a la vida cotidiana de las personas: desde&hellip;\n","protected":false},"author":2,"featured_media":276926,"comment_status":"","ping_status":"","sticky":false,"template":"","format":"standard","meta":{"footnotes":""},"categories":[80],"tags":[82,1275,95,94,25,24,136,21875,23],"class_list":{"0":"post-276925","1":"post","2":"type-post","3":"status-publish","4":"format-standard","5":"has-post-thumbnail","7":"category-economia","8":"tag-business","9":"tag-chatgpt","10":"tag-economia","11":"tag-economy","12":"tag-es","13":"tag-espana","14":"tag-inteligencia-artificial","15":"tag-sam-altman","16":"tag-spain"},"share_on_mastodon":{"url":"https:\/\/pubeurope.com\/@es\/115681674259886325","error":""},"_links":{"self":[{"href":"https:\/\/www.europesays.com\/es\/wp-json\/wp\/v2\/posts\/276925","targetHints":{"allow":["GET"]}}],"collection":[{"href":"https:\/\/www.europesays.com\/es\/wp-json\/wp\/v2\/posts"}],"about":[{"href":"https:\/\/www.europesays.com\/es\/wp-json\/wp\/v2\/types\/post"}],"author":[{"embeddable":true,"href":"https:\/\/www.europesays.com\/es\/wp-json\/wp\/v2\/users\/2"}],"replies":[{"embeddable":true,"href":"https:\/\/www.europesays.com\/es\/wp-json\/wp\/v2\/comments?post=276925"}],"version-history":[{"count":0,"href":"https:\/\/www.europesays.com\/es\/wp-json\/wp\/v2\/posts\/276925\/revisions"}],"wp:featuredmedia":[{"embeddable":true,"href":"https:\/\/www.europesays.com\/es\/wp-json\/wp\/v2\/media\/276926"}],"wp:attachment":[{"href":"https:\/\/www.europesays.com\/es\/wp-json\/wp\/v2\/media?parent=276925"}],"wp:term":[{"taxonomy":"category","embeddable":true,"href":"https:\/\/www.europesays.com\/es\/wp-json\/wp\/v2\/categories?post=276925"},{"taxonomy":"post_tag","embeddable":true,"href":"https:\/\/www.europesays.com\/es\/wp-json\/wp\/v2\/tags?post=276925"}],"curies":[{"name":"wp","href":"https:\/\/api.w.org\/{rel}","templated":true}]}}