{"id":276927,"date":"2025-12-08T02:50:11","date_gmt":"2025-12-08T02:50:11","guid":{"rendered":"https:\/\/www.europesays.com\/es\/276927\/"},"modified":"2025-12-08T02:50:11","modified_gmt":"2025-12-08T02:50:11","slug":"elon-musk-compara-a-la-union-europea-con-el-regimen-nazi-horas-despues-de-pedir-su-abolicion-internacional","status":"publish","type":"post","link":"https:\/\/www.europesays.com\/es\/276927\/","title":{"rendered":"Elon Musk compara a la Uni\u00f3n Europea con el r\u00e9gimen nazi horas despu\u00e9s de pedir su \u00ababolici\u00f3n\u00bb | Internacional"},"content":{"rendered":"<p class=\"loc\">Madrid<\/p>\n<p>El empresario y exasesor de Trump, Elon Musk, ha continuado este domingo su dura cr\u00edtica contra la Uni\u00f3n Europea tras <a href=\"https:\/\/cadenaser.com\/nacional\/2025\/12\/05\/bruselas-multa-a-x-con-120-millones-por-falta-de-transparencia-con-la-publicidad-y-el-diseno-enganoso-de-su-blue-check-cadena-ser\/\" target=\"_blank\" rel=\"nofollow noopener\" title=\"https:\/\/cadenaser.com\/nacional\/2025\/12\/05\/bruselas-multa-a-x-con-120-millones-por-falta-de-transparencia-con-la-publicidad-y-el-diseno-enganoso-de-su-blue-check-cadena-ser\/\">la multa que Bruselas ha impuesto a X<\/a>, red social de la que es due\u00f1o, por falta de transparencia con la publicidad y el dise\u00f1o enga\u00f1oso de su blue check. <\/p>\n<p>M\u00e1s informaci\u00f3n<\/p>\n<p>Ha sido, precisamente, a trav\u00e9s de X donde Musk ha comparado a la Uni\u00f3n Europea con el r\u00e9gimen nazi, apenas horas despu\u00e9s de que el empresario pidiese la \u00ababolici\u00f3n\u00bb del conjunto comunitario. <\/p>\n<p>Musk ha respondido a un perfil que compart\u00eda una imagen en la que se muestra el s\u00edmbolo del r\u00e9gimen nazi debajo de la bandera de la Uni\u00f3n Europea y la frase \u00abEl Cuarto Reich\u00bb. \u00abPr\u00e1cticamente\u00bb, ha dicho el magnate dando a entender que, a su parecer, son lo mismo. <\/p>\n<p>Ya este s\u00e1bado, Musk hab\u00eda sugerido <a href=\"https:\/\/cadenaser.com\/nacional\/2025\/12\/06\/elon-musk-pide-la-abolicion-de-la-union-europea-cadena-ser\/\" target=\"_blank\" rel=\"nofollow noopener\" title=\"https:\/\/cadenaser.com\/nacional\/2025\/12\/06\/elon-musk-pide-la-abolicion-de-la-union-europea-cadena-ser\/\">la \u00ababolici\u00f3n\u00bb de la Uni\u00f3n Europea<\/a> y que la \u00absoberan\u00eda se devolviese a los pa\u00edses de forma individual\u00bb. \u00abAs\u00ed los gobiernos podr\u00edan representar mejor a la poblaci\u00f3n\u00bb, a\u00f1ad\u00eda en su mensaje, tambi\u00e9n compartido por X. <\/p>\n<p>Las palabras del magnate llegan despu\u00e9s de que la Comisi\u00f3n Europea haya anunciado una multa de 120 millones de euros a la red social por el dise\u00f1o enga\u00f1oso de la plataforma y su sistema de verificaci\u00f3n de cuentas. <\/p>\n<p>Musk sugiri\u00f3 entonces tambi\u00e9n que el sistema burocr\u00e1tico de la UE \u00abest\u00e1 asfixiando lentamente a Europa\u00bb. \u00abLa mejor forma de descubrir qui\u00e9nes son los malos consiste en ver qui\u00e9n quiere restringir la libertad de expresi\u00f3n\u00bb, a\u00f1adi\u00f3 el empresario despu\u00e9s de que se diese a conocer la sanci\u00f3n. <\/p>\n<p>Unas palabras que fueron celebradas entonces por otros l\u00edderes europeos, como el primer ministro h\u00fangaro, Viktor Orb\u00e1n, quien tach\u00f3 de \u00abataque\u00bb la multa. \u00abCuando los se\u00f1ores supremos de Bruselas no pueden ganar el debate, tiran de las multas. Europa necesita libre expresi\u00f3n\u00bb, asegur\u00f3 en X. <\/p>\n","protected":false},"excerpt":{"rendered":"Madrid El empresario y exasesor de Trump, Elon Musk, ha continuado este domingo su dura cr\u00edtica contra la&hellip;\n","protected":false},"author":2,"featured_media":276928,"comment_status":"","ping_status":"","sticky":false,"template":"","format":"standard","meta":{"footnotes":""},"categories":[42],"tags":[17,18,13,14,11,61,62,63,64,19,20,9,10,15,16,12,21,22,65,66,67],"class_list":{"0":"post-276927","1":"post","2":"type-post","3":"status-publish","4":"format-standard","5":"has-post-thumbnail","7":"category-internacional","8":"tag-breaking-news","9":"tag-breakingnews","10":"tag-featured-news","11":"tag-featurednews","12":"tag-headlines","13":"tag-internacional","14":"tag-international","15":"tag-international-news","16":"tag-internationalnews","17":"tag-latest-news","18":"tag-latestnews","19":"tag-news","20":"tag-noticias","21":"tag-noticias-destacadas","22":"tag-noticiasdestacadas","23":"tag-titulares","24":"tag-ultimas-noticias","25":"tag-ultimasnoticias","26":"tag-world","27":"tag-world-news","28":"tag-worldnews"},"share_on_mastodon":{"url":"https:\/\/pubeurope.com\/@es\/115681678039384710","error":""},"_links":{"self":[{"href":"https:\/\/www.europesays.com\/es\/wp-json\/wp\/v2\/posts\/276927","targetHints":{"allow":["GET"]}}],"collection":[{"href":"https:\/\/www.europesays.com\/es\/wp-json\/wp\/v2\/posts"}],"about":[{"href":"https:\/\/www.europesays.com\/es\/wp-json\/wp\/v2\/types\/post"}],"author":[{"embeddable":true,"href":"https:\/\/www.europesays.com\/es\/wp-json\/wp\/v2\/users\/2"}],"replies":[{"embeddable":true,"href":"https:\/\/www.europesays.com\/es\/wp-json\/wp\/v2\/comments?post=276927"}],"version-history":[{"count":0,"href":"https:\/\/www.europesays.com\/es\/wp-json\/wp\/v2\/posts\/276927\/revisions"}],"wp:featuredmedia":[{"embeddable":true,"href":"https:\/\/www.europesays.com\/es\/wp-json\/wp\/v2\/media\/276928"}],"wp:attachment":[{"href":"https:\/\/www.europesays.com\/es\/wp-json\/wp\/v2\/media?parent=276927"}],"wp:term":[{"taxonomy":"category","embeddable":true,"href":"https:\/\/www.europesays.com\/es\/wp-json\/wp\/v2\/categories?post=276927"},{"taxonomy":"post_tag","embeddable":true,"href":"https:\/\/www.europesays.com\/es\/wp-json\/wp\/v2\/tags?post=276927"}],"curies":[{"name":"wp","href":"https:\/\/api.w.org\/{rel}","templated":true}]}}