{"id":276931,"date":"2025-12-08T02:52:29","date_gmt":"2025-12-08T02:52:29","guid":{"rendered":"https:\/\/www.europesays.com\/es\/276931\/"},"modified":"2025-12-08T02:52:29","modified_gmt":"2025-12-08T02:52:29","slug":"sanchez-entona-el-mea-culpa-por-el-caso-salazar","status":"publish","type":"post","link":"https:\/\/www.europesays.com\/es\/276931\/","title":{"rendered":"S\u00e1nchez entona el &#8216;mea culpa&#8217; por el caso Salazar"},"content":{"rendered":"<p><strong>Pedro S\u00e1nchez<\/strong> asegura que <a href=\"https:\/\/www.rtve.es\/noticias\/20251206\/sanchez-asume-en-primera-persona-la-mala-gestion-en-los-casos-de-acoso-a-salazar-fue-un-error-no-premeditado\/16848154.shtml\" rel=\"nofollow noopener\" target=\"_blank\">asume en \u00abprimera persona\u00bb como Secretario General del PSOE los \u00aberrores\u00bb<\/a> cometidos con las denuncias de algunas mujeres por acoso contra <strong>Francisco Salazar,<\/strong> su ex asesor en Moncloa. El presidente del Gobierno admite el error por no contactar con las v\u00edctimas durante seis meses, a pesar de que dos de ellas hab\u00edan registrado su denuncia en el canal habilitado para hacerlo. Eso s\u00ed, rechaza que haya sido \u00abpremeditado\u00bb ni que su partido haya protegido a Salazar.<\/p>\n<p>Lo dec\u00eda durante la celebraci\u00f3n del <a href=\"https:\/\/www.rtve.es\/noticias\/20251206\/armengol-reivindica-legado-europeo-consenso-bienestar-comun-constitucion\/16847771.shtml\" rel=\"nofollow noopener\" target=\"_blank\">d\u00eda de la Constituci\u00f3n<\/a> en el Congreso. El caso Salazar ha levantado <strong>malestar p\u00fablico fuera y dentro del PSOE<\/strong> por comportamientos vomitivos con las mujeres, seg\u00fan los propios socialistas. El viernes, de hecho, la direcci\u00f3n federal entonaba el &#8216;mea culpa&#8217; por escrito a sus compa\u00f1eros. El enfado hab\u00eda llegado hasta en las federaciones. Y ha estallado debido a que <strong>los casos de acoso se presentaron hace cinco meses y est\u00e1n sin resolver<\/strong>.<\/p>\n<p>Esa retraso en reaccionar podr\u00eda perjudicar, y mucho la credibilidad del PSOE, especialmente ante<strong> las mujeres, uno de sus caladeros de votos<\/strong> m\u00e1s importantes.<\/p>\n<p>La campa\u00f1a extreme\u00f1a en marcha<\/p>\n<p>Durante los quince d\u00edas de campa\u00f1a en Extremadura, que ya est\u00e1 en marcha, todos se juegan mucho m\u00e1s que el resultado en esa comunidad aut\u00f3noma. Es como el primer examen parcial que<strong> terminar\u00e1 con el examen final de las generales<\/strong>.<\/p>\n<p>El PSOE arranca con un importante lastre en contra, <strong>el caso del hermano de Pedro S\u00e1nchez<\/strong>, precisamente en esa comunidad, caso en el que est\u00e1 implicado el candidato socialista, <strong>Miguel \u00c1ngel<\/strong> <strong>Gallardo<\/strong>. Pero hay m\u00e1s: los casos <strong>Salazar, Koldo-Cerd\u00e1n-\u00c1balos<\/strong>, que no se centran \u00fanicamente en la corrupci\u00f3n, que ya es bastante. Es que conllevan muchas situaciones, e incluso denuncias, de<strong> machismo tambi\u00e9n en un partido que se define como feminista.<\/strong><\/p>\n<p>En el lado de la derecha, en Extremadura, se reproducen las <strong>constantes tensiones Feij\u00f3o-Abascal<\/strong> en la carrera por robarse votantes el uno al otro. Un cl\u00e1sico. Seg\u00fan las encuestas, probablemente <strong>el PP volver\u00e1 a necesitar a Vox para mantener la Junta<\/strong>. Y eso acent\u00faa el desaf\u00edo constante entre los l\u00edderes de esos dos partidos aunque, en realidad, no parece que vaya m\u00e1s all\u00e1 de la mera pirotecnia.<\/p>\n<p>La prueba la acabamos de ver en <strong>Valencia<\/strong>, donde ya se han entendido. Previsiblemente,<strong> en Extremadura pasar\u00e1 lo mismo <\/strong>si les hace falta para que les salgan las cuentas. En un gobierno de coalici\u00f3n o con apoyo desde fuera, todo indica que <strong>el PP necesitar\u00e1 del respaldo de Vox y asumir\u00e1 el ideario de la ultraderecha<\/strong>. Ya ocurri\u00f3 en varias comunidades en las anteriores elecciones auton\u00f3micas.<\/p>\n<p>Donde dije digo, digo Diego<\/p>\n<p>Eso es lo que hac\u00eda el presidente al asumir que <strong>\u00abhan incumplido compromisos\u00bb con Junts<\/strong>. Lo dec\u00eda en una entrevista en RTVE. Justo lo contrario que aseguraba en la sesi\u00f3n del control la semana anterior. Entonces al contestar a Mirian Nogueras, afirmaba que el Ejecutivo \u00bb est\u00e1 cumpliendo\u00bb con lo acordado. Pedro S\u00e1nchez reconoce que <strong>el di\u00e1logo con Junts \u00abahora mismo est\u00e1 roto totalmente\u00bb<\/strong>. Pero sigue insistiendo en que las elecciones ser\u00e1n en 2027.<\/p>\n<p>Para intentar darle la vuelta, el primer gesto del Ejecutivo ha sido <strong>aprobar medidas exigidas por los neoconvergentes<\/strong>. Pero parece que llegan tarde y son insuficientes. Y es que la respuesta de la portavoz de Junts en el Congreso ha sido: <strong>\u00abHemos roto y est\u00e1 roto de verdad\u00bb.<\/strong> Eso s\u00ed, dejaba una rendija abierta a <strong>retomar el di\u00e1logo<\/strong> con condiciones. Y eso es as\u00ed al creer los de Puigdemont haber conseguido lo que quer\u00edan: <strong>doblegar al presidente en un momento de debilidad <\/strong>en el que le salpican los esc\u00e1ndalos de su partido.<\/p>\n<p>En este contexto el l\u00edder del PP, <strong>Alberto N\u00fa\u00f1ez Feij\u00f3o, reprochaba a Pedro S\u00e1nchez estar \u00abperdiendo la dignidad como presidente del Gobierno\u00bb<\/strong> por implorar a los independentistas que no bloqueen la legislatura. Olvidaba Feij\u00f3o que muy pocos d\u00edas antes <strong>tambi\u00e9n \u00e9l imploraba<\/strong>, por usar sus palabras, <strong><a href=\"https:\/\/www.rtve.es\/play\/videos\/telediario-1\/feijoo-pide-empresarios-catalanes-convenzan-junts-para-facilitar-mocion-censura\/16836707\/\" rel=\"nofollow noopener\" target=\"_blank\">al empresariado catal\u00e1n<\/a><\/strong> que convenza a Junts e incluso a ERC para que apoyen una moci\u00f3n de censura contra S\u00e1nchez. Que le apoyen en una moci\u00f3n aquellos a los que el l\u00edder del PP ha acusado de querer romper Espa\u00f1a. Otro \u00abdonde dije digo, digo Diego\u00bb.<\/p>\n<p>Lo cierto es que, hoy por hoy, hay quien susurra, entre los socios del Gobierno, que<strong> el presidente se puede empe\u00f1ar en seguir hasta el 27<\/strong>, que tiene la potestad constitucional para hacerlo, pero que ser\u00eda una legislatura aletargada en las actuales condiciones. Pero Pedro Sanchez se mantiene en sus trece hasta la fecha.<\/p>\n<p>\u00c1balos resulta ser, en parte, un gran desconocido para S\u00e1nchez<\/p>\n<p>Otro titular del presidente del Gobierno: \u00c1balos \u00abera un gran desconocido\u00bb desde el punto de vista personal. Que S\u00e1nchez asegure<strong> que\u00bbdesconoc\u00eda esas facetas suyas\u00bb, resulta chocante<\/strong>. Como m\u00ednimo, alguien del equipo deb\u00eda saber y call\u00f3 lo de su \u00abvida disoluta\u00bb.<\/p>\n<p>Seg\u00fan <strong>Carmen Calvo<\/strong>, en cuanto ella se enter\u00f3 de esos desmanes en la vida privada del exsecretario de organizaci\u00f3n,<strong> \u00ablo traslad\u00f3\u00bb<\/strong>. Dejaba entrever la ex vicepresidenta del Gobierno, en la SER, que se lo traslad\u00f3 al presidente y que muy poco despu\u00e9s Pedro S\u00e1nchez <strong>ces\u00f3 a Abalos<\/strong> como ministro y como Secretario de Organizaci\u00f3n. <\/p>\n<p>Eso s\u00ed, a\u00f1ad\u00eda la ahora presidenta del Consejo de Estado que<strong> sobre la corrupci\u00f3n no ten\u00edan ni idea<\/strong> en aquel momento, que para todos fue una sorpresa cuando salt\u00f3 el esc\u00e1ndalo.<\/p>\n<p>S\u00e1nchez dice que no aceptar\u00e1 chantajes<\/p>\n<p>En la misma entrevista en RTVE, el presidente advert\u00eda a su exsecretario de Organizaci\u00f3n y tambi\u00e9n al PP que no va a aceptar chantajes. Y parec\u00eda firme y convencido. A\u00f1ad\u00eda tambi\u00e9n sobre \u00c1balos que<strong> \u00abtodo lo que est\u00e1 diciendo es mentira\u00bb.<\/strong><\/p>\n<p>Se refer\u00eda a <strong>las \u00abexclusivas period\u00edsticas\u00bb que dej\u00f3 enlatadas \u00c1balos por si iba a la c\u00e1rcel<\/strong>. Supuestas informaciones que est\u00e1 dosificando el exdirigente socialista a su conveniencia y siempre en medios de comunicaci\u00f3n muy cr\u00edticos con el Gobierno<\/p>\n<p>La agenda de la semana<\/p>\n<p>En la agenda de la semana, <strong>el PP convoca en el Senado a Santos Cerd\u00e1n<\/strong> y se\u00f1ora y, en el <strong>Congreso<\/strong>, los socialistas citan a los populares en la comisi\u00f3n sobre la <strong>dana<\/strong>. M\u00e1s parece un partido de pin pon que una investigaci\u00f3n parlamentaria seria.<\/p>\n","protected":false},"excerpt":{"rendered":"Pedro S\u00e1nchez asegura que asume en \u00abprimera persona\u00bb como Secretario General del PSOE los \u00aberrores\u00bb cometidos con las&hellip;\n","protected":false},"author":2,"featured_media":276932,"comment_status":"","ping_status":"","sticky":false,"template":"","format":"standard","meta":{"footnotes":""},"categories":[5],"tags":[17,18,25,24,13,14,11,19,20,9,10,15,16,23,12,21,22],"class_list":{"0":"post-276931","1":"post","2":"type-post","3":"status-publish","4":"format-standard","5":"has-post-thumbnail","7":"category-titulares","8":"tag-breaking-news","9":"tag-breakingnews","10":"tag-es","11":"tag-espana","12":"tag-featured-news","13":"tag-featurednews","14":"tag-headlines","15":"tag-latest-news","16":"tag-latestnews","17":"tag-news","18":"tag-noticias","19":"tag-noticias-destacadas","20":"tag-noticiasdestacadas","21":"tag-spain","22":"tag-titulares","23":"tag-ultimas-noticias","24":"tag-ultimasnoticias"},"share_on_mastodon":{"url":"https:\/\/pubeurope.com\/@es\/115681685840266593","error":""},"_links":{"self":[{"href":"https:\/\/www.europesays.com\/es\/wp-json\/wp\/v2\/posts\/276931","targetHints":{"allow":["GET"]}}],"collection":[{"href":"https:\/\/www.europesays.com\/es\/wp-json\/wp\/v2\/posts"}],"about":[{"href":"https:\/\/www.europesays.com\/es\/wp-json\/wp\/v2\/types\/post"}],"author":[{"embeddable":true,"href":"https:\/\/www.europesays.com\/es\/wp-json\/wp\/v2\/users\/2"}],"replies":[{"embeddable":true,"href":"https:\/\/www.europesays.com\/es\/wp-json\/wp\/v2\/comments?post=276931"}],"version-history":[{"count":0,"href":"https:\/\/www.europesays.com\/es\/wp-json\/wp\/v2\/posts\/276931\/revisions"}],"wp:featuredmedia":[{"embeddable":true,"href":"https:\/\/www.europesays.com\/es\/wp-json\/wp\/v2\/media\/276932"}],"wp:attachment":[{"href":"https:\/\/www.europesays.com\/es\/wp-json\/wp\/v2\/media?parent=276931"}],"wp:term":[{"taxonomy":"category","embeddable":true,"href":"https:\/\/www.europesays.com\/es\/wp-json\/wp\/v2\/categories?post=276931"},{"taxonomy":"post_tag","embeddable":true,"href":"https:\/\/www.europesays.com\/es\/wp-json\/wp\/v2\/tags?post=276931"}],"curies":[{"name":"wp","href":"https:\/\/api.w.org\/{rel}","templated":true}]}}