{"id":276951,"date":"2025-12-08T03:10:20","date_gmt":"2025-12-08T03:10:20","guid":{"rendered":"https:\/\/www.europesays.com\/es\/276951\/"},"modified":"2025-12-08T03:10:20","modified_gmt":"2025-12-08T03:10:20","slug":"en-reino-unido-hablan-del-nuevo-disco-de-rosalia-como-casi-nadie-lo-habia-hecho-hasta-el-momento","status":"publish","type":"post","link":"https:\/\/www.europesays.com\/es\/276951\/","title":{"rendered":"En Reino Unido hablan del nuevo disco de Rosal\u00eda como casi nadie lo hab\u00eda hecho hasta el momento"},"content":{"rendered":"<p>El <a href=\"https:\/\/www.huffingtonpost.es\/life\/cultura\/rosalia-anuncia-fechas-lux-tour-son-paradas-madrid-barcelona.html\" rel=\"nofollow noopener\" target=\"_blank\">nuevo disco de la cantante Rosal\u00eda<\/a>, Lux, ha dado la vuelta al mundo. En rasgos generales, la cr\u00edtica internacional se ha deshecho en halagos por su nuevo trabajo. Pero desde Reino Unido, este mismo s\u00e1bado, en <a href=\"https:\/\/www.telegraph.co.uk\/music\/classical-music\/rosalias-classical-album-lux-is-anything-but-a-masterpiece\/\" target=\"_blank\" rel=\"nofollow noopener\">The Telegraph<\/a>\u00a0han hecho un an\u00e1lisis que va a traer cola en Espa\u00f1a.<\/p>\n<p>Iv\u00e1n Hewett, cr\u00edtico de m\u00fasica cl\u00e1sica, ha publicado un art\u00edculo de opini\u00f3n en el que ha dejado claro qu\u00e9 le parecen algunos comentarios sobre<a href=\"https:\/\/www.huffingtonpost.es\/life\/cultura\/carminho-sobre-colaboracion-rosalia-canciones-muchas-enamoramientos-colaboraciones-encuentros-asi.html\" rel=\"nofollow noopener\" target=\"_blank\"> el nuevo \u00e1lbum de la artista espa\u00f1ola<\/a>. \u00ab<b>La estrella del pop Rosal\u00eda supuestamente ha hecho un gran \u00e1lbum de m\u00fasica cl\u00e1sica. No es as\u00ed<\/b>\u00ab, ha se\u00f1alado.<\/p>\n<p>Despu\u00e9s de hacerse eco de lo que han dicho otros medios, hablando de &#8216;<a href=\"https:\/\/www.huffingtonpost.es\/life\/el-legendario-compositor-andrew-lloyd-webber-escucha-quinta-vez-nuevo-disco-rosalia-habla-asi-trabajo.html\" rel=\"nofollow noopener\" target=\"_blank\">obra maestra<\/a>&#8216;, ha asegurado que hay quien cree que el \u00abel cuarto \u00e1lbum de la cantautora catalana\u00a0acercar\u00e1 a la Generaci\u00f3n Z a la m\u00fasica cl\u00e1sica\u00bb. \u00ab<b>Sin duda, la opini\u00f3n m\u00e1s extra\u00f1a sobre m\u00fasica que he escuchado en todo el a\u00f1o<\/b>\u00ab, ha defendido.<\/p>\n<p>\u00abSin duda, este \u00e1lbum tiene el poder de fre\u00edr la mente de la gente, adem\u00e1s de embelesarla. Este tipo de elogio desbordante no se puede explicar simplemente por la voz, que<b> es realmente notable, ni por la producci\u00f3n, que es sutil e imaginativa<\/b>\u00ab, ha asegurado.<\/p>\n<p>El cr\u00edtico de m\u00fasica cl\u00e1sica del medio brit\u00e1nico ha reconocido que hay algo en \u00e9l que \u00abtoca una fibra cultural\u00bb. \u00abComo dec\u00edan los j\u00f3venes, es realmente un esp\u00edritu de la \u00e9poca. Por desgracia, detesto gran parte de \u00e9l\u00bb, ha a\u00f1adido.<\/p>\n<p>\u00abRosal\u00eda apela a la antigua idea de que el \u00e9xtasis del erotismo y el \u00e9xtasis de la espiritualidad est\u00e1n a solo un pelo de distancia (una idea tambi\u00e9n se\u00f1alada por la portada del \u00e1lbum, que la ve con una toca de monja)\u00bb, ha detallado, antes de razonar que la imagen \u00ab<b>se ve confirmada por su estilo vocal, que tiende hacia una fragilidad tr\u00e9mula<\/b>\u00ab.<\/p>\n<p>Desde The Telegraph\u00a0ha defendido que <a href=\"https:\/\/www.huffingtonpost.es\/life\/cultura\/berghain-lux-rosalia-desata-locura-publicando-dos-claves-proximo-disco.html\" rel=\"nofollow noopener\" target=\"_blank\">su sexta canci\u00f3n, Berghain<\/a>, \u00abcomienza\u00a0con una explosi\u00f3n de furiosa energ\u00eda barroca de una orquesta de cuerdas que suena como una cita de alg\u00fan concierto grosso perdido de Vivaldi, solo que hay algo inquietante en ello: los motivos repetidos y martillados de los violines s<b>on demasiado r\u00e1pidos para ser interpretados por dedos humanos<\/b>\u00ab.\u00a0<\/p>\n<p>\u00abSuena\u00a0sorprendentemente v\u00edvido, pero tambi\u00e9n an\u00f3nimo, <b>como si se le hubiera pedido a un programa de generaci\u00f3n musical de IA que compusiera una imitaci\u00f3n del concierto barroco<\/b>\u00ab, ha definido.<\/p>\n<p>\u00abUna vez que las peque\u00f1as explosiones de m\u00fasica cl\u00e1sica han cumplido su prop\u00f3sito, la orquesta de cuerdas, el violonchelo o la flauta son r\u00e1pidamente desterrados. <b>No es &#8216;m\u00fasica cl\u00e1sica&#8217; propiamente dicha: es una breve evocaci\u00f3n de la idea de la m\u00fasica cl\u00e1sica<\/b>\u00ab, ha justificado.<\/p>\n<p>Al final de su cr\u00edtica, Iv\u00e1n Hewett ha terminado apelando a que si Lux es una puerta de entrada para los j\u00f3venes a un g\u00e9nero musical, ese ser\u00eda al flamenco. Para ser m\u00fasica cl\u00e1sica tiene que ser aut\u00e9ntica, \u00abescuchado\u00a0en la sala de conciertos o con auriculares, y sobre todo trabajado, al teclado, tocando el clarinete, cantando en el coro\u00bb.<\/p>\n","protected":false},"excerpt":{"rendered":"El nuevo disco de la cantante Rosal\u00eda, Lux, ha dado la vuelta al mundo. En rasgos generales, la&hellip;\n","protected":false},"author":2,"featured_media":276952,"comment_status":"","ping_status":"","sticky":false,"template":"","format":"standard","meta":{"footnotes":""},"categories":[91],"tags":[146,147,25,24,2444,4147,23,51370],"class_list":{"0":"post-276951","1":"post","2":"type-post","3":"status-publish","4":"format-standard","5":"has-post-thumbnail","7":"category-entretenimiento","8":"tag-entertainment","9":"tag-entretenimiento","10":"tag-es","11":"tag-espana","12":"tag-reino-unido","13":"tag-rosalia","14":"tag-spain","15":"tag-the-telegraph"},"share_on_mastodon":{"url":"https:\/\/pubeurope.com\/@es\/115681756693834208","error":""},"_links":{"self":[{"href":"https:\/\/www.europesays.com\/es\/wp-json\/wp\/v2\/posts\/276951","targetHints":{"allow":["GET"]}}],"collection":[{"href":"https:\/\/www.europesays.com\/es\/wp-json\/wp\/v2\/posts"}],"about":[{"href":"https:\/\/www.europesays.com\/es\/wp-json\/wp\/v2\/types\/post"}],"author":[{"embeddable":true,"href":"https:\/\/www.europesays.com\/es\/wp-json\/wp\/v2\/users\/2"}],"replies":[{"embeddable":true,"href":"https:\/\/www.europesays.com\/es\/wp-json\/wp\/v2\/comments?post=276951"}],"version-history":[{"count":0,"href":"https:\/\/www.europesays.com\/es\/wp-json\/wp\/v2\/posts\/276951\/revisions"}],"wp:featuredmedia":[{"embeddable":true,"href":"https:\/\/www.europesays.com\/es\/wp-json\/wp\/v2\/media\/276952"}],"wp:attachment":[{"href":"https:\/\/www.europesays.com\/es\/wp-json\/wp\/v2\/media?parent=276951"}],"wp:term":[{"taxonomy":"category","embeddable":true,"href":"https:\/\/www.europesays.com\/es\/wp-json\/wp\/v2\/categories?post=276951"},{"taxonomy":"post_tag","embeddable":true,"href":"https:\/\/www.europesays.com\/es\/wp-json\/wp\/v2\/tags?post=276951"}],"curies":[{"name":"wp","href":"https:\/\/api.w.org\/{rel}","templated":true}]}}