{"id":276964,"date":"2025-12-08T03:23:11","date_gmt":"2025-12-08T03:23:11","guid":{"rendered":"https:\/\/www.europesays.com\/es\/276964\/"},"modified":"2025-12-08T03:23:11","modified_gmt":"2025-12-08T03:23:11","slug":"perfumerias-avenida-quinto-en-la-liga-femenina","status":"publish","type":"post","link":"https:\/\/www.europesays.com\/es\/276964\/","title":{"rendered":"Perfumer\u00edas Avenida, quinto en la Liga Femenina"},"content":{"rendered":"<p class=\"paragraph-atom &#10;        A-500-300-700-N A-550-300-700-N--md  \">Diez jornadas han transcurrido en la Liga Femenina y Perfumer\u00edas Avenida marcha quinto con un bagaje de seis victorias y cuatro derrotas. Las de Anna Monta\u00f1ana tienen a una sola victoria a IDK, pero ve c\u00f3mo se alejan Zaragoza, Girona y Valencia Basket.<\/p>\n<p class=\"paragraph-atom &#10;        A-500-300-700-N A-550-300-700-N--md  \">Ahora, el equipo salmantino pone su foco en el duelo de ida de la Eurocup en tierras turcas ante EMLAK. El choque se disputar\u00e1 el jueves por la tarde.<\/p>\n<p class=\"paragraph-atom &#10;        A-500-300-700-N A-550-300-700-N--md  \">En competici\u00f3n liguera, Perfumer\u00edas Avenida jugar\u00e1 el pr\u00f3ximo domingo en el pabell\u00f3n de W\u00fcrzburg Silvia Dom\u00ednguez. A las 12 horas, las charras se ver\u00e1n las caras contra Joventut.<\/p>\n","protected":false},"excerpt":{"rendered":"Diez jornadas han transcurrido en la Liga Femenina y Perfumer\u00edas Avenida marcha quinto con un bagaje de seis&hellip;\n","protected":false},"author":2,"featured_media":276965,"comment_status":"","ping_status":"","sticky":false,"template":"","format":"standard","meta":{"footnotes":""},"categories":[269],"tags":[14092,299,298,168,25,24,5152,1044,14091,6076,23,167],"class_list":{"0":"post-276964","1":"post","2":"type-post","3":"status-publish","4":"format-standard","5":"has-post-thumbnail","7":"category-baloncesto","8":"tag-avenida","9":"tag-baloncesto","10":"tag-basketball","11":"tag-deportes","12":"tag-es","13":"tag-espana","14":"tag-femenina","15":"tag-liga","16":"tag-perfumerias","17":"tag-quinto","18":"tag-spain","19":"tag-sports"},"share_on_mastodon":{"url":"https:\/\/pubeurope.com\/@es\/115681807915090021","error":""},"_links":{"self":[{"href":"https:\/\/www.europesays.com\/es\/wp-json\/wp\/v2\/posts\/276964","targetHints":{"allow":["GET"]}}],"collection":[{"href":"https:\/\/www.europesays.com\/es\/wp-json\/wp\/v2\/posts"}],"about":[{"href":"https:\/\/www.europesays.com\/es\/wp-json\/wp\/v2\/types\/post"}],"author":[{"embeddable":true,"href":"https:\/\/www.europesays.com\/es\/wp-json\/wp\/v2\/users\/2"}],"replies":[{"embeddable":true,"href":"https:\/\/www.europesays.com\/es\/wp-json\/wp\/v2\/comments?post=276964"}],"version-history":[{"count":0,"href":"https:\/\/www.europesays.com\/es\/wp-json\/wp\/v2\/posts\/276964\/revisions"}],"wp:featuredmedia":[{"embeddable":true,"href":"https:\/\/www.europesays.com\/es\/wp-json\/wp\/v2\/media\/276965"}],"wp:attachment":[{"href":"https:\/\/www.europesays.com\/es\/wp-json\/wp\/v2\/media?parent=276964"}],"wp:term":[{"taxonomy":"category","embeddable":true,"href":"https:\/\/www.europesays.com\/es\/wp-json\/wp\/v2\/categories?post=276964"},{"taxonomy":"post_tag","embeddable":true,"href":"https:\/\/www.europesays.com\/es\/wp-json\/wp\/v2\/tags?post=276964"}],"curies":[{"name":"wp","href":"https:\/\/api.w.org\/{rel}","templated":true}]}}