{"id":276968,"date":"2025-12-08T03:25:11","date_gmt":"2025-12-08T03:25:11","guid":{"rendered":"https:\/\/www.europesays.com\/es\/276968\/"},"modified":"2025-12-08T03:25:11","modified_gmt":"2025-12-08T03:25:11","slug":"la-encrucijada-de-antonio-tejado-y-maria-del-monte-mucho-mas-que-un-juicio","status":"publish","type":"post","link":"https:\/\/www.europesays.com\/es\/276968\/","title":{"rendered":"La encrucijada de Antonio Tejado y Mar\u00eda del Monte: mucho m\u00e1s que un juicio"},"content":{"rendered":"<p><img fetchpriority=\"high\" class=\"v-a-img\" src=\"https:\/\/www.europesays.com\/es\/wp-content\/uploads\/2025\/12\/antonio-tejado-maria-del-monte (1)-kxDF-U240483963607IcB-1200x840@El Comercio.jpg\" loading=\"eager\" decoding=\"async\" alt=\"La encrucijada de Antonio Tejado y Mar\u00eda del Monte: mucho m\u00e1s que un juicio\"  width=\"1200\" height=\"840\"\/><\/p>\n<p>Inmaculada Casal, pareja de la artista, ha explicado c\u00f3mo viven el procedimiento tras el violento asalto a su casa, donde se considera al sobrino de la cantante el autor intelectual<\/p>\n<p class=\"v-mdl-ath__p v-mdl-ath__p--6\">\nDomingo, 7 de diciembre 2025, 21:03<\/p>\n<p>| Actualizado 21:28h.<\/p>\n<p class=\"v-p\">Hace ya dos a\u00f1os que <a href=\"https:\/\/www.elcomercio.es\/gente-estilo\/maria-monte-destrozada-presunta-implicacion-sobrino-antonio-20240211132219-ntrc.html\" title=\"www.elcomercio.es\" data-voc-vtm-id=\"in-text-traffic\" data-mrf-link=\"www.elcomercio.es\" rel=\"nofollow noopener\" target=\"_blank\">Mar\u00eda del Monte vivi\u00f3 un infierno en su propia casa<\/a>. La amordazaron, la amenazaron y la golpearon. A ella y a su pareja. <a href=\"https:\/\/www.elcomercio.es\/gente-estilo\/antonio-tejado-carcel-robo-casa-maria-monte-errores-20240217100108-nt.html\" title=\"www.elcomercio.es\" data-voc-vtm-id=\"in-text-traffic\" data-mrf-link=\"www.elcomercio.es\" rel=\"nofollow noopener\" target=\"_blank\">Era un robo; joyas, obras de arte, dinero en met\u00e1lico<\/a>&#8230; Lo que no sab\u00eda la cantante es que el golpe ser\u00eda a\u00fan m\u00e1s duro al anterarse de que su propio sobrino estaba all\u00ed en el ajo, tejiendo los hilos de una operaci\u00f3n en una vivienda que conoc\u00eda a la perfecci\u00f3n. Sab\u00eda d\u00f3nde hab\u00eda que buscar y qu\u00e9 puertas de la casa abrir. <\/p>\n<p class=\"v-p\">Pero sus planes tras el asalto se vinieron abajo; acab\u00f3 detenido y<a href=\"https:\/\/www.elcomercio.es\/gente-estilo\/libertad-fianza-antonio-tejado-20240520124406-ntrc.html\" title=\"www.elcomercio.es\" data-voc-vtm-id=\"in-text-traffic\" data-mrf-link=\"www.elcomercio.es\" rel=\"nofollow noopener\" target=\"_blank\"> en prisi\u00f3n un tiempo<\/a>. Mientras, su propia t\u00eda viv\u00eda discretamente un calvario al ver que alguien de su m\u00e1s \u00edntimo c\u00edrculo, sangre de su sangre, le hab\u00eda traicionado de esa manera. Ahora sus caminos tendr\u00e1n que volver a cruzarse para enfrentarse al juicio por estos hechos, donde a Tejado le piden hasta 30 a\u00f1os de c\u00e1rcel por parte de la Fiscal\u00eda y <a href=\"https:\/\/www.elcomercio.es\/gente-estilo\/maria-monte-pide-anos-carcel-sobrino-antonio-20250908134644-ntrc.html\" title=\"www.elcomercio.es\" data-voc-vtm-id=\"in-text-traffic\" data-mrf-link=\"www.elcomercio.es\" rel=\"nofollow noopener\" target=\"_blank\">28 por parte de la acusaci\u00f3n particular que ejerce la propia artista y su pareja<\/a>. Un juicio que cada vez est\u00e1 m\u00e1s cerca. Seg\u00fan Jorge Mu\u00f1oz, redactor jefe local de &#8216;El diario de Sevilla&#8217;, podr\u00eda ser a finales de 2026 o principios del 27.<\/p>\n<p class=\"v-p\">Inmaculada Casal, pareja de Mar\u00eda del Monte, ha hablado ante los medios reconociendo que est\u00e1n en un momento dif\u00edcil al ver la fecha del juicio m\u00e1s cerca. \u00abBueno, no es algo agradable. No estamos bien, pero bueno, a esperar, que es lo que hay que hacer\u00bb, dec\u00eda.<\/p>\n<p class=\"v-p\">A\u00fan as\u00ed conf\u00edan en \u00abla justicia y en la presunci\u00f3n de inocencia\u00bb a la espera de que se resuelva todo el proceso judicial. <\/p>\n<p class=\"v-p\">Con las fechas navide\u00f1as y las reuniones familiares a la vuelta de la esquina, los recuerdos y las ausencias se hacen notar m\u00e1s. En el caso de Antonio Tejado cabe recordar que hace apenas unas semanas acudi\u00f3 al jugzado para recoger el auto de apertura del juicio oral por el mencionado robo violento en casa de su t\u00eda. Es directamente se\u00f1alado como el autor intelectual del asalto. En ese mismo tr\u00e1mite, el juez le impon\u00eda adem\u00e1s una fianza de 639.000 euros, advirti\u00e9ndole de que, si no pod\u00eda depositarla, se embargar\u00edan sus bienes hasta cubrir dicha cantidad.<\/p>\n<p>Hasta el bol\u00edgrafo con el que firm\u00f3 su primer contrato<\/p>\n<p class=\"v-p\">D\u00edas despu\u00e9s de aquel terrible asalto Mar\u00eda reconoc\u00eda que le causaba \u00abtrauma\u00bb el hecho de que se hubieran llevado \u00abmi vida\u00bb. \u00abCosas que ten\u00edan para m\u00ed un valor important\u00edsimo. Lo que se han llevado han sido 30 a\u00f1os de recuerdos. Las cosas de mi madre, que ah\u00ed s\u00ed me desgarra la vida, y las de mi hermano\u00bb, le contaba a Jaime Cantizano durante su intervenci\u00f3n en el programa &#8216;D\u00faos incre\u00edbles&#8217;. Entre los objetos con mayor valor sentimental, unos pendientes que le regal\u00f3 su padre o el bol\u00edgrafo con el que firm\u00f3 su primer contrato.<\/p>\n<p>Reporta un error<\/p>\n","protected":false},"excerpt":{"rendered":"Inmaculada Casal, pareja de la artista, ha explicado c\u00f3mo viven el procedimiento tras el violento asalto a su&hellip;\n","protected":false},"author":2,"featured_media":276969,"comment_status":"","ping_status":"","sticky":false,"template":"","format":"standard","meta":{"footnotes":""},"categories":[174],"tags":[1247,255,22651,146,147,25,24,256,5541,1932,12893,23,26708],"class_list":{"0":"post-276968","1":"post","2":"type-post","3":"status-publish","4":"format-standard","5":"has-post-thumbnail","7":"category-famosos","8":"tag-antonio","9":"tag-celebrities","10":"tag-encrucijada","11":"tag-entertainment","12":"tag-entretenimiento","13":"tag-es","14":"tag-espana","15":"tag-famosos","16":"tag-juicio","17":"tag-maria","18":"tag-monte","19":"tag-spain","20":"tag-tejado"},"share_on_mastodon":{"url":"https:\/\/pubeurope.com\/@es\/115681816117115023","error":""},"_links":{"self":[{"href":"https:\/\/www.europesays.com\/es\/wp-json\/wp\/v2\/posts\/276968","targetHints":{"allow":["GET"]}}],"collection":[{"href":"https:\/\/www.europesays.com\/es\/wp-json\/wp\/v2\/posts"}],"about":[{"href":"https:\/\/www.europesays.com\/es\/wp-json\/wp\/v2\/types\/post"}],"author":[{"embeddable":true,"href":"https:\/\/www.europesays.com\/es\/wp-json\/wp\/v2\/users\/2"}],"replies":[{"embeddable":true,"href":"https:\/\/www.europesays.com\/es\/wp-json\/wp\/v2\/comments?post=276968"}],"version-history":[{"count":0,"href":"https:\/\/www.europesays.com\/es\/wp-json\/wp\/v2\/posts\/276968\/revisions"}],"wp:featuredmedia":[{"embeddable":true,"href":"https:\/\/www.europesays.com\/es\/wp-json\/wp\/v2\/media\/276969"}],"wp:attachment":[{"href":"https:\/\/www.europesays.com\/es\/wp-json\/wp\/v2\/media?parent=276968"}],"wp:term":[{"taxonomy":"category","embeddable":true,"href":"https:\/\/www.europesays.com\/es\/wp-json\/wp\/v2\/categories?post=276968"},{"taxonomy":"post_tag","embeddable":true,"href":"https:\/\/www.europesays.com\/es\/wp-json\/wp\/v2\/tags?post=276968"}],"curies":[{"name":"wp","href":"https:\/\/api.w.org\/{rel}","templated":true}]}}