{"id":276974,"date":"2025-12-08T03:30:54","date_gmt":"2025-12-08T03:30:54","guid":{"rendered":"https:\/\/www.europesays.com\/es\/276974\/"},"modified":"2025-12-08T03:30:54","modified_gmt":"2025-12-08T03:30:54","slug":"scarlett-johansson-esta-muy-cerca-de-fichar-por-the-batman-part-ii-y-cruzar-de-marvel-a-dc","status":"publish","type":"post","link":"https:\/\/www.europesays.com\/es\/276974\/","title":{"rendered":"Scarlett Johansson est\u00e1 muy cerca de fichar por &#8216;The Batman: Part II&#8217; y cruzar de Marvel a DC"},"content":{"rendered":"<p>La Viuda Negra ha sido una de las caras visibles de Marvel desde pr\u00e1cticamente sus inicios, <strong>ella fue la primera Vengadora en la gran pantalla<\/strong> y su arco dram\u00e1tico es uno de los m\u00e1s recordados de los fans hasta su tr\u00e1gico final. Pero ahora <a href=\"https:\/\/www.ecartelera.com\/personas\/scarlett-johansson\/\" data-mention-type=\"persona\" data-mention-id=\"555\" rel=\"nofollow noopener\" target=\"_blank\">Scarlett Johansson<\/a>, quien le ha dado voz y cuerpo durante 11 a\u00f1os, desde &#8216;<a href=\"https:\/\/www.ecartelera.com\/peliculas\/iron-man-2\/\" data-mention-type=\"pelicula\" data-mention-id=\"3120\" rel=\"nofollow noopener\" target=\"_blank\">Iron Man 2<\/a>&#8216; hasta &#8216;<a href=\"https:\/\/www.ecartelera.com\/peliculas\/vengadores-endgame\/\" data-mention-type=\"pelicula\" data-mention-id=\"8902\" rel=\"nofollow noopener\" target=\"_blank\">Vengadores: Endgame<\/a>&#8216;, <strong>est\u00e1 muy cerca de pasarse a la competencia en DC<\/strong>.<\/p>\n<p>Tr\u00e1iler espa\u00f1ol &#8216;The Batman&#8217; #3<\/p>\n<p><video id=\"vid-30048\" class=\"video-js vjs-default-skin\" data-title=\"Tr\u00e1iler espa\u00f1ol 'The Batman' #3\" poster=\"https:\/\/www.ecartelera.com\/images\/videos\/30000\/f30048.jpg\" controls=\"\" preload=\"auto\" width=\"640\" height=\"360\" playsinline=\"\" data-vtt=\"\/\/v1.ecartelera.com\/video\/30000\/30048_sprite.vtt\" data-stream=\"1\">El navegador no soporta el tag de v\u00eddeo.<\/video><\/p>\n<p>X<\/p>\n<p>Johansson podr\u00eda estar a punto de cruzar de un universo cinematogr\u00e1fico a otro. Tras casi diez a\u00f1os interpretando a la Viuda Negra en el UCM, <strong>la actriz se perfila ahora para unirse a la saga de &#8216;<a href=\"https:\/\/www.ecartelera.com\/peliculas\/the-batman\/\" data-mention-type=\"pelicula\" data-mention-id=\"11185\" rel=\"nofollow noopener\" target=\"_blank\">The Batman<\/a>&#8216;<\/strong>. Seg\u00fan fuentes consultadas por <a href=\"https:\/\/deadline.com\/2025\/12\/scarlett-johansson-the-batman-part-ii-cast-1236634721\/\" target=\"_blank\" rel=\"nofollow noopener\">Deadline<\/a>, la nominada al \u00d3scar <strong>se encuentra en negociaciones avanzadas con DC Studios y con el director <a href=\"https:\/\/www.ecartelera.com\/personas\/matt-reeves\/\" data-mention-type=\"persona\" data-mention-id=\"219\" rel=\"nofollow noopener\" target=\"_blank\">Matt Reeves<\/a><\/strong> para asumir uno de los nuevos personajes de &#8216;<a href=\"https:\/\/www.ecartelera.com\/peliculas\/the-batman-2\/\" data-mention-type=\"pelicula\" data-mention-id=\"17705\" rel=\"nofollow noopener\" target=\"_blank\">The Batman: Part II<\/a>&#8216;.<\/p>\n<p>En caso de cerrarse el acuerdo, <strong>compartir\u00e1 pantalla con <a href=\"https:\/\/www.ecartelera.com\/personas\/robert-pattinson\/\" data-mention-type=\"persona\" data-mention-id=\"1892\" rel=\"nofollow noopener\" target=\"_blank\">Robert Pattinson<\/a><\/strong>, quien volver\u00e1 a encarnar al Caballero Oscuro en esta secuela escrita y dirigida nuevamente por Reeves. DC Studios, por el momento, no ha hecho comentarios al respecto. Con su etapa en Marvel concluida, <strong>Johansson se ha centrado en impulsar varias franquicias como<\/strong> &#8216;<a href=\"https:\/\/www.ecartelera.com\/peliculas\/jurassic-world-4\/\" data-mention-type=\"pelicula\" data-mention-id=\"9159\" rel=\"nofollow noopener\" target=\"_blank\">Jurassic World: El renacer<\/a>&#8216;, que lleg\u00f3 a los cines en julio y logr\u00f3 868 millones de d\u00f3lares en taquilla mundial.<\/p>\n<p>\t\t\t\t\t\t\t<img decoding=\"async\" loading=\"lazy\" src=\"https:\/\/www.europesays.com\/es\/wp-content\/uploads\/2025\/12\/248656_jurassic-world-rebirth-makes-scarlett-johansson-the-highest4381png.jpg\" alt=\"Scarlett Johansson en 'Jurassic World: El renacer'\" width=\"1200\" height=\"675\"\/><\/p>\n<p>\t\t\t\t\t\tScarlett Johansson en &#8216;Jurassic World: El renacer&#8217; (Universal Pictures)<\/p>\n<p><strong>Recientemente se confirm\u00f3 su participaci\u00f3n como protagonista en una nueva pel\u00edcula de &#8216;The Exorcist&#8217; para Blumhouse,<\/strong> dirigida por <a href=\"https:\/\/www.ecartelera.com\/personas\/mike-flanagan\/\" data-mention-type=\"persona\" data-mention-id=\"8806\" rel=\"nofollow noopener\" target=\"_blank\">Mike Flanagan<\/a>. Entonces ya se se\u00f1alaba que su equipo estaba trabajando para <strong>compatibilizar ambos proyectos<\/strong>, algo que ya se habr\u00eda solucionado. En cuanto a \u2018The Batman: Part II\u2019, <strong>los detalles argumentales se mantienen en secreto y tampoco se ha revelado qu\u00e9 papel interpretar\u00eda Johansson<\/strong>.<\/p>\n<p>La actriz <strong>tambi\u00e9n debut\u00f3 como directora con<\/strong> &#8216;<a href=\"https:\/\/www.ecartelera.com\/peliculas\/eleanor-the-great\/\" data-mention-type=\"pelicula\" data-mention-id=\"19642\" rel=\"nofollow noopener\" target=\"_blank\">Eleanor the Great<\/a>&#8216;, drama distribuido por Sony Pictures Classics que tuvo su premiere mundial en el Festival de Cannes. <strong>Su pr\u00f3ximo trabajo en pantalla ser\u00e1<\/strong> \u2018Paper Tiger&#8217;, dirigida por <a href=\"https:\/\/www.ecartelera.com\/personas\/james-gray\/\" data-mention-type=\"persona\" data-mention-id=\"820\" rel=\"nofollow noopener\" target=\"_blank\">James Gray<\/a> y coprotagonizada por <a href=\"https:\/\/www.ecartelera.com\/personas\/miles-teller\/\" data-mention-type=\"persona\" data-mention-id=\"4181\" rel=\"nofollow noopener\" target=\"_blank\">Miles Teller<\/a> y <a href=\"https:\/\/www.ecartelera.com\/personas\/adam-driver\/\" data-mention-type=\"persona\" data-mention-id=\"7016\" rel=\"nofollow noopener\" target=\"_blank\">Adam Driver<\/a>.<\/p>\n<p>\t\t\t\t\t\t\t<img decoding=\"async\" loading=\"lazy\" src=\"https:\/\/www.europesays.com\/es\/wp-content\/uploads\/2025\/12\/240038_matt-reeves-ha-terminado-el-guion-de-the-batman-i.jpg\" alt=\"Robert Pattinson es 'The Batman'\" width=\"1200\" height=\"709\"\/><\/p>\n<p>\t\t\t\t\t\tRobert Pattinson es &#8216;The Batman&#8217; (Warner Bros. Pictures)<br \/>\n\t\t\t\t\t\tEl entusiasmo de Colin Farrell<\/p>\n<p>Al entusiasmo por la secuela se suma <a href=\"https:\/\/www.ecartelera.com\/personas\/colin-farrell\/\" data-mention-type=\"persona\" data-mention-id=\"1529\" rel=\"nofollow noopener\" target=\"_blank\">Colin Farrell<\/a>, <strong>quien retomar\u00e1 su papel como The Penguin (El Ping\u00fcino)<\/strong> y recientemente elogi\u00f3 el guion de Reeves. En una entrevista para el podcast \u2018<a href=\"https:\/\/www.youtube.com\/watch?v=QbTO8LGe2bw\" target=\"_blank\" rel=\"nofollow noopener\">Happy Sad Confused<\/a>\u2019, el actor afirm\u00f3 haber compartido muchas impresiones con el director y describi\u00f3 el libreto como \u201c<strong>una obra maestra contempor\u00e1nea del g\u00e9nero<\/strong>\u201d.<\/p>\n<p>Farrell destac\u00f3 su complejidad y profundidad, asegurando que el personaje de Pattinson tiene \u201c<strong>un recorrido maravilloso<\/strong>\u201d que llevar\u00e1 al p\u00fablico a trav\u00e9s de una historia muy rica e inteligente. Concluy\u00f3 que Reeves est\u00e1 preparando \u201c<strong>una pel\u00edcula extraordinaria<\/strong>\u201d, elevando a\u00fan m\u00e1s las expectativas sobre la producci\u00f3n, que comenzar\u00e1 a filmarse en primavera y mantiene su estreno para el <strong>1 de octubre de 2027<\/strong>.<\/p>\n","protected":false},"excerpt":{"rendered":"La Viuda Negra ha sido una de las caras visibles de Marvel desde pr\u00e1cticamente sus inicios, ella fue&hellip;\n","protected":false},"author":2,"featured_media":276975,"comment_status":"","ping_status":"","sticky":false,"template":"","format":"standard","meta":{"footnotes":""},"categories":[169],"tags":[1014,1015,1013,177,1011,146,147,25,24,782,176,1019,1016,175,753,1012,23,1017,1018],"class_list":{"0":"post-276974","1":"post","2":"type-post","3":"status-publish","4":"format-standard","5":"has-post-thumbnail","7":"category-cine","8":"tag-actores","9":"tag-actrices","10":"tag-cartelera","11":"tag-cine","12":"tag-ecartelera","13":"tag-entertainment","14":"tag-entretenimiento","15":"tag-es","16":"tag-espana","17":"tag-estrellas","18":"tag-film","19":"tag-fotogramas","20":"tag-fotos","21":"tag-movies","22":"tag-peliculas","23":"tag-pelis","24":"tag-spain","25":"tag-trailers","26":"tag-videos"},"share_on_mastodon":{"url":"https:\/\/pubeurope.com\/@es\/115681839533664374","error":""},"_links":{"self":[{"href":"https:\/\/www.europesays.com\/es\/wp-json\/wp\/v2\/posts\/276974","targetHints":{"allow":["GET"]}}],"collection":[{"href":"https:\/\/www.europesays.com\/es\/wp-json\/wp\/v2\/posts"}],"about":[{"href":"https:\/\/www.europesays.com\/es\/wp-json\/wp\/v2\/types\/post"}],"author":[{"embeddable":true,"href":"https:\/\/www.europesays.com\/es\/wp-json\/wp\/v2\/users\/2"}],"replies":[{"embeddable":true,"href":"https:\/\/www.europesays.com\/es\/wp-json\/wp\/v2\/comments?post=276974"}],"version-history":[{"count":0,"href":"https:\/\/www.europesays.com\/es\/wp-json\/wp\/v2\/posts\/276974\/revisions"}],"wp:featuredmedia":[{"embeddable":true,"href":"https:\/\/www.europesays.com\/es\/wp-json\/wp\/v2\/media\/276975"}],"wp:attachment":[{"href":"https:\/\/www.europesays.com\/es\/wp-json\/wp\/v2\/media?parent=276974"}],"wp:term":[{"taxonomy":"category","embeddable":true,"href":"https:\/\/www.europesays.com\/es\/wp-json\/wp\/v2\/categories?post=276974"},{"taxonomy":"post_tag","embeddable":true,"href":"https:\/\/www.europesays.com\/es\/wp-json\/wp\/v2\/tags?post=276974"}],"curies":[{"name":"wp","href":"https:\/\/api.w.org\/{rel}","templated":true}]}}