{"id":277009,"date":"2025-12-08T03:59:29","date_gmt":"2025-12-08T03:59:29","guid":{"rendered":"https:\/\/www.europesays.com\/es\/277009\/"},"modified":"2025-12-08T03:59:29","modified_gmt":"2025-12-08T03:59:29","slug":"el-ibex-35-cierra-la-semana-al-alza-impulsado-por-las-buenas-perspectivas-de-crecimiento","status":"publish","type":"post","link":"https:\/\/www.europesays.com\/es\/277009\/","title":{"rendered":"El Ibex 35 Cierra la Semana al Alza Impulsado por las Buenas Perspectivas de Crecimiento"},"content":{"rendered":"<p data-path-to-node=\"2\">La econom\u00eda espa\u00f1ola contin\u00faa mostrando fortaleza a finales de 2025. El principal indicador burs\u00e1til, el <b>Ibex 35<\/b>, ha liderado las ganancias en Europa durante la semana, registrando un avance significativo, con algunas empresas como Inditex manteniendo un s\u00f3lido empuje burs\u00e1til.<\/p>\n<p data-path-to-node=\"3\">Las \u00faltimas previsiones de organismos como la OCDE y BBVA Research sit\u00faan a Espa\u00f1a como la <b>gran econom\u00eda avanzada con mayor crecimiento<\/b> proyectado para 2026, con tasas de expansi\u00f3n que superan el 2% gracias a la solidez del mercado laboral y una mayor demanda interna.<\/p>\n<p data-path-to-node=\"4\">No obstante, persisten desaf\u00edos como el <b>alto coste de la vivienda<\/b>, cuyo precio sigue creciendo a un ritmo elevado, y la <b>incertidumbre sobre la sostenibilidad del sistema de pensiones<\/b> y la escalada de la inflaci\u00f3n en algunos componentes de la cesta de la compra.<\/p>\n","protected":false},"excerpt":{"rendered":"La econom\u00eda espa\u00f1ola contin\u00faa mostrando fortaleza a finales de 2025. El principal indicador burs\u00e1til, el Ibex 35, ha&hellip;\n","protected":false},"author":2,"featured_media":277010,"comment_status":"","ping_status":"","sticky":false,"template":"","format":"standard","meta":{"footnotes":""},"categories":[80],"tags":[82,95,94,25,24,3501,23],"class_list":{"0":"post-277009","1":"post","2":"type-post","3":"status-publish","4":"format-standard","5":"has-post-thumbnail","7":"category-economia","8":"tag-business","9":"tag-economia","10":"tag-economy","11":"tag-es","12":"tag-espana","13":"tag-ibex-35","14":"tag-spain"},"share_on_mastodon":{"url":"https:\/\/pubeurope.com\/@es\/115681950337266992","error":""},"_links":{"self":[{"href":"https:\/\/www.europesays.com\/es\/wp-json\/wp\/v2\/posts\/277009","targetHints":{"allow":["GET"]}}],"collection":[{"href":"https:\/\/www.europesays.com\/es\/wp-json\/wp\/v2\/posts"}],"about":[{"href":"https:\/\/www.europesays.com\/es\/wp-json\/wp\/v2\/types\/post"}],"author":[{"embeddable":true,"href":"https:\/\/www.europesays.com\/es\/wp-json\/wp\/v2\/users\/2"}],"replies":[{"embeddable":true,"href":"https:\/\/www.europesays.com\/es\/wp-json\/wp\/v2\/comments?post=277009"}],"version-history":[{"count":0,"href":"https:\/\/www.europesays.com\/es\/wp-json\/wp\/v2\/posts\/277009\/revisions"}],"wp:featuredmedia":[{"embeddable":true,"href":"https:\/\/www.europesays.com\/es\/wp-json\/wp\/v2\/media\/277010"}],"wp:attachment":[{"href":"https:\/\/www.europesays.com\/es\/wp-json\/wp\/v2\/media?parent=277009"}],"wp:term":[{"taxonomy":"category","embeddable":true,"href":"https:\/\/www.europesays.com\/es\/wp-json\/wp\/v2\/categories?post=277009"},{"taxonomy":"post_tag","embeddable":true,"href":"https:\/\/www.europesays.com\/es\/wp-json\/wp\/v2\/tags?post=277009"}],"curies":[{"name":"wp","href":"https:\/\/api.w.org\/{rel}","templated":true}]}}