{"id":277011,"date":"2025-12-08T04:00:25","date_gmt":"2025-12-08T04:00:25","guid":{"rendered":"https:\/\/www.europesays.com\/es\/277011\/"},"modified":"2025-12-08T04:00:25","modified_gmt":"2025-12-08T04:00:25","slug":"federica-mogherini-la-diplomatica-perseguida-por-el-fantasma-de-la-inexperiencia-internacional","status":"publish","type":"post","link":"https:\/\/www.europesays.com\/es\/277011\/","title":{"rendered":"Federica Mogherini: la diplom\u00e1tica perseguida por el fantasma de la inexperiencia | Internacional"},"content":{"rendered":"<p class=\"\">A Federica Mogherini la ha engullido esta semana <a href=\"https:\/\/elpais.com\/internacional\/2025-12-03\/imputada-federica-mogherini-por-fraude-y-corrupcion-en-el-caso-de-la-formacion-de-diplomaticos.html\" target=\"_self\" rel=\"nofollow noopener\" title=\"https:\/\/elpais.com\/internacional\/2025-12-03\/imputada-federica-mogherini-por-fraude-y-corrupcion-en-el-caso-de-la-formacion-de-diplomaticos.html\">un esc\u00e1ndalo que bien podr\u00eda ser la trama de una de las novelas policiacas<\/a> que tanto disfruta leyendo. La que fuera jefa de la diplomacia europea entre 2014 y 2019 fue arrestada \u2015aunque solo durante unas horas\u2014 por la polic\u00eda flamenca el pasado martes a instancias de la Fiscal\u00eda europea, que l<a href=\"https:\/\/elpais.com\/internacional\/2025-12-02\/tres-detenidos-por-un-presunto-fraude-de-fondos-europeos-en-el-servicio-exterior-de-la-ue.html\" target=\"_self\" rel=\"nofollow noopener\" title=\"https:\/\/elpais.com\/internacional\/2025-12-02\/tres-detenidos-por-un-presunto-fraude-de-fondos-europeos-en-el-servicio-exterior-de-la-ue.html\">a acusa de fraude y corrupci\u00f3n en la contrataci\u00f3n p\u00fablica dentro de su actual responsabilidad como rectora del prestigioso Colegio de Europa<\/a>, con sede en Brujas. La imputaci\u00f3n de Mogherini y de Stefano Sannino, ex secretario general de los servicios diplom\u00e1ticos europeos, ha sacudido Bruselas. La investigaci\u00f3n de la Fiscal\u00eda europea, que por primera vez apunta a la c\u00faspide de la arquitectura comunitaria, <a href=\"https:\/\/elpais.com\/internacional\/2025-12-03\/la-detencion-de-mogherini-un-nuevo-golpe-a-la-credibilidad-de-la-ue-en-su-momento-mas-fragil.html\" target=\"_self\" rel=\"nofollow noopener\" title=\"https:\/\/elpais.com\/internacional\/2025-12-03\/la-detencion-de-mogherini-un-nuevo-golpe-a-la-credibilidad-de-la-ue-en-su-momento-mas-fragil.html\">es otro guantazo a la credibilidad de las instituciones europeas<\/a> en un momento en el que estas buscan resguardarse de los ataques que reciben desde dentro y fuera de la UE. Pero el golpe va m\u00e1s all\u00e1: la investigaci\u00f3n pone en entredicho tambi\u00e9n la reputaci\u00f3n de una instituci\u00f3n, el Colegio de Europa, que desde despu\u00e9s de la Segunda Guerra Mundial ha venido formando las \u00e9lites de Bruselas y pone sobre la mesa una vez m\u00e1s las complejas relaciones entre los lobbies y los pol\u00edticos bruselenses.<\/p>\n<p class=\"\">La conmoci\u00f3n en las instituciones europeas que describen varios pol\u00edticos con los que ha hablado este peri\u00f3dico, que no dan cr\u00e9dito a lo sucedido, en parte se debe a que <a href=\"https:\/\/elpais.com\/noticias\/federica-mogherini\/\" target=\"_self\" rel=\"nofollow noopener\" title=\"https:\/\/elpais.com\/noticias\/federica-mogherini\/\">Mogherini<\/a> (Roma, 52 a\u00f1os) se ha convertido en uno de los nombres ilustres de la burbuja bruselense. Aterriz\u00f3 en la capital belga en 2014 y desde el primer momento los nombramientos para los cargos que ha desempe\u00f1ado han generado controversia. Siempre por el mismo argumento: la falta de experiencia. La apuesta del entonces primer ministro italiano Matteo Renzi como <a href=\"https:\/\/elpais.com\/noticias\/alto-representante-union-europea-asuntos-exteriores-politica-seguridad\/\" target=\"_self\" rel=\"nofollow noopener\" title=\"https:\/\/elpais.com\/noticias\/alto-representante-union-europea-asuntos-exteriores-politica-seguridad\/\">Alta Representante para la Pol\u00edtica Exterior y Seguridad Com\u00fan<\/a> gener\u00f3 recelos entre los entonces 28 socios comunitarios. Hasta ese momento, esta pol\u00edtica socialdem\u00f3crata hija de un director de cine hab\u00eda sido diputada en Italia durante seis a\u00f1os y ministra de Asuntos Exteriores en un breve periodo de seis meses. Ese bagaje se antojaba demasiado escaso para alguien que deb\u00eda ser capaz de ponerse al tel\u00e9fono y hablar en nombre de Europa. Un veterano diplom\u00e1tico recuerda que la propuesta fue ampliamente contestada. \u201cLa elecci\u00f3n equivocada\u201d, titulaba un editorial de Le Monde.<\/p>\n<p class=\"\">Mientras las grandes capitales dudaban sobre las tablas de Mogherini, los peque\u00f1os estados del Este la acusaban de ser af\u00edn al Kremlin. <a href=\"https:\/\/elpais.com\/internacional\/2014\/09\/13\/actualidad\/1410629798_721037.html\" target=\"_self\" rel=\"nofollow noopener\" title=\"https:\/\/elpais.com\/internacional\/2014\/09\/13\/actualidad\/1410629798_721037.html\">Esa sospecha se fundamentaba en una visita de la italiana al presidente ruso<\/a>, Vladimir Putin, cuando su pa\u00eds ten\u00eda la presidencia de turno de la UE. El viaje respond\u00eda a los esfuerzos de Bruselas por rebajar la tensi\u00f3n en la regi\u00f3n tras la anexi\u00f3n rusa de la pen\u00ednsula de Crimea, pero los pa\u00edses b\u00e1lticos vieron detr\u00e1s de esa reuni\u00f3n la relaci\u00f3n privilegiada que tradicionalmente hab\u00edan mantenido Roma y Mosc\u00fa y los intereses econ\u00f3micos y energ\u00e9ticos de ambos pa\u00edses. \u201cNo apoyar\u00e9 a una persona que sea pro-Kremlin\u201d, lleg\u00f3 a decir la entonces presidenta lituana Dalia Grybauskaite.<\/p>\n<p class=\"\">Los deseos de Renzi, sin embargo, acabaron imponi\u00e9ndose en el delicad\u00edsimo reparto de altos cargos de la UE, en el que Italia siempre ha sabido jugar sus cartas. Mogherini, que encarn\u00f3 la llegada de la generaci\u00f3n Erasmus a las instituciones, despach\u00f3 todos esos comentarios advirtiendo sobre el machismo instalado en esas acusaciones. H\u00e1bilmente, incluso recordaba que su antiguo jefe, Renzi, era m\u00e1s joven que ella sin que nadie pusiera en duda su capacidad para ejercer de primer ministro. <\/p>\n<p class=\"\">Al llegar a Bruselas, la italiana <a href=\"https:\/\/elpais.com\/internacional\/2014\/11\/03\/actualidad\/1415044768_498902.html\" target=\"_self\" rel=\"nofollow noopener\" title=\"https:\/\/elpais.com\/internacional\/2014\/11\/03\/actualidad\/1415044768_498902.html\">decidi\u00f3 trasladar su despacho desde el Servicio Europeo de Acci\u00f3n Exterior (SEAE) al edificio de enfrente<\/a>, la Comisi\u00f3n Europea, de la cual tambi\u00e9n era vicepresidenta. Con ese gesto marcaba distancias respecto a su antecesora, la brit\u00e1nica Catherine Ashton, y trasladaba el mensaje de que estaba dispuesta a dar una \u00fanica voz a los entonces 28 pa\u00edses de la UE en un \u00e1mbito, el de la pol\u00edtica exterior, que requiere la unanimidad de todos los socios. Tambi\u00e9n destac\u00f3 por sus buenas relaciones con otras instituciones. \u201cNo le importaba estar horas dando explicaciones en el Parlamento Europeo\u201d, dice un diputado. \u201cTen\u00eda don de gentes y una gran capacidad comunicativa, algo que luego se ech\u00f3 de menos\u201d, resume otro. <\/p>\n<p class=\"\">Sus antiguos colaboradores, que no dan cr\u00e9dito a lo sucedido esta semana, explican que no ten\u00eda horario de trabajo. Madre de dos ni\u00f1as, se dedicaba a su labor los siete d\u00edas a la semana. \u201cEran jornadas largu\u00edsimas, tranquilamente de 15 o 16 horas, con noches en blanco\u201d, recuerda un funcionario, que insiste en pedir cautela para abordar el esc\u00e1ndalo. \u201cEra muy escrupulosa en todo. Me cuesta creer que el caso tenga que ver con cualquier tipo de enriquecimiento personal\u201d, a\u00f1ade. <\/p>\n<p>El logro del programa nuclear<\/p>\n<p class=\"\">Uno de los mayores \u00e9xitos de su mandato fue el acuerdo sobre el programa nuclear de Ir\u00e1n, firmado en 2015 entre Teher\u00e1n y Estados Unidos, China, Rusia, Reino Unido, Francia y Alemania. Mogherini, como coordinadora de ese grupo de potencias, fue clave en un pacto que <a href=\"https:\/\/elpais.com\/internacional\/2016\/11\/13\/actualidad\/1479061555_811408.html\" target=\"_self\" rel=\"nofollow noopener\" title=\"https:\/\/elpais.com\/internacional\/2016\/11\/13\/actualidad\/1479061555_811408.html\">dos a\u00f1os m\u00e1s tarde Donald Trump se encargar\u00eda de dinamitar<\/a>. Pero la italiana pudo saborear tambi\u00e9n la amargura del cargo al tener que lidiar con la guerra en Siria o la crisis migratoria en el cargo. Y sobre todo, de no lograr hablar por los Veintiocho. Su propio pa\u00eds, ya con otro signo pol\u00edtico, se distanci\u00f3 de un cargo que acab\u00f3 considerando poco \u00fatil para sus intereses al requerir largos viajes que la apartaban del sal\u00f3n donde se toman las grandes decisiones del d\u00eda a d\u00eda.<\/p>\n<p class=\"\">Pero la investigaci\u00f3n de la Fiscal\u00eda europea no tiene que ver con esa \u00e9poca, sino m\u00e1s bien con su segunda etapa en la burbuja bruselense. Ese periodo empieza cuando no hab\u00eda pasado ni un a\u00f1o de haber dejado su cargo, que pas\u00f3 <a href=\"https:\/\/elpais.com\/noticias\/jose-borrell-fontelles\/\" target=\"_self\" rel=\"nofollow noopener\" title=\"https:\/\/elpais.com\/noticias\/jose-borrell-fontelles\/\">a manos del espa\u00f1ol Josep Borrell<\/a>. Mogherini fue propuesta para ocupar el puesto de rectora en el Colegio de Europa, una instituci\u00f3n que a menudo se equipara con la \u00c9cole Nationale d\u2019Administration (ENA) francesa por su vocaci\u00f3n de formar a las \u00e9lites europeas. Su elecci\u00f3n estuvo plagada de cr\u00edticas, p\u00fablicas y privadas, por parte de profesores, estudiantes y pol\u00edticos, que se quejaban de la \u201cfalta de experiencia acad\u00e9mica\u201d de la italiana, licenciada en Ciencias Pol\u00edticas, y de un supuesto \u201camiguismo\u201d con el presidente del comit\u00e9 que iba a designarla, el expresidente del Consejo Europeo Herman Van Rompuy. Un grupo de diputados incluso denunci\u00f3 ante la Comisi\u00f3n un posible \u201cconflicto de intereses\u201d.<\/p>\n<p class=\"\">Mogherini ha tenido que lidiar durante su etapa al frente del Colegio de Europa con la expulsi\u00f3n de un profesor acusado de acoso sexual y una denuncia del World Jewish Congress por pintadas antisemitas en la puerta de alumnos jud\u00edos, un hecho por el que Mogherini abri\u00f3 una investigaci\u00f3n. Pero ninguna crisis tiene las dimensiones de la que ahora afronta. La polic\u00eda flamenca arrest\u00f3 a Mogherini, a Sannini y, seg\u00fan La Repubblica, a Cesare Zegretti, otro alto cargo de la instituci\u00f3n educativa. A pesar de que la Fiscal\u00eda europea mantiene en secreto los detalles de la investigaci\u00f3n, el foco est\u00e1 en la adjudicaci\u00f3n del <a href=\"https:\/\/elpais.com\/internacional\/2025-12-04\/dimite-federica-mogherini-como-rectora-del-colegio-europa-por-el-caso-de-presunta-corrupcion-en-la-formacion-de-diplomaticos.html?outputType=amp\" target=\"_self\" rel=\"nofollow noopener\" title=\"https:\/\/elpais.com\/internacional\/2025-12-04\/dimite-federica-mogherini-como-rectora-del-colegio-europa-por-el-caso-de-presunta-corrupcion-en-la-formacion-de-diplomaticos.html?outputType=amp\">contrato para crear la Academia Diplom\u00e1tica de la UE<\/a> en 2021, financiada con fondos europeos para formar a j\u00f3venes diplom\u00e1ticos. Seg\u00fan la prensa italiana, la Fiscal\u00eda indaga si se filtraron al Colegio de Europa las condiciones de los concursos antes de que estas fueran publicadas oficialmente. <\/p>\n<p class=\"\">La noticia ha conmocionado a la c\u00fapula comunitaria, que pide prudencia pero a la vez marca distancias con los imputados. <a href=\"https:\/\/elpais.com\/internacional\/2022-12-13\/las-claves-de-qatargate-el-escandalo-de-sobornos-que-ha-sacudido-el-parlamento-europeo.html\" target=\"_self\" rel=\"nofollow noopener\" title=\"https:\/\/elpais.com\/internacional\/2022-12-13\/las-claves-de-qatargate-el-escandalo-de-sobornos-que-ha-sacudido-el-parlamento-europeo.html\">Los recientes esc\u00e1ndalos sobre supuestos sobornos vinculados a la empresa china Huawei o a los gobiernos de Qatar y Marruecos<\/a> no hacen sino amplificar esta nueva crisis. Algunos diputados \u2015siempre en privado\u2015 dan p\u00e1bulo a unas pol\u00e9micas declaraciones en La Stampa de una de las presuntas implicadas en el Qatargate, la exvicepresidenta del Parlamento Europeo Eva Kail\u00ed, quien ha afirmado que B\u00e9lgica \u201cno es un pa\u00eds seguro para la pol\u00edtica\u201d. Otros piden ir con pies de plomo y esperar a los resultados de la investigaci\u00f3n. Los partidos ultras y euroesc\u00e9pticos, en cambio, festejan esa imputaci\u00f3n como una victoria que refuerza su tesis sobre la corrupci\u00f3n de la pol\u00edtica europea. Por ahora, <a href=\"https:\/\/elpais.com\/internacional\/2025-12-04\/dimite-federica-mogherini-como-rectora-del-colegio-europa-por-el-caso-de-presunta-corrupcion-en-la-formacion-de-diplomaticos.html\" target=\"_self\" rel=\"nofollow noopener\" title=\"https:\/\/elpais.com\/internacional\/2025-12-04\/dimite-federica-mogherini-como-rectora-del-colegio-europa-por-el-caso-de-presunta-corrupcion-en-la-formacion-de-diplomaticos.html\">Mogherini ha dejado su cargo y conf\u00eda en que la justicia respalde su gesti\u00f3n<\/a>. Pero la Fiscal\u00eda europea ha a\u00f1adido por lo menos un punto y aparte en su carrera dentro de la burbuja bruselense.<\/p>\n","protected":false},"excerpt":{"rendered":"A Federica Mogherini la ha engullido esta semana un esc\u00e1ndalo que bien podr\u00eda ser la trama de una&hellip;\n","protected":false},"author":2,"featured_media":277012,"comment_status":"","ping_status":"","sticky":false,"template":"","format":"standard","meta":{"footnotes":""},"categories":[42],"tags":[67425,17,18,1708,26254,767,15229,700,13,14,66155,66032,11,61,62,63,64,628,19,20,9,10,15,16,6939,15488,12,21,22,1617,65,66,67],"class_list":{"0":"post-277011","1":"post","2":"type-post","3":"status-publish","4":"format-standard","5":"has-post-thumbnail","7":"category-internacional","8":"tag-alto-representante","9":"tag-breaking-news","10":"tag-breakingnews","11":"tag-comision-europea","12":"tag-consejo-europeo","13":"tag-corrupcion","14":"tag-diplomacia","15":"tag-europa","16":"tag-featured-news","17":"tag-featurednews","18":"tag-federica-mogherini","19":"tag-fiscalia-europea","20":"tag-headlines","21":"tag-internacional","22":"tag-international","23":"tag-international-news","24":"tag-internationalnews","25":"tag-italia","26":"tag-latest-news","27":"tag-latestnews","28":"tag-news","29":"tag-noticias","30":"tag-noticias-destacadas","31":"tag-noticiasdestacadas","32":"tag-parlamento-europeo","33":"tag-politica-exterior","34":"tag-titulares","35":"tag-ultimas-noticias","36":"tag-ultimasnoticias","37":"tag-union-europea","38":"tag-world","39":"tag-world-news","40":"tag-worldnews"},"share_on_mastodon":{"url":"","error":"Validation failed: Text character limit of 500 exceeded"},"_links":{"self":[{"href":"https:\/\/www.europesays.com\/es\/wp-json\/wp\/v2\/posts\/277011","targetHints":{"allow":["GET"]}}],"collection":[{"href":"https:\/\/www.europesays.com\/es\/wp-json\/wp\/v2\/posts"}],"about":[{"href":"https:\/\/www.europesays.com\/es\/wp-json\/wp\/v2\/types\/post"}],"author":[{"embeddable":true,"href":"https:\/\/www.europesays.com\/es\/wp-json\/wp\/v2\/users\/2"}],"replies":[{"embeddable":true,"href":"https:\/\/www.europesays.com\/es\/wp-json\/wp\/v2\/comments?post=277011"}],"version-history":[{"count":0,"href":"https:\/\/www.europesays.com\/es\/wp-json\/wp\/v2\/posts\/277011\/revisions"}],"wp:featuredmedia":[{"embeddable":true,"href":"https:\/\/www.europesays.com\/es\/wp-json\/wp\/v2\/media\/277012"}],"wp:attachment":[{"href":"https:\/\/www.europesays.com\/es\/wp-json\/wp\/v2\/media?parent=277011"}],"wp:term":[{"taxonomy":"category","embeddable":true,"href":"https:\/\/www.europesays.com\/es\/wp-json\/wp\/v2\/categories?post=277011"},{"taxonomy":"post_tag","embeddable":true,"href":"https:\/\/www.europesays.com\/es\/wp-json\/wp\/v2\/tags?post=277011"}],"curies":[{"name":"wp","href":"https:\/\/api.w.org\/{rel}","templated":true}]}}