{"id":277025,"date":"2025-12-08T04:15:35","date_gmt":"2025-12-08T04:15:35","guid":{"rendered":"https:\/\/www.europesays.com\/es\/277025\/"},"modified":"2025-12-08T04:15:35","modified_gmt":"2025-12-08T04:15:35","slug":"los-testamentos-el-spin-off-de-el-cuento-de-la-criada-presenta-sus-primeras-imagenes-con-el-regreso-de-tia-lydia","status":"publish","type":"post","link":"https:\/\/www.europesays.com\/es\/277025\/","title":{"rendered":"Los testamentos, el spin-off de El cuento de la criada, presenta sus primeras im\u00e1genes, con el regreso de T\u00eda Lydia"},"content":{"rendered":"<p class=\"c-paragraph\">Cuando se estren\u00f3 la temporada final de <b>El cuento de la criada<\/b> en HBO Max ya sab\u00edamos que las atrocidades de <a href=\"https:\/\/www.hobbyconsolas.com\/noticias\/estrellas-cuento-criada-asegura-ninguna-manera-regresara-secuela-1480643\" title=\"Una de las estrellas de El cuento de la criada asegura que &quot;de ninguna manera&quot; regresar\u00e1 para la secuela\" rel=\"nofollow noopener\" target=\"_blank\">Gilead <\/a>no terminar\u00edan ah\u00ed, pues <b>Margaret Atwood<\/b> lanz\u00f3 hace algunos a\u00f1os una nueva novela ambientada en el mismo universo de la que, por supuesto, <b>MGM Television <\/b>pensaba sacar partido: <b>Los testamentos<\/b> (<b>The Testaments<\/b>). \u00a0<\/p>\n<p class=\"c-paragraph\"><a href=\"https:\/\/www.hobbyconsolas.com\/noticias\/creador-testamentos-explica-como-secuela-cuento-criada-sentira-como-mundo-opuesto-1453862\" title=\"El creador de Los testamentos explica c\u00f3mo la secuela de El cuento de la criada se sentir\u00e1 &quot;como el mundo opuesto&quot;\" rel=\"nofollow noopener\" target=\"_blank\">Los testamentos<\/a> es una<b> secuela de El cuento de la criada <\/b>que se ambienta 15 a\u00f1os despu\u00e9s de los eventos que vivimos al final de la serie, en la que se renueva el elenco principal salvo por el regreso de <b>Ann Dowd como T\u00eda Lydia<\/b>, uno de los personajes m\u00e1s complejos y odiados de la serie principal.<\/p>\n<p class=\"c-paragraph\">En las \u00faltimas horas, durante la CCXP de Brasil, se han <a href=\"https:\/\/variety.com\/2025\/tv\/news\/testaments-first-look-handmaids-tale-sequel-chase-infiniti-1236602140\/\" rel=\"nofollow noreferrer noopener\" title=\"V\u00cdA: variety\" target=\"_blank\">presentando<\/a> las <b>primeas im\u00e1genes de Los testamentos<\/b>, que nos llevan directamente hacia un escenario desconocido de este mundo para quienes no hubi\u00e9ramos le\u00eddo la novela de <a href=\"https:\/\/www.hobbyconsolas.com\/noticias\/creador-cuento-criada-destaca-cambio-significativo-tia-lydia-cara-serie-secuela-1464043\" title=\"El creador de El cuento de la criada destaca el cambio significativo de un personaje clave de cara a la serie secuela\" rel=\"nofollow noopener\" target=\"_blank\">Margaret Atwood<\/a>.<\/p>\n<p class=\"c-paragraph\">En ellas podemos ver c\u00f3mo ser\u00e1 por dentro la nueva academia para las hijas de la \u00e9lite de Gilead, en la que ense\u00f1an a las mujeres el lugar que deben ocupar en esa sociedad mis\u00f3gina y machista con la que ya entramos en contacto gracias a las seis temporadas previas de <a href=\"https:\/\/www.hobbyconsolas.com\/reviews\/critica-cuento-criada-temporada-6-llega-desenlace-estreno-testimonios-1454685\" title=\"Cr\u00edtica de El cuento de la criada temporada 6: llega el desenlace... hasta el estreno de Los testimonios\" rel=\"nofollow noopener\" target=\"_blank\">El cuento de la criada<\/a>.<\/p>\n<p>Gilead se vuelve a\u00fan m\u00e1s sombr\u00eda en Los testamentos<\/p>\n<p class=\"c-paragraph\">Por supuesto, <b>T\u00eda Lydia<\/b> vuelve a ocupar una posici\u00f3n de poder con la que educar a sus nuevas ni\u00f1as seg\u00fan los deseos de <b>Gilead<\/b>, tal y como puedes ver en las im\u00e1genes superiores. La ventaja con la que parece jugar ahora <b>el personaje de Ann Dowd <\/b>es con que sus nuevas alumnas nacieron en esta sociedad y no saben nada sobre el mundo exterior.<\/p>\n<p class=\"c-paragraph\">Por el momento no hay una fecha de estreno confirmada para Los testamentos, la esperada secuela de El cuento de la criada, pero sabemos que la serie regresar\u00e1 a la peque\u00f1a pantalla en alg\u00fan momento de <b>2026<\/b>.<\/p>\n","protected":false},"excerpt":{"rendered":"Cuando se estren\u00f3 la temporada final de El cuento de la criada en HBO Max ya sab\u00edamos que&hellip;\n","protected":false},"author":2,"featured_media":277026,"comment_status":"","ping_status":"","sticky":false,"template":"","format":"standard","meta":{"footnotes":""},"categories":[171],"tags":[3831,146,147,25,24,4417,11395,23,17462,67426,214],"class_list":{"0":"post-277025","1":"post","2":"type-post","3":"status-publish","4":"format-standard","5":"has-post-thumbnail","7":"category-tv","8":"tag-cuento","9":"tag-entertainment","10":"tag-entretenimiento","11":"tag-es","12":"tag-espana","13":"tag-los","14":"tag-off","15":"tag-spain","16":"tag-spin","17":"tag-testamentos","18":"tag-tv"},"share_on_mastodon":{"url":"https:\/\/pubeurope.com\/@es\/115682012221885379","error":""},"_links":{"self":[{"href":"https:\/\/www.europesays.com\/es\/wp-json\/wp\/v2\/posts\/277025","targetHints":{"allow":["GET"]}}],"collection":[{"href":"https:\/\/www.europesays.com\/es\/wp-json\/wp\/v2\/posts"}],"about":[{"href":"https:\/\/www.europesays.com\/es\/wp-json\/wp\/v2\/types\/post"}],"author":[{"embeddable":true,"href":"https:\/\/www.europesays.com\/es\/wp-json\/wp\/v2\/users\/2"}],"replies":[{"embeddable":true,"href":"https:\/\/www.europesays.com\/es\/wp-json\/wp\/v2\/comments?post=277025"}],"version-history":[{"count":0,"href":"https:\/\/www.europesays.com\/es\/wp-json\/wp\/v2\/posts\/277025\/revisions"}],"wp:featuredmedia":[{"embeddable":true,"href":"https:\/\/www.europesays.com\/es\/wp-json\/wp\/v2\/media\/277026"}],"wp:attachment":[{"href":"https:\/\/www.europesays.com\/es\/wp-json\/wp\/v2\/media?parent=277025"}],"wp:term":[{"taxonomy":"category","embeddable":true,"href":"https:\/\/www.europesays.com\/es\/wp-json\/wp\/v2\/categories?post=277025"},{"taxonomy":"post_tag","embeddable":true,"href":"https:\/\/www.europesays.com\/es\/wp-json\/wp\/v2\/tags?post=277025"}],"curies":[{"name":"wp","href":"https:\/\/api.w.org\/{rel}","templated":true}]}}