{"id":277034,"date":"2025-12-08T04:21:16","date_gmt":"2025-12-08T04:21:16","guid":{"rendered":"https:\/\/www.europesays.com\/es\/277034\/"},"modified":"2025-12-08T04:21:16","modified_gmt":"2025-12-08T04:21:16","slug":"bmg-g31-big-battlemage-ha-sido-confirmado-por-intel","status":"publish","type":"post","link":"https:\/\/www.europesays.com\/es\/277034\/","title":{"rendered":"BMG-G31 \u00abBig Battlemage\u00bb ha sido confirmado por Intel"},"content":{"rendered":"<p>La expectaci\u00f3n en el mercado de tarjetas gr\u00e1ficas discretas aumenta con la confirmaci\u00f3n oficial de Intel y su GPU GPU<strong> BMG-G31<\/strong>, la cual ha sido apodada como <strong>\u00abBig Battlemage\u00bb<\/strong>.<\/p>\n<p>BMG-G31 \u00abBig Battlemage\u00bb ha sido confirmado por Intel<\/p>\n<p><a href=\"https:\/\/www.europesays.com\/es\/wp-content\/uploads\/2025\/12\/BMG-G31-Big-Battlemage-ha-sido-confirmado-por-Intel.jpg\"><\/p>\n<p><img fetchpriority=\"high\" decoding=\"async\" src=\"https:\/\/www.europesays.com\/es\/wp-content\/uploads\/2025\/12\/BMG-G31-Big-Battlemage-ha-sido-confirmado-por-Intel.jpg\" alt=\"BMG-G31\" width=\"1280\" height=\"720\"  \/><\/p>\n<p><\/a><\/p>\n<p>Esto ha sido confirmado con un reciente a\u00f1adido de soporte para esta GPU dentro de la herramienta de optimizaci\u00f3n de c\u00f3digo de la compa\u00f1\u00eda, <strong>VTune Profiler<\/strong>, un indicio de que el lanzamiento de su pr\u00f3xima generaci\u00f3n de tarjetas gr\u00e1ficas de la compa\u00f1\u00eda est\u00e1 cerca.<\/p>\n<p>El <strong>BMG-G31<\/strong> promete ser un salto sustancial en rendimiento. Los informes detallan que la nueva GPU es un 60% m\u00e1s grande que el chip <strong>BMG-G21<\/strong> utilizado en la actual ARC B580. Este incremento de tama\u00f1o deber\u00eda traducirse directamente en una mayor capacidad de procesamiento, apuntando a ofrecer un rendimiento en juegos m\u00e1s enfocado en la gama alta.<\/p>\n<p>En cuanto a las especificaciones t\u00e9cnicas que se rumorean,<strong> \u00abBig Battlemage\u00bb<\/strong> contar\u00eda con un bus de memoria de <strong>256 bits<\/strong> con una capacidad de memoria de hasta <strong>16 GB <a href=\"https:\/\/www.profesionalreview.com\/2024\/09\/14\/gddr6-vs-gddr7\/\" target=\"_blank\" rel=\"noopener nofollow\">GDDR6<\/a><\/strong>. Adem\u00e1s, se rumorea que incluir\u00e1 compatibilidad con el est\u00e1ndar PCIe 5.0, asegurando velocidades de transferencia de datos de vanguardia.<\/p>\n<p style=\"text-align: center;\"><strong>Te recomendamos nuestra <a href=\"https:\/\/www.profesionalreview.com\/hardware\/mejores-tarjetas-graficas\/\" target=\"_blank\" rel=\"noopener nofollow\">gu\u00eda sobre las mejores tarjetas gr\u00e1ficas del mercado<\/a><\/strong><\/p>\n<p>Con la confirmaci\u00f3n del chip, la atenci\u00f3n se centra ahora en la fecha de lanzamiento. Lo m\u00e1s probable es que su debut oficial sea durante el <strong>Consumer Electronics Show (CES)<\/strong> de <strong>2026,<\/strong> que se va a celebrar en enero y donde tambi\u00e9n se presentar\u00edan otros productos importantes de Intel, como los esperados procesadores Intel Core \u201cPanther Lake\u201d.<\/p>\n<p>Tambi\u00e9n es probable que Intel planee lanzar este a GPU no solo para el mercado de videojuegos, tambi\u00e9n para su l\u00ednea PRO en el mercado profesional. Estaremos atentos a todas las novedades que surjan sobre Intel en el <strong>CES 2026<\/strong>.<\/p>\n","protected":false},"excerpt":{"rendered":"La expectaci\u00f3n en el mercado de tarjetas gr\u00e1ficas discretas aumenta con la confirmaci\u00f3n oficial de Intel y su&hellip;\n","protected":false},"author":2,"featured_media":277035,"comment_status":"","ping_status":"","sticky":false,"template":"","format":"standard","meta":{"footnotes":""},"categories":[81],"tags":[31301,119,123,124,25,24,16676,117,121,122,23,118,120],"class_list":{"0":"post-277034","1":"post","2":"type-post","3":"status-publish","4":"format-standard","5":"has-post-thumbnail","7":"category-ciencia-y-tecnologia","8":"tag-arc","9":"tag-ciencia","10":"tag-ciencia-y-tecnologia","11":"tag-cienciaytecnologia","12":"tag-es","13":"tag-espana","14":"tag-intel","15":"tag-science","16":"tag-science-and-technology","17":"tag-scienceandtechnology","18":"tag-spain","19":"tag-technology","20":"tag-tecnologia"},"share_on_mastodon":{"url":"https:\/\/pubeurope.com\/@es\/115682036201191603","error":""},"_links":{"self":[{"href":"https:\/\/www.europesays.com\/es\/wp-json\/wp\/v2\/posts\/277034","targetHints":{"allow":["GET"]}}],"collection":[{"href":"https:\/\/www.europesays.com\/es\/wp-json\/wp\/v2\/posts"}],"about":[{"href":"https:\/\/www.europesays.com\/es\/wp-json\/wp\/v2\/types\/post"}],"author":[{"embeddable":true,"href":"https:\/\/www.europesays.com\/es\/wp-json\/wp\/v2\/users\/2"}],"replies":[{"embeddable":true,"href":"https:\/\/www.europesays.com\/es\/wp-json\/wp\/v2\/comments?post=277034"}],"version-history":[{"count":0,"href":"https:\/\/www.europesays.com\/es\/wp-json\/wp\/v2\/posts\/277034\/revisions"}],"wp:featuredmedia":[{"embeddable":true,"href":"https:\/\/www.europesays.com\/es\/wp-json\/wp\/v2\/media\/277035"}],"wp:attachment":[{"href":"https:\/\/www.europesays.com\/es\/wp-json\/wp\/v2\/media?parent=277034"}],"wp:term":[{"taxonomy":"category","embeddable":true,"href":"https:\/\/www.europesays.com\/es\/wp-json\/wp\/v2\/categories?post=277034"},{"taxonomy":"post_tag","embeddable":true,"href":"https:\/\/www.europesays.com\/es\/wp-json\/wp\/v2\/tags?post=277034"}],"curies":[{"name":"wp","href":"https:\/\/api.w.org\/{rel}","templated":true}]}}