{"id":277036,"date":"2025-12-08T04:22:16","date_gmt":"2025-12-08T04:22:16","guid":{"rendered":"https:\/\/www.europesays.com\/es\/277036\/"},"modified":"2025-12-08T04:22:16","modified_gmt":"2025-12-08T04:22:16","slug":"me-cuesta-un-sacrificio-venir-tenian-que-haber-avisado","status":"publish","type":"post","link":"https:\/\/www.europesays.com\/es\/277036\/","title":{"rendered":"Me cuesta un sacrificio venir, ten\u00edan que haber avisado"},"content":{"rendered":"<p class=\"paragraph\">El <b><a href=\"https:\/\/www.heraldo.es\/noticias\/aragon\/zaragoza\/2025\/12\/05\/supermercados-abren-zaragoza-puente-diciembre-2025-1876277.html\" title=\"Qu\u00e9 supermercados abren en Zaragoza este puente de diciembre 2025: de Mercadona a Aldi\" rel=\"nofollow noopener\" target=\"_blank\">puente festivo en Arag\u00f3n<\/a><\/b> ha pillado esta ma\u00f1ana \u00abpor sorpresa\u00bb a m\u00e1s de un zaragozano que se ha desplazado a primera hora de la ma\u00f1ana al <b>Mercado Central de Zaragoza <\/b>para hacer sus compras rutinarias.<\/p>\n<p class=\"paragraph\">\u00ab<b>Me ha extra\u00f1ado mucho que est\u00e1 cerrado\u00bb,\u00a0<\/b>comenta <b>Merche Garc\u00eda<\/b>, una de las octogenarias que han acudido este <b>s\u00e1bado festivo, por el D\u00eda de la Constituci\u00f3n<\/b>, hasta este c\u00e9ntrico mercado del Casco Hist\u00f3rico para hacer sus compras en alimentaci\u00f3n. Seg\u00fan relata, en las puertas de la c\u00e9ntrica lonja zaragozana\u00a0<b>hab\u00eda desde primera hora \u00abun mont\u00f3n de gente esperando comprar <\/b>para este fin de semana\u00bb.\u00a0\u00abY nos encontramos con la puerta cerrada\u00bb, contaba Garc\u00eda, que va cada s\u00e1bado al mercado y se ha mostrado sorprendida por el cierre.<\/p>\n<p class=\"paragraph\">\u00ab<b>Esto tendr\u00edan que haber avisado o poner un anuncio o un cartel en la puerta<\/b> porque ahora son muchas las personas que ya somos de la tercera edad y que\u00a0<b>nos cuesta un sacrificio venir al Mercado, y ahora tenemos que ir a las otras tiendas<\/b>\u00ab, dec\u00eda contrariada.<\/p>\n<p class=\"paragraph\">Lo mismo le ha pasado a <b>Ricardo, jubilado de 82 a\u00f1os\u00a0<\/b>que se hab\u00eda desplazado tambi\u00e9n desde Miralbueno para comprar en el Mercado Central de Zaragoza, cerrado por ser festivo. \u00abVenimos cada mes o cada quince d\u00edas, y como hoy era fiesta <b>he decidido mirar a ver por si acaso, porque hay muchos comercios que est\u00e1n abiertos hoy. <\/b>He buscado Mercado Central de Zargaoza y en internet pon\u00eda que estaba abierto\u00bb, subraya Ricardo mientras ense\u00f1a la b\u00fasqueda que ha hecho con su tel\u00e9fono m\u00f3vil.<\/p>\n<p>            <img decoding=\"async\" loading=\"lazy\" width=\"990\" height=\"556\" alt=\"El Mercado Central de Zaragoza, cerrado este s\u00e1bado.\" src=\"https:\/\/imagenes.heraldo.es\/files\/image_990_556\/uploads\/imagenes\/2025\/12\/06\/el-mercado-central-de-zaragoza-cerrado-este-sabado.jpeg\" data-full-src=\"https:\/\/www.europesays.com\/es\/wp-content\/uploads\/2025\/12\/el-mercado-central-de-zaragoza-cerrado-este-sabado.jpeg\"\/><\/p>\n<p>        El Mercado Central de Zaragoza, cerrado este s\u00e1bado.L. S.<\/p>\n<p class=\"paragraph\">Desde el Ayuntamiento de Zaragoza confirman que el c\u00e9ntrico Mercado Central cierra este s\u00e1bado y recuerdan que <b>nunca se abre en festivo. <\/b>As\u00ed pues, permanecer\u00e1 <b>cerrado en lo que va de puente<\/b>, desde este s\u00e1bado d\u00eda 6 y <b>hasta el pr\u00f3ximo martes d\u00eda 9 de diciembre<\/b>, que abrir\u00e1 de nuevo sus puertas en horario habitual, de 9.00 a 14.00 y de 17.30 a 20.30.<\/p>\n<p class=\"paragraph\">Respecto al desconcierto que ha provocado el cierre del Mercado Central este s\u00e1bado por la ma\u00f1ana, fuentes municipales insisten en que<b> nunca se cuelga un cartel para avisar de los cierres en festivo<\/b>, ya que en el horario habitual del mismo se deja claro que los festivos no abre.\u00a0<\/p>\n","protected":false},"excerpt":{"rendered":"El puente festivo en Arag\u00f3n ha pillado esta ma\u00f1ana \u00abpor sorpresa\u00bb a m\u00e1s de un zaragozano que se&hellip;\n","protected":false},"author":2,"featured_media":277037,"comment_status":"","ping_status":"","sticky":false,"template":"","format":"standard","meta":{"footnotes":""},"categories":[80],"tags":[82,1565,4593,11298,978,95,94,25,24,67429,3397,23,491],"class_list":{"0":"post-277036","1":"post","2":"type-post","3":"status-publish","4":"format-standard","5":"has-post-thumbnail","7":"category-economia","8":"tag-business","9":"tag-cierre","10":"tag-compras","11":"tag-constitucion","12":"tag-dia","13":"tag-economia","14":"tag-economy","15":"tag-es","16":"tag-espana","17":"tag-mercado-central","18":"tag-sabado","19":"tag-spain","20":"tag-zaragoza"},"share_on_mastodon":{"url":"https:\/\/pubeurope.com\/@es\/115682040394763865","error":""},"_links":{"self":[{"href":"https:\/\/www.europesays.com\/es\/wp-json\/wp\/v2\/posts\/277036","targetHints":{"allow":["GET"]}}],"collection":[{"href":"https:\/\/www.europesays.com\/es\/wp-json\/wp\/v2\/posts"}],"about":[{"href":"https:\/\/www.europesays.com\/es\/wp-json\/wp\/v2\/types\/post"}],"author":[{"embeddable":true,"href":"https:\/\/www.europesays.com\/es\/wp-json\/wp\/v2\/users\/2"}],"replies":[{"embeddable":true,"href":"https:\/\/www.europesays.com\/es\/wp-json\/wp\/v2\/comments?post=277036"}],"version-history":[{"count":0,"href":"https:\/\/www.europesays.com\/es\/wp-json\/wp\/v2\/posts\/277036\/revisions"}],"wp:featuredmedia":[{"embeddable":true,"href":"https:\/\/www.europesays.com\/es\/wp-json\/wp\/v2\/media\/277037"}],"wp:attachment":[{"href":"https:\/\/www.europesays.com\/es\/wp-json\/wp\/v2\/media?parent=277036"}],"wp:term":[{"taxonomy":"category","embeddable":true,"href":"https:\/\/www.europesays.com\/es\/wp-json\/wp\/v2\/categories?post=277036"},{"taxonomy":"post_tag","embeddable":true,"href":"https:\/\/www.europesays.com\/es\/wp-json\/wp\/v2\/tags?post=277036"}],"curies":[{"name":"wp","href":"https:\/\/api.w.org\/{rel}","templated":true}]}}