{"id":277038,"date":"2025-12-08T04:23:10","date_gmt":"2025-12-08T04:23:10","guid":{"rendered":"https:\/\/www.europesays.com\/es\/277038\/"},"modified":"2025-12-08T04:23:10","modified_gmt":"2025-12-08T04:23:10","slug":"que-ha-sido-de-al-assad-enganchado-a-los-videojuegos-en-uno-de-sus-apartamento-de-moscu","status":"publish","type":"post","link":"https:\/\/www.europesays.com\/es\/277038\/","title":{"rendered":"\u00bfQu\u00e9 ha sido de Al-Assad? Enganchado a los videojuegos en uno de sus apartamento de Mosc\u00fa"},"content":{"rendered":"\n<p> No se sabe si es el Minecraft o el League of Legends, pero <strong>la \u00fanica huella que Bashar al Asad ha dejado en el mundo<\/strong> en los \u00faltimos meses est\u00e1 en un<a href=\"https:\/\/www.elconfidencial.com\/tags\/temas\/juegos-15860\/\" target=\"_self\" rel=\"nofollow noopener\"> videojuego del estilo<\/a>. Este 8 de diciembre hace un a\u00f1o desde que <strong>Hayat Tahrir al-Sham<\/strong> (<strong>HTS<\/strong>), <strong>organizaci\u00f3n capitana de los rebeldes de Siria<\/strong>, <strong>tom\u00f3 Damasco<\/strong>. Un a\u00f1o tambi\u00e9n desde que su l\u00edder Mohamed al Golani dejara atr\u00e1s su nombre de guerra para convertirse en el presidente Ahmed al Sharaa. Y un a\u00f1o desde que Al <strong>Asad<\/strong>, el dictador que cop\u00f3 titulares durante m\u00e1s de una d\u00e9cada por las matanzas a su propio pueblo, se diera a la fuga. <\/p>\n<p> Poco despu\u00e9s de la <strong>ca\u00edda de Damasco<\/strong> se supo que el mandatario hab\u00eda volado desde la <strong>base a\u00e9rea de Hmeimim<\/strong>, en <strong>Latakia<\/strong>, a <strong>Mosc\u00fa<\/strong>. All\u00ed, <strong>el Kremlin<\/strong> le concedi\u00f3 a \u00e9l y a su familia asilo \u00abpor razones humanitarias\u00bb. Desde su <strong>exilio ruso<\/strong>, Al Asad se pronunci\u00f3 <a href=\"https:\/\/www.elconfidencial.com\/mundo\/2024-12-17\/terrorismo-siria-fuerzas-seguridad-espanolas_4024687\/\" target=\"_self\" rel=\"nofollow noopener\">una semana m\u00e1s tarde de perder su feudo,<\/a> cuando public\u00f3 un comunicado en el que lamentaba que <strong>Siria<\/strong> hubiera ca\u00eddo \u00aben manos del terrorismo\u00bb. <\/p>\n<p> M\u00e1s all\u00e1 de alg\u00fan rumor de que la exprimera dama, <strong>Asma<\/strong>, le habr\u00eda pedido el divorcio para mudarse a <strong>Londres<\/strong>, se habl\u00f3 poco del tirano y su familia. El pa\u00eds y el mundo entero estaban demasiado ocupados <strong>destapando los cr\u00edmenes de 54 a\u00f1os de dinast\u00eda Asad<\/strong>, tratando de reconstruir un pa\u00eds diezmado y reconfigurando el <strong>equilibrio sirio<\/strong> tras las tensiones entre el <strong>nuevo gobierno<\/strong> y las <strong>administraciones locales<\/strong> de la <a href=\"https:\/\/www.elconfidencial.com\/mundo\/2025-07-18\/israel-siria-bombardeo-damasco-drusos-1hms_4174832\/\" target=\"_self\" rel=\"nofollow noopener\">regi\u00f3n drusa de Sueida<\/a>, del <strong>n<\/strong>oreste controlado por los kurdos, y de los alauitas en la costa mediterr\u00e1nea. Hasta este mes de diciembre, de hecho, no ha visto la luz el Expediente Damasco, una investigaci\u00f3n del Consorcio Internacional de Periodistas de Investigaci\u00f3n en la que m\u00e1s de 134.000 documentos y m\u00e1s de 33.000 fotograf\u00edas exponen el aparato de seguridad e inteligencia que aliment\u00f3 al r\u00e9gimen durante la guerra. <\/p>\n<p> A mediados de febrero, el hijo mayor de Asma y <strong>Bashar<\/strong>, <strong>Hafez<\/strong>, public\u00f3 un texto en X en el que detallaba <strong>la huida de su familia la madrugada de aquel 8 de octubre<\/strong>. Antes de que <strong>Elon Musk<\/strong> borrara su cuenta, se pod\u00eda leer en la cuenta del primog\u00e9nito: \u00ab<a href=\"https:\/\/www.elconfidencial.com\/mundo\/2024-12-16\/yihadista-chino-victoria-rebelde-siria-oportunidad-terrorismo-uigur-teme-pekin_4024321\/\" target=\"_self\" rel=\"nofollow noopener\">No hab\u00eda ning\u00fan plan para salir de Damasco<\/a>, y mucho menos de Siria [&#8230;] No hubo preparativos ni nada que indicara nuestra partida hasta que un <strong>funcionario ruso<\/strong> lleg\u00f3 a nuestra casa en el barrio de <strong>Al-Maliki<\/strong> despu\u00e9s de medianoche [&#8230;] y le pidi\u00f3 al presidente que se trasladara a Latakia durante unos d\u00edas debido a la <strong>grave situaci\u00f3n en Damasco<\/strong>\u00ab. <\/p>\n<p>              <img decoding=\"async\" class=\"inTextNews__img\" alt=\"Foto: masacre-civiles-hts-latakia-al-asad-siria-guerra-civil\" src=\"https:\/\/www.europesays.com\/es\/wp-content\/uploads\/2025\/12\/f.elconfidencial.com\/original\/8d9\/194\/b4b\/8d9194b4b7c41eba39aa4fe338bf81c3.jpg\"  \/>     <\/p>\n<p>TE PUEDE INTERESAR<\/p>\n<p>      <a class=\"inTextNews__title\" href=\"https:\/\/www.elconfidencial.com\/mundo\/2025-03-08\/masacre-civiles-hts-latakia-al-asad-siria-guerra-civil_4081876\/\" onclick=\"window.ECCO.emit(&#039;amplitude&#039;, { dataEventName: &#039;click_related_article_module&#039;, data: { related_article_url: &#039;https:\/\/www.elconfidencial.com\/mundo\/2025-03-08\/masacre-civiles-hts-latakia-al-asad-siria-guerra-civil_4081876\/&#039;, related_article_author: &#039;Borja Fern\u00e1ndez&#039;, related_article_section: &#039;mundo&#039; } })\" rel=\"nofollow noopener\" target=\"_blank\"> Ascienden a mil las personas masacradas por el nuevo gobierno sirio en el basti\u00f3n de Al Asad, seg\u00fan una ONG <\/a>   <\/p>\n<p>    EFE   <\/p>\n<p> Seg\u00fan Hafez, <strong>el funcionario ruso le hab\u00eda dicho a Bashar al Asad que el expresidente podr\u00eda supervisar el mando de las batallas<\/strong> entre las fuerzas del r\u00e9gimen y los rebeldes desde <a href=\"https:\/\/www.elconfidencial.com\/mundo\/2025-03-08\/masacre-civiles-hts-latakia-al-asad-siria-guerra-civil_4081876\/\" target=\"_self\" rel=\"nofollow noopener\">Latakia,<\/a> una regi\u00f3n costera y basti\u00f3n de Assad donde <strong>Rusia<\/strong> ten\u00eda fuerzas estacionadas en la base a\u00e9rea de Hmeimim. Hafez afirm\u00f3 que fue \u00e9l quien se puso en contacto con sus primos en varias ocasiones para informarles de que se les hab\u00eda pedido que abandonaran Damasco. <\/p>\n<p> No se supo nada m\u00e1s hasta septiembre, cuando los blogueros de guerra que cuentan la invasi\u00f3n rusa a Ucrania informaron de que <strong>Asad hab\u00eda sido envenenado en Mosc\u00fa y hab\u00eda sido hospitalizado de urgencias<\/strong>. Al expresidente le dieron el alta a los nueve d\u00edas, y poco despu\u00e9s lleg\u00f3 el art\u00edculo: en octubre, el semanal alem\u00e1n <strong>Die Zeit<\/strong> se adentr\u00f3 en el <strong>rascacielos Moskva City<\/strong> en el que los Asad tienen <strong>20 apartamentos de lujo<\/strong>. <\/p>\n<p>              <img decoding=\"async\" class=\"inTextNews__img\" alt=\"Foto: entregara-rusia-al-asad-vuelta-siria-bases-mediterraneo\" src=\"https:\/\/www.europesays.com\/es\/wp-content\/uploads\/2025\/12\/f.elconfidencial.com\/original\/c2a\/84f\/6dc\/c2a84f6dcb861e328710a4462d6ba198.jpg\"  \/>     <\/p>\n<p>TE PUEDE INTERESAR<\/p>\n<p>      <a class=\"inTextNews__title\" href=\"https:\/\/www.elconfidencial.com\/mundo\/2025-01-30\/entregara-rusia-al-asad-vuelta-siria-bases-mediterraneo_4054005\/\" onclick=\"window.ECCO.emit(&#039;amplitude&#039;, { dataEventName: &#039;click_related_article_module&#039;, data: { related_article_url: &#039;https:\/\/www.elconfidencial.com\/mundo\/2025-01-30\/entregara-rusia-al-asad-vuelta-siria-bases-mediterraneo_4054005\/&#039;, related_article_author: &#039;Alba Sanz&#039;, related_article_section: &#039;mundo&#039; } })\" rel=\"nofollow noopener\" target=\"_blank\"> \u00bfEntregar\u00e1 Rusia a Al Asad de vuelta a Siria para recuperar sus bases en el Mediterr\u00e1neo? <\/a>   <\/p>\n<p>    A. Sanz   <\/p>\n<p> \u00abLos apartamentos est\u00e1n lujosamente decorados, con armarios de color crema con ribetes dorados, l\u00e1mparas de ara\u00f1a de cristal y amplios sof\u00e1s que recuerdan a los <strong>palacios de Oriente Medio<\/strong>. Las cocinas cuentan con <strong>electrodom\u00e9sticos de fabricaci\u00f3n alemana<\/strong> y las habitaciones tienen grandes televisores y <strong>ventanas de suelo a techo<\/strong> con vistas panor\u00e1micas del <strong>horizonte de Mosc\u00fa<\/strong> y del <strong>r\u00edo Moscova<\/strong>\u00ab, dec\u00eda Die Zeit. Y a\u00f1ad\u00eda: \u00abLo m\u00e1s destacado es el cuarto de ba\u00f1o, totalmente revestido de <strong>m\u00e1rmol de Carrara<\/strong>, con una enorme <strong>ba\u00f1era climatizada<\/strong> frente a una ventana de cuatro metros de altura. Un avi\u00f3n pasa a la altura de los ojos\u00bb. Fuera de la ciudad, se sabe que los Asad tienen una dacha, una casa de campo tradicional rusa. <\/p>\n<p> Die Zeit habl\u00f3 entonces con K., una fuente que afirm\u00f3 haber ostentado un <strong>alto cargo en las filas del ej\u00e9rcito sirio<\/strong>, y que dijo: \u00ab\u00c9l y su familia <strong>pueden moverse libremente por Mosc\u00fa<\/strong>. Contratan guardaespaldas privados pagados por el <strong>Gobierno ruso<\/strong>. Bashar vive en <strong>tres apartamentos dentro de una torre<\/strong> que tiene un <strong>centro comercial en la planta baja<\/strong>, y a veces visita las tiendas que hay all\u00ed\u00bb. Adem\u00e1s, <strong>la familia est\u00e1 vigilada las 24 horas<\/strong> del d\u00eda por una <strong>empresa de seguridad especial<\/strong> de guardaespaldas <a href=\"https:\/\/www.elconfidencial.com\/tags\/personajes\/vladimir-putin-8393\/\" target=\"_self\" rel=\"nofollow noopener\">asignada por el Gobierno ruso<\/a> que acompa\u00f1a al <strong>exmandatario<\/strong> incluso al centro comercial que hay en la parte inferior de la torre en la que vive. La misma fuente a\u00f1adi\u00f3 que Asad <strong>ha aceptado no participar en pol\u00edtica<\/strong> desde el <strong>exilio<\/strong> y que, desde que <strong>escap\u00f3 de Siria<\/strong>, pasa \u00abmuchas horas\u00bb jugando a videojuegos en l\u00ednea. <\/p>\n<p>              <img decoding=\"async\" class=\"inTextNews__img\" alt=\"Foto: empieza-batalla-damasco\" src=\"https:\/\/www.europesays.com\/es\/wp-content\/uploads\/2025\/12\/f.elconfidencial.com\/original\/fd5\/0ad\/b52\/fd50adb5265a844650935383bb42b043.jpg\"  \/>     <\/p>\n<p>TE PUEDE INTERESAR<\/p>\n<p>      <a class=\"inTextNews__title\" href=\"https:\/\/www.elconfidencial.com\/mundo\/2024-12-08\/empieza-batalla-damasco_4019231\/\" onclick=\"window.ECCO.emit(&#039;amplitude&#039;, { dataEventName: &#039;click_related_article_module&#039;, data: { related_article_url: &#039;https:\/\/www.elconfidencial.com\/mundo\/2024-12-08\/empieza-batalla-damasco_4019231\/&#039;, related_article_author: &#039;Colaboradores Mundo&#039;, related_article_section: &#039;mundo&#039; } })\" rel=\"nofollow noopener\" target=\"_blank\"> Los rebeldes toman Damasco y anuncian la huida de Al Asad: \u00abOs espera una Siria libre\u00bb <\/a>   <\/p>\n<p>    Miguel Flores. Beirut   <\/p>\n<p> K. dijo de la esposa de Asad que <strong>est\u00e1 en estado cr\u00edtico<\/strong>, y del hermano del expresidente \u2014<strong>Maher<\/strong>, famoso comandante de la <strong>Cuarta Divisi\u00f3n de \u00e9lite<\/strong> y <strong>exjefe de la Guardia Republicana<\/strong>\u2014que se aloja en el <a href=\"https:\/\/www.elconfidencial.com\/mundo\/2024-12-22\/un-ultimo-favor-de-asad-a-putin-antes-de-empezar-su-nueva-vida-en-rusia_4028695\/\" target=\"_self\" rel=\"nofollow noopener\">Four Seasons de Mosc\u00fa<\/a>, donde una noche cuesta mil d\u00f3lares, y donde \u00ab<strong>pasa el tiempo bebiendo y fumando cachimba<\/strong>\u00ab. <\/p>\n<p> Poco despu\u00e9s de la publicaci\u00f3n de Die Zeit, en Mosc\u00fa se vivi\u00f3 una escena que debi\u00f3 haber atormentado a Asad. El 15 de octubre aterriz\u00f3 en la capital rusa el propio <strong>Ahmed al Sharaa<\/strong>, determinado a <strong>mantener las relaciones con el Kremlin<\/strong> pese a que fuera <strong>Vlad\u00edmir Putin<\/strong> el <strong>mayor aliado de su enemigo<\/strong> durante los <strong>14 a\u00f1os de guerra<\/strong>. Sharaa sugiri\u00f3 que seguir\u00eda permitiendo a Rusia el acceso a sus bases militares en Siria y plante\u00f3 formalmente la cuesti\u00f3n de extraditar a Asad para ser juzgado. Seg\u00fan medios rusos, el Kremlin evit\u00f3 responder, y m\u00e1s tarde<a href=\"https:\/\/www.elconfidencial.com\/mundo\/2025-11-14\/lavrov-defenestrado-putin_4246875\/\" target=\"_self\" rel=\"nofollow noopener\"> el ministro de Asuntos Exteriores, Sergei Lavrov,<\/a> declar\u00f3 a los periodistas que Rusia hab\u00eda concedido asilo a Assad porque \u00e9l y su familia \u00abcorr\u00edan el riesgo de ser eliminados f\u00edsicamente\u00bb. <\/p>\n<p> Desde entonces, <strong>Al Sharaa<\/strong> ha insistido. El 10 de noviembre, el <strong>nuevo presidente sirio<\/strong> afirm\u00f3 en una entrevista concedida a <strong>Fox News<\/strong> que las <strong>negociaciones con Rusia<\/strong> inclu\u00edan la entrega de Asad y subray\u00f3 que \u00ab<strong>la justicia debe prevalecer<\/strong>\u00ab. Hizo el mismo recordatorio en otra entrevista el mes pasado con The Washington Post, en la que defendi\u00f3 el <strong>derecho de Siria<\/strong> a exigir un juicio. <\/p>\n<p>            Contrainsurgencia desde Mosc\u00fa           <\/p>\n<p> En su entrevista con Fox, el l\u00edder sirio subray\u00f3 que, adem\u00e1s de a Asad, Siria busca<a href=\"https:\/\/www.elconfidencial.com\/mundo\/2024-12-14\/actualizacion-frente-siria-turquia-mapa-ofensiva-norte-sur_4022418\/\" target=\"_self\" rel=\"nofollow noopener\"> recuperar a \u00abotras personas buscadas\u00bb por la justicia<\/a>. Gracias a una reciente <strong>investigaci\u00f3n de Reuters<\/strong>, hoy podemos ponerles cara a algunas de ellas. <\/p>\n<p> La <strong>agencia brit\u00e1nica<\/strong> ha revelado este 5 de diciembre que <strong>antiguos partidarios de Asad<\/strong> est\u00e1n <strong>canalizando millones de d\u00f3lares a decenas de miles de posibles combatientes<\/strong> con el fin de iniciar levantamientos contra el <strong>nuevo gobierno del pa\u00eds<\/strong>. El complot, descubierto a trav\u00e9s de entrevistas con 48 personas y documentos financieros, estar\u00eda liderado por <strong>Kamal Hassan<\/strong>, antiguo jefe de <strong>inteligencia militar de Bashar<\/strong>, y el primo multimillonario del <strong>exdirigente<\/strong>, <strong>Rami Makhlouf<\/strong>. Seg\u00fan <strong>Reuters<\/strong>, estas dos figuras est\u00e1n <strong>financiando desde Mosc\u00fa a m\u00e1s de 65.000 combatientes<\/strong> \u2014<strong>la mayor\u00eda alauitas<\/strong>\u2014 con la esperanza de <strong>ganarse su lealtad<\/strong>. <\/p>\n<p> \u00abTened paciencia, pueblo m\u00edo, y no entregu\u00e9is las armas. Yo soy quien <strong>restaurar\u00e1 vuestra dignidad<\/strong>\u00ab, dice <strong>Hassan<\/strong> en un mensaje de WhatsApp revisado por Reuters. <strong>Makhlouf<\/strong>, que en su d\u00eda utiliz\u00f3 su imperio empresarial para financiar la dictadura antes de enemistarse con sus parientes m\u00e1s poderosos y pasar a\u00f1os bajo arresto domiciliario, ahora se presenta en sus conversaciones como una figura mesi\u00e1nica que <a href=\"https:\/\/www.elconfidencial.com\/mundo\/2024-12-14\/actualizacion-frente-siria-turquia-mapa-ofensiva-norte-sur_4022418\/\" target=\"_self\" rel=\"nofollow noopener\">volver\u00e1 al poder tras librar una batalla final apocal\u00edptica<\/a>, seg\u00fan la investigaci\u00f3n. <\/p>\n<p> El premio para ambos hombres es el <strong>control de una red de 14 salas de mando subterr\u00e1neas<\/strong> construidas alrededor de la <strong>costa siria<\/strong> hacia el final del <strong>r\u00e9gimen de Asad<\/strong>, junto con alijos de armas. Las fotos vistas por la <strong>agencia de noticias brit\u00e1nica<\/strong> muestran salas repletas de <strong>rifles de asalto<\/strong>, <strong>municiones<\/strong>, <strong>granadas<\/strong>, <strong>ordenadores y equipos de comunicaci\u00f3n<\/strong>. <\/p>\n<p>              <img decoding=\"async\" class=\"inTextNews__img\" alt=\"Foto: asma-al-assad-siria-cancer-familia\" src=\"https:\/\/www.europesays.com\/es\/wp-content\/uploads\/2025\/12\/f.elconfidencial.com\/original\/d89\/853\/dcb\/d89853dcb8d21aeecdf6f7a2da3bbcf8.jpg\"  \/>     <\/p>\n<p>TE PUEDE INTERESAR<\/p>\n<p>      <a class=\"inTextNews__title\" href=\"https:\/\/www.elconfidencial.com\/mundo\/2024-12-09\/asma-al-assad-siria-cancer-familia_4019648\/\" onclick=\"window.ECCO.emit(&#039;amplitude&#039;, { dataEventName: &#039;click_related_article_module&#039;, data: { related_article_url: &#039;https:\/\/www.elconfidencial.com\/mundo\/2024-12-09\/asma-al-assad-siria-cancer-familia_4019648\/&#039;, related_article_author: &#039;Silvia L\u00f3pez&#039;, related_article_section: &#039;mundo&#039; } })\" rel=\"nofollow noopener\" target=\"_blank\"> Qui\u00e9n es Asma al Asad, la esposa del exdirigente de Siria: estudios, familia y qu\u00e9 enfermedad padece <\/a>   <\/p>\n<p>    Silvia L\u00f3pez   <\/p>\n<p> Hassan afirma <strong>controlar a 12.000 combatientes<\/strong> y ha gastado <strong>1,5 millones de d\u00f3lares<\/strong> desde marzo, mientras que Makhlouf afirma tener al menos <strong>54.000 combatientes<\/strong> y ha gastado al menos <strong>seis millones de d\u00f3lares en salarios<\/strong>, seg\u00fan <strong>documentos internos y registros financieros<\/strong>. Sin embargo, los comandantes sobre el terreno afirman que a los combatientes se les paga una miseria \u2014entre 20 y 30 d\u00f3lares al mes\u2014 y que est\u00e1n recibiendo dinero de ambos bandos. A pesar de la conspiraci\u00f3n, las perspectivas de que la revuelta tenga \u00e9xito parecen escasas. Los dos exiliados est\u00e1n en virulento desacuerdo entre s\u00ed, las bases alau\u00edes no parecen confiar en el proyecto y, no menos importante:<a href=\"https:\/\/www.elconfidencial.com\/mundo\/2025-01-30\/entregara-rusia-al-asad-vuelta-siria-bases-mediterraneo_4054005\/\" target=\"_self\" rel=\"nofollow noopener\"> su plan no cuenta con el apoyo de Rusia,<\/a> que s\u00ed parece dispuesta a negociar con Al Sharaa para mantener su influencia en la nueva Siria. <\/p>\n","protected":false},"excerpt":{"rendered":"No se sabe si es el Minecraft o el League of Legends, pero la \u00fanica huella que Bashar&hellip;\n","protected":false},"author":2,"featured_media":277039,"comment_status":"","ping_status":"","sticky":false,"template":"","format":"standard","meta":{"footnotes":""},"categories":[42],"tags":[17,18,13,14,11,61,62,63,64,19,20,9,10,15,16,12,21,22,65,66,67],"class_list":{"0":"post-277038","1":"post","2":"type-post","3":"status-publish","4":"format-standard","5":"has-post-thumbnail","7":"category-internacional","8":"tag-breaking-news","9":"tag-breakingnews","10":"tag-featured-news","11":"tag-featurednews","12":"tag-headlines","13":"tag-internacional","14":"tag-international","15":"tag-international-news","16":"tag-internationalnews","17":"tag-latest-news","18":"tag-latestnews","19":"tag-news","20":"tag-noticias","21":"tag-noticias-destacadas","22":"tag-noticiasdestacadas","23":"tag-titulares","24":"tag-ultimas-noticias","25":"tag-ultimasnoticias","26":"tag-world","27":"tag-world-news","28":"tag-worldnews"},"share_on_mastodon":{"url":"https:\/\/pubeurope.com\/@es\/115682044340300726","error":""},"_links":{"self":[{"href":"https:\/\/www.europesays.com\/es\/wp-json\/wp\/v2\/posts\/277038","targetHints":{"allow":["GET"]}}],"collection":[{"href":"https:\/\/www.europesays.com\/es\/wp-json\/wp\/v2\/posts"}],"about":[{"href":"https:\/\/www.europesays.com\/es\/wp-json\/wp\/v2\/types\/post"}],"author":[{"embeddable":true,"href":"https:\/\/www.europesays.com\/es\/wp-json\/wp\/v2\/users\/2"}],"replies":[{"embeddable":true,"href":"https:\/\/www.europesays.com\/es\/wp-json\/wp\/v2\/comments?post=277038"}],"version-history":[{"count":0,"href":"https:\/\/www.europesays.com\/es\/wp-json\/wp\/v2\/posts\/277038\/revisions"}],"wp:featuredmedia":[{"embeddable":true,"href":"https:\/\/www.europesays.com\/es\/wp-json\/wp\/v2\/media\/277039"}],"wp:attachment":[{"href":"https:\/\/www.europesays.com\/es\/wp-json\/wp\/v2\/media?parent=277038"}],"wp:term":[{"taxonomy":"category","embeddable":true,"href":"https:\/\/www.europesays.com\/es\/wp-json\/wp\/v2\/categories?post=277038"},{"taxonomy":"post_tag","embeddable":true,"href":"https:\/\/www.europesays.com\/es\/wp-json\/wp\/v2\/tags?post=277038"}],"curies":[{"name":"wp","href":"https:\/\/api.w.org\/{rel}","templated":true}]}}