{"id":277042,"date":"2025-12-08T04:25:32","date_gmt":"2025-12-08T04:25:32","guid":{"rendered":"https:\/\/www.europesays.com\/es\/277042\/"},"modified":"2025-12-08T04:25:32","modified_gmt":"2025-12-08T04:25:32","slug":"sanidad-ultima-una-ley-que-limitara-la-gestion-privada-en-los-hospitales-publicos","status":"publish","type":"post","link":"https:\/\/www.europesays.com\/es\/277042\/","title":{"rendered":"Sanidad ultima una ley que limitar\u00e1 la gesti\u00f3n privada en los hospitales p\u00fablicos"},"content":{"rendered":"<p class=\"article-text\">\n        La ministra de Sanidad, M\u00f3nica Garc\u00eda, ha se\u00f1alado que el Gobierno ultima la nueva Ley de Gesti\u00f3n P\u00fablica y de Integridad del Sistema Nacional de Salud, que limitar\u00e1 la colaboraci\u00f3n p\u00fablico privada, para aprobarla a principios del 2026 y ha recalcado que esta norma \u201cblindar\u00e1\u201d la sanidad p\u00fablica frente a los fondos de inversi\u00f3n.\n    <\/p>\n<p class=\"article-text\">\n        En una entrevista con <a href=\"https:\/\/elpais.com\/sociedad\/2025-12-07\/monica-garcia-con-la-nueva-ley-no-se-permitira-el-modelo-de-torrejon.html\" data-mrf-recirculation=\"links-noticia\" class=\"link\" target=\"_blank\" rel=\"nofollow noopener\">El Pa\u00eds<\/a> tras el esc\u00e1ndalo en el hospital p\u00fablico de Torrej\u00f3n de Ardoz (Madrid), gestionado por la empresa privada grupo Ribera Salud, la ministra de Sanidad ha se\u00f1alado que la nueva ley \u201cva a derogar la ley del 97\u201d -sobre habilitaci\u00f3n de nuevas formas de gesti\u00f3n del Sistema Nacional de Salud- y limitar\u00e1 dicha colaboraci\u00f3n.\n    <\/p>\n<p class=\"article-text\">\n        \u201cEl problema es que se ha pervertido esta colaboraci\u00f3n p\u00fablico-privada, en una par\u00e1sita p\u00fablico-privada\u201d, ha incidido tras insistir en que la nueva ley \u201ces mucho m\u00e1s amplia\u201d y \u201cpone coto al \u00e1nimo de lucro\u201d con unas normas claras.\n    <\/p>\n<p class=\"article-text\">\n        \u201cSobre todo blinda y protege nuestra sanidad p\u00fablica frente a los fondos de inversi\u00f3n, frente al \u00e1nimo de lucro y frente a esta depredaci\u00f3n constante que tenemos de nuestra sanidad. O sea, no proh\u00edbe que haya una colaboraci\u00f3n p\u00fablico-privada, pero limita que lo puedas hacer con empresas con \u00e1nimo de lucro\u201d, ha explicado.\n    <\/p>\n<p class=\"article-text\">\n        M\u00f3nica Garc\u00eda conf\u00eda en que la ley est\u00e9 aprobada en esta Legislatura y ha puntualizado que \u201cestamos ya ultimando y la vamos a llevar al Consejo de Ministros a principios del a\u00f1o que viene\u201d.\n    <\/p>\n<p class=\"article-text\">\n        Por otra parte, ha recordado que el Ministerio de Sanidad tambi\u00e9n trabaja en un real decreto de listas de espera que dar\u00e1 trazabilidad al proceso que inicia un paciente desde que va a su m\u00e9dico de atenci\u00f3n primaria hasta que pasa al especialista, se le hacen pruebas y termina en una operaci\u00f3n, ya que \u201cahora mismo las listas de espera son cajas negras y en el caso de la quir\u00fargica es una caja negra que pasa antes por un servicio de admisi\u00f3n que no es directo desde el cirujano hasta la lista de espera\u201d.\n    <\/p>\n<p class=\"article-text\">\n        En este sentido ha acusado a la Consejer\u00eda de Sanidad de Madrid de \u201cmaquillar\u201d los datos sobre listas de espera quir\u00fargica que son publicados cada seis meses por el Ministerio de Sanidad y donde la comunidad madrile\u00f1a no aparece como de las m\u00e1s elevadas.\n    <\/p>\n<p class=\"article-text\">\n        \u201cNosotros sabemos que la lista de espera quir\u00fargica puede ser maquillada\u201d, ha dicho Garc\u00eda, al tiempo que ha reiterado que en el caso de Torrej\u00f3n, tanto el Ministerio como el grupo pol\u00edtico M\u00e1s Madrid acudir\u00e1n a la Fiscal\u00eda por un delito de lesiones contra los pacientes.\n    <\/p>\n<p class=\"article-text\">\n        Adem\u00e1s el Ministerio mandar\u00e1 a la alta Inspecci\u00f3n para que haga una investigaci\u00f3n en el hospital y ha lamentado que este tipo de pr\u00e1cticas que priorizan el beneficio frente al paciente se est\u00e9n produciendo \u201ctambi\u00e9n\u201d en el grupo Quir\u00f3n, \u201cfavorecido\u201d por la presidenta de la comunidad de Madrid, Isabel D\u00edaz Ayuso.\n    <\/p>\n<p class=\"article-text\">\n        \u201cTorrej\u00f3n es un aprendiz de Quir\u00f3n. Lo que hemos escuchado en Torrej\u00f3n es lo que lleva ocurriendo en Quir\u00f3n desde hace muchos a\u00f1os: un complejo sistema por el cual los pacientes de la sanidad p\u00fablica acaban en hospitales privados pagados aparte por una serie de elementos como la libre elecci\u00f3n, la lista de espera y c\u00f3mo no, la connivencia de la Consejer\u00eda de Sanidad\u201d, ha indicado.\n    <\/p>\n<p>    <a href=\"https:\/\/www.eldiario.es\/madrid\/escandalo-ribera-salud-negocios-pareja-ayuso-extienden-sospechas-sanidad-madrid_1_12823565.html\" data-mrf-recirculation=\"saber-mas-abajo\" data-dl-event=\"saber-mas-abajo\" rel=\"nofollow noopener\" target=\"_blank\"><\/p>\n<p class=\"know-more__title\">El esc\u00e1ndalo de Ribera Salud y los negocios de la pareja de Ayuso extienden las sospechas sobre la sanidad en Madrid\n<\/p>\n<p>            <img decoding=\"async\" class=\"lazy\" loading=\"lazy\" data-src=\"https:\/\/static.eldiario.es\/clip\/3ea0e668-935d-4523-878d-707a48989d78_16-9-aspect-ratio_default_0_x1312y274.jpg\" src=\"data:image\/svg+xml,%3Csvg xmlns=\" http:=\"\" viewbox=\"0 0 880 495\" alt=\"El esc\u00e1ndalo de Ribera Salud y los negocios de la pareja de Ayuso extienden las sospechas sobre la sanidad en Madrid\"\/><\/p>\n<p>                        <\/a><\/p>\n<p class=\"article-text\">\n        Garc\u00eda ha recordado que \u201cdesde que est\u00e1 la se\u00f1ora Ayuso\u201d al frente de Madrid, en los \u00faltimos a\u00f1os 5.000 millones de euros han ido a parar al grupo Quir\u00f3n.\n    <\/p>\n","protected":false},"excerpt":{"rendered":"La ministra de Sanidad, M\u00f3nica Garc\u00eda, ha se\u00f1alado que el Gobierno ultima la nueva Ley de Gesti\u00f3n P\u00fablica&hellip;\n","protected":false},"author":2,"featured_media":277043,"comment_status":"","ping_status":"","sticky":false,"template":"","format":"standard","meta":{"footnotes":""},"categories":[5],"tags":[17,18,25,24,13,14,5064,11,6138,19,20,1464,26518,9,10,15,16,36695,5539,1811,23,12,1885,21,22],"class_list":{"0":"post-277042","1":"post","2":"type-post","3":"status-publish","4":"format-standard","5":"has-post-thumbnail","7":"category-titulares","8":"tag-breaking-news","9":"tag-breakingnews","10":"tag-es","11":"tag-espana","12":"tag-featured-news","13":"tag-featurednews","14":"tag-gestion","15":"tag-headlines","16":"tag-hospitales","17":"tag-latest-news","18":"tag-latestnews","19":"tag-ley","20":"tag-limitara","21":"tag-news","22":"tag-noticias","23":"tag-noticias-destacadas","24":"tag-noticiasdestacadas","25":"tag-privada","26":"tag-publicos","27":"tag-sanidad","28":"tag-spain","29":"tag-titulares","30":"tag-ultima","31":"tag-ultimas-noticias","32":"tag-ultimasnoticias"},"share_on_mastodon":{"url":"https:\/\/pubeurope.com\/@es\/115682051584182417","error":""},"_links":{"self":[{"href":"https:\/\/www.europesays.com\/es\/wp-json\/wp\/v2\/posts\/277042","targetHints":{"allow":["GET"]}}],"collection":[{"href":"https:\/\/www.europesays.com\/es\/wp-json\/wp\/v2\/posts"}],"about":[{"href":"https:\/\/www.europesays.com\/es\/wp-json\/wp\/v2\/types\/post"}],"author":[{"embeddable":true,"href":"https:\/\/www.europesays.com\/es\/wp-json\/wp\/v2\/users\/2"}],"replies":[{"embeddable":true,"href":"https:\/\/www.europesays.com\/es\/wp-json\/wp\/v2\/comments?post=277042"}],"version-history":[{"count":0,"href":"https:\/\/www.europesays.com\/es\/wp-json\/wp\/v2\/posts\/277042\/revisions"}],"wp:featuredmedia":[{"embeddable":true,"href":"https:\/\/www.europesays.com\/es\/wp-json\/wp\/v2\/media\/277043"}],"wp:attachment":[{"href":"https:\/\/www.europesays.com\/es\/wp-json\/wp\/v2\/media?parent=277042"}],"wp:term":[{"taxonomy":"category","embeddable":true,"href":"https:\/\/www.europesays.com\/es\/wp-json\/wp\/v2\/categories?post=277042"},{"taxonomy":"post_tag","embeddable":true,"href":"https:\/\/www.europesays.com\/es\/wp-json\/wp\/v2\/tags?post=277042"}],"curies":[{"name":"wp","href":"https:\/\/api.w.org\/{rel}","templated":true}]}}